{"id":20565,"date":"2010-03-17T13:16:39","date_gmt":"2010-03-17T11:16:39","guid":{"rendered":"http:\/\/www.korhanyilmaz.com\/?p=20565"},"modified":"2010-03-17T13:16:39","modified_gmt":"2010-03-17T11:16:39","slug":"cumhuriyet-tarihinin-en-buyuk-kadrolasmasi-kapida","status":"publish","type":"post","link":"http:\/\/www.korhanyilmaz.com\/?p=20565","title":{"rendered":"Cumhuriyet Tarihinin En B\u00fcy\u00fck Kadrola\u015fmas\u0131 Kap\u0131da"},"content":{"rendered":"<p style=\"text-align: justify;\"><a href=\"http:\/\/www.korhanyilmaz.com\/wp-content\/uploads\/2010\/03\/kadro.jpg\"  class=\"lightview\"><img loading=\"lazy\" decoding=\"async\" class=\"aligncenter size-full wp-image-20566\" title=\"kadro\" src=\"http:\/\/www.korhanyilmaz.com\/wp-content\/uploads\/2010\/03\/kadro.jpg\" alt=\"\" width=\"372\" height=\"176\" \/><\/a><\/p>\n<p style=\"text-align: justify;\">AKP a\u011flar\u0131n\u0131 h\u0131zla \u00f6r\u00fcyor.<\/p>\n<p style=\"text-align: justify;\">G\u00f6r\u00fcnen ve g\u00f6r\u00fcnmeyen bi\u00e7imiyle T\u00fcrkiye m\u00fcthi\u015f bir \u201c<strong>d\u00f6n\u00fc\u015f\u00fcm<\/strong>\u201d i\u00e7inde.<\/p>\n<p style=\"text-align: justify;\">G\u00f6r\u00fcnenler, zaten herkesin g\u00f6z\u00fc \u00f6n\u00fcnde \u201c<span style=\"color: #000000;\"><strong>cereyan<\/strong><\/span>\u201d ediyor.<\/p>\n<p style=\"text-align: justify;\">G\u00f6r\u00fcnmeyenler ise ans\u0131z\u0131n kar\u015f\u0131m\u0131za \u00e7\u0131kacak gibi&#8230;<!--more--><\/p>\n<p style=\"text-align: justify;\">Sa\u011fl\u0131k konusunda bir rahatlama, kolayl\u0131klar sa\u011flad\u0131\u011f\u0131 d\u00fc\u015f\u00fcn\u00fclen AKP h\u00fck\u00fcmetinin \u015fu anda Meclis komisyonlar\u0131nda g\u00f6r\u00fc\u015f\u00fclen \u201c<strong>Kamu Hastane Birlikleri Pilot Uygulamas\u0131 Hakk\u0131nda Kanun Tasar\u0131s\u0131<\/strong>\u201d, t\u00fcm devlet hastanelerinde y\u00f6netimin h\u00fck\u00fcmetin denetimine ge\u00e7mesine olanak sa\u011fl\u0131yor.<\/p>\n<p style=\"text-align: justify;\">Yasa, illerde t\u00fcm devlet hastanelerini kapsayacak \u015fekilde bir birlik kurulmas\u0131n\u0131 \u00f6ng\u00f6r\u00fcyor. \u0130stanbul, Ankara gibi b\u00fcy\u00fck illerde birden fazla \u201c<strong>birlik<\/strong>\u201d de olu\u015fturulabilecek.<\/p>\n<p style=\"text-align: justify;\">Bu birlikler sayesinde, devlet hastanesinde g\u00f6rev yapan y\u00f6neticilerin i\u015fine son verilecek ve birlikler y\u00f6netimi devralacak. Bu birli\u011fe atamalar da bakanl\u0131k ve valilik il \u00f6zel idareleri taraf\u0131ndan yap\u0131lacak. Birlikte g\u00f6rev yapacaklar \u201c<strong>s\u00f6zle\u015fmeli personel<\/strong>\u201d olacak.<\/p>\n<p style=\"text-align: justify;\"><strong>Ama\u00e7, sa\u011fl\u0131k sekt\u00f6r\u00fcnde \u00f6zerklik ad\u0131 alt\u0131nda kadrola\u015fma ve \u00f6zelle\u015ftirme sa\u011flanmas\u0131.<\/strong><\/p>\n<p style=\"text-align: justify;\">Tasar\u0131n\u0131n yasala\u015fmas\u0131 halinde, Sa\u011fl\u0131k Bakanl\u0131\u011f\u0131\u2019na ba\u011fl\u0131 hastanelerde g\u00f6rev yapan yakla\u015f\u0131k 400 ba\u015fhekim, bin 200 ba\u015fhekim yard\u0131mc\u0131s\u0131n\u0131n g\u00f6revine son verilecek ve yerine s\u00f6zle\u015fmeli stat\u00fcde valili\u011fin veya bakanl\u0131\u011f\u0131n atad\u0131\u011f\u0131 yeni personeller atanacak.<\/p>\n<p style=\"text-align: justify;\">Yine, tasar\u0131n\u0131n yasala\u015fmas\u0131 halinde toplam 6 bin 800 yeni s\u00f6zle\u015fmeli kadro ihdas edilecek ve h\u00fck\u00fcmet taraf\u0131ndan atamalar\u0131 yap\u0131lacak.<\/p>\n<p style=\"text-align: justify;\"><strong>B\u00f6ylelikle de; tek seferde Cumhuriyet tarihinin en b\u00fcy\u00fck kadrola\u015fmas\u0131 ger\u00e7ekle\u015fmi\u015f olacak. <\/strong><\/p>\n<p style=\"text-align: justify;\"><strong>Maddeler halinde s\u0131ralarsak: <\/strong><\/p>\n<p style=\"text-align: justify;\"><strong>1.<\/strong>Tasar\u0131 yasala\u015f\u0131r ise, birli\u011fe d\u00f6n\u00fc\u015ft\u00fcr\u00fclen hastanelerdeki ba\u015fta ba\u015fhekimler ve yard\u0131mc\u0131lar\u0131 olmak \u00fczere mevcut y\u00f6neticilerin t\u00fcm\u00fcn\u00fcn g\u00f6revine son verilecek ve bunlar\u0131n yerine h\u00fck\u00fcmet taraf\u0131ndan \u00f6zel s\u00f6zle\u015fmeli stat\u00fcs\u00fc ile yenileri yerle\u015ftirilecektir. Bu y\u00f6neticilerin tamam\u0131 bakanl\u0131k ve valilik il \u00f6zel idareleri taraf\u0131ndan se\u00e7ilip atanacak.<\/p>\n<p style=\"text-align: justify;\"><strong>2.<\/strong>Sa\u011fl\u0131k Bakanl\u0131\u011f\u0131\u2019na ba\u011fl\u0131 hastaneler, hastane birlikleri haline getirilerek, bakanl\u0131k kurulu\u015fu stat\u00fcs\u00fcnden \u00e7\u0131kar\u0131l\u0131p bakanl\u0131kla ilgili kurulu\u015f stat\u00fcs\u00fcne ge\u00e7irilecek.<\/p>\n<p style=\"text-align: justify;\"><strong>3.<\/strong>Sa\u011fl\u0131k Bakanl\u0131\u011f\u0131\u2019na ba\u011fl\u0131 hastanelerin m\u00fclkiyeti kurulan birliklerin m\u00fclkiyetine aktar\u0131lacak ve bu birliklerin y\u00f6netim kuruluna, bu m\u00fclkiyet \u00fczerinde sat\u0131\u015f ve kiralama da dahil her t\u00fcrl\u00fc tasarruf yetkisi verilecek.<\/p>\n<p style=\"text-align: justify;\"><strong>4.<\/strong>Kamu hastaneleri i\u015fletmeye d\u00f6n\u00fc\u015ft\u00fcr\u00fclerek, kendi satt\u0131\u011f\u0131 hizmetlerin gelirleri ile ayakta duracak bir K\u0130T\/K\u0130K haline getirilecek. Hekim ve sa\u011fl\u0131k \u00e7al\u0131\u015fanlar\u0131n\u0131n \u00fccretleri d\u00f6ner sermayeden kar\u015f\u0131lanacak, d\u00f6ner sermaye gelirleri yeterli olmayan i\u015fletmeler ayakta duramayacak ve kapat\u0131lacak.<\/p>\n<p style=\"text-align: justify;\"><strong>5<\/strong>.Hastaneler puanlanacak k\u00e2rl\u0131\/verimli olanlar birli\u011fe d\u00f6n\u00fc\u015ft\u00fcr\u00fclecek, verimlili\u011fini kaybeden birlikler kapat\u0131lacak.<\/p>\n<p style=\"text-align: justify;\"><strong>6.<\/strong>Sa\u011fl\u0131k hizmetlerinin bir kamu hizmeti olma niteli\u011fi ortadan kald\u0131r\u0131lacak sa\u011fl\u0131k hizmetlerinin niteli\u011fi \u201c<strong>kamu mal\u0131<\/strong>\u201dndan \u201c<strong>piyasa mal\u0131<\/strong>\u201d \u015fekline d\u00f6n\u00fc\u015ft\u00fcr\u00fclecek yani metala\u015ft\u0131r\u0131lacak. Kamu finansman\u0131 d\u0131\u015f\u0131na \u00e7\u0131kar\u0131lacak her t\u00fcrl\u00fc devlet finansman\u0131 yok edilecek.<\/p>\n<p style=\"text-align: justify;\"><span style=\"color: #993300;\"><em><strong>Prof. Dr. Recep Akdur<\/strong><\/em><\/span><\/p>\n<p style=\"text-align: justify;\"><em>Ankara \u00dcniversitesi Halk Sa\u011fl\u0131\u011f\u0131 AD \u00d6\u011fretim \u00dcyesi<\/em><\/p>\n<p style=\"text-align: justify;\"><em>Ulusal Hekim Birli\u011fi Y\u00fcr\u00fctme Kurulu Ba\u015fkan\u0131<\/em><\/p>\n<p style=\"text-align: justify;\"><span style=\"color: #888888;\">Kaynak : Odatv.com<\/span><\/p>\n","protected":false},"excerpt":{"rendered":"<p style=\"text-align: justify;\">\n<p style=\"text-align: justify;\">AKP a\u011flar\u0131n\u0131 h\u0131zla \u00f6r\u00fcyor.<\/p>\n<p style=\"text-align: justify;\">G\u00f6r\u00fcnen ve g\u00f6r\u00fcnmeyen bi\u00e7imiyle T\u00fcrkiye m\u00fcthi\u015f bir \u201cd\u00f6n\u00fc\u015f\u00fcm\u201d i\u00e7inde.<\/p>\n<p style=\"text-align: justify;\">G\u00f6r\u00fcnenler, zaten herkesin g\u00f6z\u00fc \u00f6n\u00fcnde \u201ccereyan\u201d ediyor.<\/p>\n<p style=\"text-align: justify;\">G\u00f6r\u00fcnmeyenler ise ans\u0131z\u0131n kar\u015f\u0131m\u0131za \u00e7\u0131kacak gibi&#8230;<\/p>\n","protected":false},"author":1,"featured_media":0,"comment_status":"open","ping_status":"closed","sticky":false,"template":"","format":"standard","meta":{"footnotes":""},"categories":[105],"tags":[],"class_list":["post-20565","post","type-post","status-publish","format-standard","hentry","category-gundem","odd"],"_links":{"self":[{"href":"http:\/\/www.korhanyilmaz.com\/index.php?rest_route=\/wp\/v2\/posts\/20565","targetHints":{"allow":["GET"]}}],"collection":[{"href":"http:\/\/www.korhanyilmaz.com\/index.php?rest_route=\/wp\/v2\/posts"}],"about":[{"href":"http:\/\/www.korhanyilmaz.com\/index.php?rest_route=\/wp\/v2\/types\/post"}],"author":[{"embeddable":true,"href":"http:\/\/www.korhanyilmaz.com\/index.php?rest_route=\/wp\/v2\/users\/1"}],"replies":[{"embeddable":true,"href":"http:\/\/www.korhanyilmaz.com\/index.php?rest_route=%2Fwp%2Fv2%2Fcomments&post=20565"}],"version-history":[{"count":0,"href":"http:\/\/www.korhanyilmaz.com\/index.php?rest_route=\/wp\/v2\/posts\/20565\/revisions"}],"wp:attachment":[{"href":"http:\/\/www.korhanyilmaz.com\/index.php?rest_route=%2Fwp%2Fv2%2Fmedia&parent=20565"}],"wp:term":[{"taxonomy":"category","embeddable":true,"href":"http:\/\/www.korhanyilmaz.com\/index.php?rest_route=%2Fwp%2Fv2%2Fcategories&post=20565"},{"taxonomy":"post_tag","embeddable":true,"href":"http:\/\/www.korhanyilmaz.com\/index.php?rest_route=%2Fwp%2Fv2%2Ftags&post=20565"}],"curies":[{"name":"wp","href":"https:\/\/api.w.org\/{rel}","templated":true}]}}