{"id":20558,"date":"2010-03-17T08:57:47","date_gmt":"2010-03-17T06:57:47","guid":{"rendered":"http:\/\/www.korhanyilmaz.com\/?p=20558"},"modified":"2010-03-17T08:57:47","modified_gmt":"2010-03-17T06:57:47","slug":"anayasa-paketine-son-nokta-bugun","status":"publish","type":"post","link":"http:\/\/www.korhanyilmaz.com\/?p=20558","title":{"rendered":"Anayasa paketine son nokta bug\u00fcn"},"content":{"rendered":"<p style=\"text-align: center;\"><a href=\"http:\/\/www.korhanyilmaz.com\/wp-content\/uploads\/2010\/03\/anayasa.jpg\"  class=\"lightview\"><img loading=\"lazy\" decoding=\"async\" class=\"aligncenter size-full wp-image-20559\" src=\"http:\/\/www.korhanyilmaz.com\/wp-content\/uploads\/2010\/03\/anayasa.jpg\" alt=\"\" width=\"307\" height=\"236\" \/><\/a><\/p>\n<p style=\"text-align: justify;\">AK Parti&#8217;nin \u00fczerinde \u00e7al\u0131\u015ft\u0131\u011f\u0131 Anayasa de\u011fi\u015fiklik paketinde sona gelindi. Pakete bug\u00fcn Ba\u015fbakan Recep Tayyip Erdo\u011fan ba\u015fkanl\u0131\u011f\u0131nda yap\u0131lan toplant\u0131da son nokta konulacak.<\/p>\n<p style=\"text-align: justify;\">Toplant\u0131 bug\u00fcn saat 11.00&#8217;de. Toplant\u0131ya \u00e7al\u0131\u015fmay\u0131 y\u00fcr\u00fcten AK Parti kurmaylar\u0131 ile Bakanlar kat\u0131lacak. E\u011fer karar al\u0131n\u0131rsa  hafta sonuna kadar paketin muhalefete g\u00f6t\u00fcr\u00fclmesi planlan\u0131yor. <!--more--><\/p>\n<p style=\"text-align: justify;\">Yarg\u0131 krizinin ard\u0131ndan \u00e7al\u0131\u015fmalar\u0131na ba\u015flanan Anayasa paketinde Hakimler ve Savc\u0131lar Y\u00fcksek Kurulu&#8217;nun yap\u0131s\u0131n\u0131n de\u011fi\u015fmesini de \u00f6ng\u00f6ren yarg\u0131 reformu ba\u015f\u0131 \u00e7ekiyor.<\/p>\n<p style=\"text-align: justify;\">Paketteki d\u00fczenlemelerle parti kapat\u0131lmas\u0131n\u0131n zorla\u015ft\u0131lmas\u0131, Y\u00fcksek Askeri \u015eura kararlar\u0131na yarg\u0131 yolu a\u00e7\u0131lmas\u0131 da \u00f6ng\u00f6r\u00fcl\u00fcyor.<\/p>\n<p style=\"text-align: justify;\"><span style=\"color: #888888;\">CNN T\u00dcRK<\/span><\/p>\n","protected":false},"excerpt":{"rendered":"<p style=\"text-align: center;\">\n<p style=\"text-align: justify;\">AK Parti&#8217;nin \u00fczerinde \u00e7al\u0131\u015ft\u0131\u011f\u0131 Anayasa de\u011fi\u015fiklik paketinde sona gelindi. Pakete bug\u00fcn Ba\u015fbakan Recep Tayyip Erdo\u011fan ba\u015fkanl\u0131\u011f\u0131nda yap\u0131lan toplant\u0131da son nokta konulacak.<\/p>\n<p style=\"text-align: justify;\">Toplant\u0131 bug\u00fcn saat 11.00&#8217;de. Toplant\u0131ya \u00e7al\u0131\u015fmay\u0131 y\u00fcr\u00fcten AK Parti kurmaylar\u0131 ile Bakanlar kat\u0131lacak. E\u011fer karar al\u0131n\u0131rsa hafta sonuna kadar paketin muhalefete g\u00f6t\u00fcr\u00fclmesi planlan\u0131yor. <\/p>\n","protected":false},"author":1,"featured_media":0,"comment_status":"open","ping_status":"closed","sticky":false,"template":"","format":"standard","meta":{"footnotes":""},"categories":[105],"tags":[],"class_list":["post-20558","post","type-post","status-publish","format-standard","hentry","category-gundem","odd"],"_links":{"self":[{"href":"http:\/\/www.korhanyilmaz.com\/index.php?rest_route=\/wp\/v2\/posts\/20558","targetHints":{"allow":["GET"]}}],"collection":[{"href":"http:\/\/www.korhanyilmaz.com\/index.php?rest_route=\/wp\/v2\/posts"}],"about":[{"href":"http:\/\/www.korhanyilmaz.com\/index.php?rest_route=\/wp\/v2\/types\/post"}],"author":[{"embeddable":true,"href":"http:\/\/www.korhanyilmaz.com\/index.php?rest_route=\/wp\/v2\/users\/1"}],"replies":[{"embeddable":true,"href":"http:\/\/www.korhanyilmaz.com\/index.php?rest_route=%2Fwp%2Fv2%2Fcomments&post=20558"}],"version-history":[{"count":0,"href":"http:\/\/www.korhanyilmaz.com\/index.php?rest_route=\/wp\/v2\/posts\/20558\/revisions"}],"wp:attachment":[{"href":"http:\/\/www.korhanyilmaz.com\/index.php?rest_route=%2Fwp%2Fv2%2Fmedia&parent=20558"}],"wp:term":[{"taxonomy":"category","embeddable":true,"href":"http:\/\/www.korhanyilmaz.com\/index.php?rest_route=%2Fwp%2Fv2%2Fcategories&post=20558"},{"taxonomy":"post_tag","embeddable":true,"href":"http:\/\/www.korhanyilmaz.com\/index.php?rest_route=%2Fwp%2Fv2%2Ftags&post=20558"}],"curies":[{"name":"wp","href":"https:\/\/api.w.org\/{rel}","templated":true}]}}