{"id":20490,"date":"2010-03-13T21:43:56","date_gmt":"2010-03-13T19:43:56","guid":{"rendered":"http:\/\/www.korhanyilmaz.com\/?p=20490"},"modified":"2010-03-13T21:43:56","modified_gmt":"2010-03-13T19:43:56","slug":"gizli-tanikla-gorusmeye-ultra-anormal-yorumu","status":"publish","type":"post","link":"http:\/\/www.korhanyilmaz.com\/?p=20490","title":{"rendered":"Gizli tan\u0131kla g\u00f6r\u00fc\u015fmeye &quot;ultra-anormal&quot; yorumu"},"content":{"rendered":"<p style=\"text-align: center;\"><a href=\"http:\/\/www.korhanyilmaz.com\/wp-content\/uploads\/2010\/03\/tan\u0131k.jpg\"  class=\"lightview\"><img loading=\"lazy\" decoding=\"async\" class=\"aligncenter size-full wp-image-20491\" src=\"http:\/\/www.korhanyilmaz.com\/wp-content\/uploads\/2010\/03\/tan\u0131k.jpg\" alt=\"\" width=\"307\" height=\"236\" \/><\/a><\/p>\n<p style=\"text-align: justify;\">CHP&#8217;li Ahmet Ersin&#8217;in Erzincan&#8217;daki soru\u015fturmada ifade veren bir gizli tan\u0131kla g\u00f6r\u00fc\u015fmesine AK Parti&#8217;den tepki gelmeye devam ediyor. AK Parti Genel Ba\u015fkan Yard\u0131mc\u0131s\u0131 H\u00fcseyin \u00c7elik, bu g\u00f6r\u00fc\u015fme i\u00e7in &#8220;Ultra-anormal&#8221; ifadesini kulland\u0131; &#8220;Bu g\u00f6r\u00fc\u015fme kabul edilemez, yarg\u0131ya m\u00fcdahaledir&#8221; dedi.<!--more--><\/p>\n<p style=\"text-align: justify;\">\u00c7elik, Denizli&#8217;de demokratik a\u00e7\u0131l\u0131m \u00e7al\u0131\u015fmalar\u0131na ili\u015fkin verdi\u011fi konferans\u0131n ard\u0131ndan Gazeteciler Cemiyeti&#8217;nde d\u00fczenledi\u011fi bas\u0131n toplant\u0131s\u0131nda, gazetecilerin sorular\u0131n\u0131 yan\u0131tlad\u0131.<\/p>\n<p style=\"text-align: justify;\">CHP \u0130zmir Milletvekili Ahmet Ersin&#8217;in, Erzincan&#8217;da gizli tan\u0131kla g\u00f6r\u00fc\u015ft\u00fc\u011f\u00fc y\u00f6n\u00fcndeki iddian\u0131n sorulmas\u0131 \u00fczerine \u00c7elik, delil karartman\u0131n, adalet \u00fczerinde siyasi bask\u0131 olu\u015fturman\u0131n &#8220;kesinlikle tevess\u00fcl bile edilmemesi gereken bir \u015fey&#8221; oldu\u011funu s\u00f6yledi.<\/p>\n<p style=\"text-align: justify;\">\u00c7elik, &#8220;Erzincan&#8217;daki bir gizli tan\u0131kla bir CHP milletvekilinin g\u00f6r\u00fc\u015fmesi, tabii ben s\u00f6ylentilerden hareket etmek istemiyorum, ispat edilmi\u015f bir durum varsa s\u00f6z s\u00f6yleme hakk\u0131na sahibim. Bu, tek ba\u015f\u0131na kabul edilebilecek bir durum de\u011fildir. Tenhada, kenarda birilerinin birilerini etkilemeye \u00e7al\u0131\u015fmas\u0131, kabul edilebilir ve savunulabilir taraf\u0131 olmayan bir \u015feydir. B\u0131rakal\u0131m adalet yerini bulsun. Milletvekilinin yapmas\u0131 normal de\u011fil, ultra anormaldir. Anormalin \u00fcst\u00fc bir anormalliktir. E\u011fer bir AK Partili milletvekili yapm\u0131\u015f olsayd\u0131, CHP \u015fimdi bunu meydanlarda k\u0131yamete d\u00f6n\u00fc\u015ft\u00fcrm\u00fc\u015ft\u00fc&#8221; dedi.<\/p>\n<p style=\"text-align: justify;\">Gizli tan\u0131\u011fa, ifadesini de\u011fi\u015ftirmesi i\u00e7in \u00e7anta i\u00e7inde para vermekle su\u00e7lanan CHP&#8217;li Ahmet Ersin d\u00fcn CNN T\u00dcRK&#8217;e konu\u015fmu\u015ftu. Ersin, g\u00f6r\u00fc\u015ft\u00fc\u011f\u00fc ki\u015finin gizli tan\u0131k oldu\u011funu bilmedi\u011fini, o ki\u015finin kendisinden i\u015f istedi\u011fini s\u00f6ylemi\u015fti.<\/p>\n<p style=\"text-align: justify;\"><strong>Anayasa de\u011fi\u015fikli\u011fi <\/strong><\/p>\n<p style=\"text-align: justify;\">H\u00fcseyin \u00c7elik, anayasa de\u011fi\u015fikli\u011fiyle ilgili soru \u00fczerine de bu konuda bir haz\u0131rl\u0131k yap\u0131ld\u0131\u011f\u0131n\u0131, Mecliste grubu bulunan partilerle Meclis d\u0131\u015f\u0131nda y\u00fczde 1&#8217;den fazla oy alm\u0131\u015f muhalefet partilerine gelecek hafta \u00e7al\u0131\u015fman\u0131n g\u00f6nderilmesinin planland\u0131\u011f\u0131n\u0131 belirterek, &#8220;Onlar\u0131n deste\u011fini isteyece\u011fiz. E\u011fer TBMM&#8217;de 367&#8217;yi bulursak zaten bir sorun yok. Bulamazsak 330 ile 367 aras\u0131nda bir rakama ula\u015f\u0131rsak, o zaman da referanduma gidecek, halk\u0131n kendisine gidip diyece\u011fiz ki &#8216;Sizin ad\u0131n\u0131za bu anayasa de\u011fi\u015fikliklerini yapmak istiyoruz. Kabul ediyor musunuz&#8217; diyece\u011fiz. Millet kendi iradesiyle buna oy verecek. Referanduma gerek kalmadan Meclis zemininde \u00e7\u00f6z\u00fclmesini umut ediyorum&#8221; dedi.<\/p>\n<p style=\"text-align: justify;\">Muhalefetin sa\u011fduyulu yakla\u015f\u0131m g\u00f6stermesini \u00fcmit etti\u011fini s\u00f6yleyen H\u00fcseyin \u00c7elik, &#8220;\u00d6n \u015fart koymadan uzla\u015fma komisyonu bir araya gelsin, dokunulmazl\u0131klar dahil ne istiyorsan\u0131z, orada g\u00f6r\u00fc\u015f\u00fcls\u00fcn ve mesele ona g\u00f6re \u00e7\u00f6z\u00fcls\u00fcn&#8221; dedi.<\/p>\n<p style=\"text-align: justify;\">\u00c7elik, &#8220;Biz iktidara geldikten sonra, defalarca anayasa de\u011fi\u015fikli\u011fi i\u00e7in muhalefetin kap\u0131s\u0131n\u0131 \u00e7ald\u0131k, maalesef muhalefet bu i\u015fe yana\u015fmad\u0131. Anayasa de\u011fi\u015fikli\u011fi asl\u0131nda b\u00fcy\u00fck bir zarurettir. Mutlak \u015fekilde yapmal\u0131y\u0131z. Tepeden t\u0131rna\u011fa bir anayasa yapam\u0131yorsak, hi\u00e7 olmazsa par\u00e7a par\u00e7a yapmal\u0131y\u0131z. Bu arzulanan m\u0131d\u0131r? Hay\u0131r. As\u0131l olan, devletle millet aras\u0131nda ger\u00e7ek bir s\u00f6zle\u015fme metni olacak, halk\u0131 ve bireyi devlete kar\u015f\u0131 garanti alt\u0131na alacak, bireyin hak ve sorumluluklar\u0131n\u0131 garanti alt\u0131na alacak bir anayasan\u0131n yap\u0131lmas\u0131 as\u0131l olan&#8221; dedi.<\/p>\n<p style=\"text-align: justify;\">H\u00fck\u00fcmetin yarg\u0131 mensuplar\u0131n\u0131n sorunlar\u0131n\u0131n giderilmesi konusunda yapt\u0131\u011f\u0131 \u00e7al\u0131\u015fmalar\u0131 da aktaran \u00c7elik, &#8220;Bizden \u00f6nce yarg\u0131, ba\u011f\u0131ms\u0131z yarg\u0131 olmaktan ziyade bak\u0131ms\u0131z yarg\u0131 idi&#8221; dedi.<\/p>\n<p style=\"text-align: justify;\">H\u00fcseyin \u00c7elik, bir \u00fclkenin ger\u00e7ek anlamda demokratik \u00fclke haline gelmesinin kolay bir s\u00fcre\u00e7 olmad\u0131\u011f\u0131n\u0131 belirterek, &#8220;180 kilo a\u011f\u0131rl\u0131\u011fa ula\u015fm\u0131\u015f, obez bir v\u00fccut d\u00fc\u015f\u00fcn\u00fcn. Siz bunu iki ayda 80 kiloya indireyim diye u\u011fra\u015f\u0131rsan\u0131z o hastay\u0131 \u00f6ld\u00fcr\u00fcrs\u00fcn\u00fcz. Ad\u0131m ad\u0131m gitmeniz laz\u0131m. Bizim demokrasimizin ge\u00e7mi\u015fi \u00e7ok fazla de\u011fil. Ama &#8216;can\u0131m yava\u015f yava\u015f demokrasiye ge\u00e7iyoruz&#8217; diye kaplumba\u011fa y\u00fcr\u00fcy\u00fc\u015f\u00fc ile de kimse bizi y\u00fcr\u00fctmemelidir&#8221; diye konu\u015ftu.<\/p>\n<p style=\"text-align: justify;\"><span style=\"color: #888888;\">CNN T\u00dcRK<\/span><\/p>\n","protected":false},"excerpt":{"rendered":"<p style=\"text-align: center;\">\n<p style=\"text-align: justify;\">CHP&#8217;li Ahmet Ersin&#8217;in Erzincan&#8217;daki soru\u015fturmada ifade veren bir gizli tan\u0131kla g\u00f6r\u00fc\u015fmesine AK Parti&#8217;den tepki gelmeye devam ediyor. AK Parti Genel Ba\u015fkan Yard\u0131mc\u0131s\u0131 H\u00fcseyin \u00c7elik, bu g\u00f6r\u00fc\u015fme i\u00e7in &#8220;Ultra-anormal&#8221; ifadesini kulland\u0131; &#8220;Bu g\u00f6r\u00fc\u015fme kabul edilemez, yarg\u0131ya m\u00fcdahaledir&#8221; dedi.<\/p>\n","protected":false},"author":1,"featured_media":0,"comment_status":"open","ping_status":"closed","sticky":false,"template":"","format":"standard","meta":{"footnotes":""},"categories":[105],"tags":[],"class_list":["post-20490","post","type-post","status-publish","format-standard","hentry","category-gundem","odd"],"_links":{"self":[{"href":"http:\/\/www.korhanyilmaz.com\/index.php?rest_route=\/wp\/v2\/posts\/20490","targetHints":{"allow":["GET"]}}],"collection":[{"href":"http:\/\/www.korhanyilmaz.com\/index.php?rest_route=\/wp\/v2\/posts"}],"about":[{"href":"http:\/\/www.korhanyilmaz.com\/index.php?rest_route=\/wp\/v2\/types\/post"}],"author":[{"embeddable":true,"href":"http:\/\/www.korhanyilmaz.com\/index.php?rest_route=\/wp\/v2\/users\/1"}],"replies":[{"embeddable":true,"href":"http:\/\/www.korhanyilmaz.com\/index.php?rest_route=%2Fwp%2Fv2%2Fcomments&post=20490"}],"version-history":[{"count":0,"href":"http:\/\/www.korhanyilmaz.com\/index.php?rest_route=\/wp\/v2\/posts\/20490\/revisions"}],"wp:attachment":[{"href":"http:\/\/www.korhanyilmaz.com\/index.php?rest_route=%2Fwp%2Fv2%2Fmedia&parent=20490"}],"wp:term":[{"taxonomy":"category","embeddable":true,"href":"http:\/\/www.korhanyilmaz.com\/index.php?rest_route=%2Fwp%2Fv2%2Fcategories&post=20490"},{"taxonomy":"post_tag","embeddable":true,"href":"http:\/\/www.korhanyilmaz.com\/index.php?rest_route=%2Fwp%2Fv2%2Ftags&post=20490"}],"curies":[{"name":"wp","href":"https:\/\/api.w.org\/{rel}","templated":true}]}}