{"id":20484,"date":"2010-03-13T22:37:04","date_gmt":"2010-03-13T20:37:04","guid":{"rendered":"http:\/\/www.korhanyilmaz.com\/?p=20484"},"modified":"2010-03-13T22:37:04","modified_gmt":"2010-03-13T20:37:04","slug":"basbugdan-mesaj-saglam-ve-tek-yumruk-olun","status":"publish","type":"post","link":"http:\/\/www.korhanyilmaz.com\/?p=20484","title":{"rendered":"Ba\u015fbu\u011f&#039;dan mesaj: &quot;Sa\u011flam ve tek yumruk olun&quot;"},"content":{"rendered":"<p style=\"text-align: center;\"><a href=\"http:\/\/www.korhanyilmaz.com\/wp-content\/uploads\/2010\/03\/basbug.jpg\"  class=\"lightview\"><img loading=\"lazy\" decoding=\"async\" class=\"aligncenter size-full wp-image-20485\" src=\"http:\/\/www.korhanyilmaz.com\/wp-content\/uploads\/2010\/03\/basbug.jpg\" alt=\"\" width=\"307\" height=\"236\" \/><\/a><\/p>\n<p style=\"text-align: justify;\">Atat\u00fcrk&#8217;\u00fcn Harbiye&#8217;ye giri\u015finin 111. y\u0131ld\u00f6n\u00fcm\u00fc t\u00f6reninde konu\u015fan Genelkurmay Ba\u015fkan\u0131 Orgeneral \u0130lker Ba\u015fbu\u011f, Harbiyelilere \u00f6nemli mesajlar verdi. Ge\u00e7en y\u0131llara g\u00f6re daha uzun bir te\u015fekk\u00fcr konu\u015fmas\u0131 yapan Ba\u015fbu\u011f, Atat\u00fcrk&#8217;\u00fcn 1 Kas\u0131m 1920&#8217;deki Harbiye&#8217;de yapt\u0131\u011f\u0131 konu\u015fmaya at\u0131fta bulundu. Harbiyelilere &#8220;Gelecekte bizlerin yerini alacaks\u0131n\u0131z, bizlere g\u00f6re daha karma\u015f\u0131k ortamlarda g\u00f6rev yapacaks\u0131n\u0131z&#8221; diyen Ba\u015fbu\u011f, &#8220;Sa\u011flam ve tek yumruk olun&#8221; mesaj\u0131 verdi.<!--more--><\/p>\n<p style=\"text-align: justify;\">Orgeneral Ba\u015fbu\u011f, Ulu \u00d6nder Atat\u00fcrk&#8217;\u00fcn Harbiye&#8217;ye \u00f6\u011frenci olarak giri\u015finin 111. y\u0131l d\u00f6n\u00fcm\u00fc dolay\u0131s\u0131yla Kara Harp Okulu&#8217;nda d\u00fczenlenen t\u00f6rende konu\u015ftu.<\/p>\n<p style=\"text-align: justify;\">Harbiyelilere, &#8220;gen\u00e7 silah arkada\u015flar\u0131m&#8221; diyerek seslenen Orgeneral Ba\u015fbu\u011f, Mustafa Kemal Atat\u00fcrk&#8217;\u00fcn 1 Kas\u0131m 1920&#8217;de subay adaylar\u0131n\u0131n diploma t\u00f6reninde yapt\u0131\u011f\u0131 konu\u015fmadan bir b\u00f6l\u00fcm aktard\u0131.<\/p>\n<p style=\"text-align: justify;\">Orgeneral Ba\u015fbu\u011f, Atat\u00fcrk&#8217;\u00fcn, &#8220;Ordumuzun kendisine verilen y\u00fcce g\u00f6revleri hakk\u0131yla ba\u015farabilmesi i\u00e7in gereken \u00f6zelliklerden birincisi demir gibi sa\u011flaml\u0131kt\u0131r. Orduda sa\u011flaml\u0131\u011f\u0131n tek g\u00f6r\u00fcnen arac\u0131, ayd\u0131n, kahraman ve fedakar subaylard\u0131r. Bug\u00fcn ordumuzun subaylar\u0131, sayd\u0131\u011f\u0131m \u00f6zelliklere b\u00fct\u00fcn\u00fcyle sahiptir. Fakat buna bir \u015fey eklemek gerekir ki i\u00e7inde bulundu\u011fu \u015fu ola\u011fan\u00fcst\u00fc durum ve \u015fartlar\u0131n heyecanlar\u0131yla ve ama\u00e7lar\u0131yla yeti\u015fecek olan gen\u00e7 subaylar\u0131m\u0131z bize ba\u011f\u0131ms\u0131zl\u0131k i\u00e7in daha g\u00fc\u00e7l\u00fc \u00fcmitler vereceklerdir&#8221; s\u00f6z\u00fcn\u00fc okudu.<\/p>\n<p style=\"text-align: justify;\">Orgeneral Ba\u015fbu\u011f, &#8220;Atam, bug\u00fcn\u00fcn gen\u00e7 subay adaylar\u0131 da 90 y\u0131l \u00f6nce istedi\u011finiz gibi ayd\u0131n, kahraman ve fedakar bir subay olmak \u00fczere burada harp okulunda yeti\u015ftirilmektedirler. Bundan emin olunuz. Onlara g\u00fcveniniz&#8221; diye konu\u015ftu.<\/p>\n<p style=\"text-align: justify;\">Genelkurmay Ba\u015fkan\u0131 Orgeneral Ba\u015fbu\u011f, &#8220;Harbiyeliler; sa\u011flam olmak demek, \u00f6zellikle zor \u015fartlarda bir olmak, b\u00fct\u00fcn olmak, tek yumruk olmak demektir. Sa\u011flam olmak demek, her zaman kararl\u0131, azimli ve \u00fcmitli olmak ve hep ba\u015far\u0131ya odakl\u0131 olmak demektir. Sa\u011flam olmak demek, silah arkada\u015fl\u0131\u011f\u0131 demektir. T\u00fcrk Silahl\u0131 Kuvvetleri&#8217;nde silah arkada\u015fl\u0131\u011f\u0131 kederde ve k\u0131van\u00e7ta ayn\u0131 duygular\u0131 payla\u015fmak, ortak olmak demektir. Sizler, gelece\u011fin komuta heyetini olu\u015fturacak subay adaylar\u0131s\u0131n\u0131z. Sizler, gelecekte bizlerin yerini alacak ve y\u00fcksek sorumluluklar \u00fcstleneceksiniz. Sizler, bizlere oranla \u00e7ok daha farkl\u0131, zorlu ve karma\u015f\u0131k ortamlarda g\u00f6rev yapacaks\u0131n\u0131z. Bu zor d\u00f6nemlere fikren, ruhen ve bedenen haz\u0131r olmak zorundas\u0131n\u0131z. Sizlere g\u00fcveniyoruz. Yolunuz, Atat\u00fcrk&#8217;\u00fcn bizlere b\u0131rakt\u0131\u011f\u0131 onun dinamik Atat\u00fcrk\u00e7\u00fc d\u00fc\u015f\u00fcnce sistemidir. Harbiyeliler, hepinizin g\u00f6zlerinden \u00f6p\u00fcyorum&#8221; dedi.<\/p>\n<p style=\"text-align: justify;\"><strong>T\u00f6rene kimler kat\u0131ld\u0131? <\/strong><\/p>\n<p style=\"text-align: justify;\">Kara Harp Okulu Atat\u00fcrk Amfisi&#8217;ndeki t\u00f6rene, Genelkurmay Ba\u015fkan\u0131 Orgeneral \u0130lker Ba\u015fbu\u011f, Milli Savunma Bakan\u0131 Vecdi G\u00f6n\u00fcl, Kara Kuvvetleri Komutan\u0131 Orgeneral I\u015f\u0131k Ko\u015faner, Deniz Kuvvetleri Komutan\u0131 Oramiral E\u015fref U\u011fur Yi\u011fit, Hava Kuvvetleri Komutan\u0131 Orgeneral Hasan Aksay, Genelkurmay \u0130kinci Ba\u015fkan\u0131 Orgeneral Aslan G\u00fcner, Kara Kuvvetleri Kurmay Ba\u015fkan\u0131 Orgeneral Bekir Kalyoncu, Kara Kuvvetleri E\u011fitim ve Doktrin Komutan\u0131 Orgeneral Erdal Ceylano\u011flu, Genelkurmay \u0130kinci Ba\u015fkan Yard\u0131mc\u0131s\u0131 Orgeneral Bilgin Balanl\u0131, baz\u0131 emekli kuvvet komutanlar\u0131 ve orgeneraller, baz\u0131 \u00fcniversitelerin rekt\u00f6rleri, \u00e7ok say\u0131da \u00fcst d\u00fczey komutan, baz\u0131 \u00fclkelerin askeri ata\u015feleri ile Harbiyeliler kat\u0131ld\u0131.<\/p>\n<p style=\"text-align: justify;\">Orgeneral Ba\u015fbu\u011f, Atat\u00fcrk Amfisi&#8217;ne geli\u015finde Harbiyeli \u00f6\u011frencilere, &#8220;Harbiyeliler merhaba&#8221; dedi. Sayg\u0131 duru\u015funda bulunulmas\u0131 ve \u0130stiklal Mar\u015f\u0131&#8217;n\u0131n okunmas\u0131n\u0131n ard\u0131ndan konu\u015fan Kara Harp Okulu Komutan\u0131 T\u00fcmgeneral Kenan H\u00fcsn\u00fco\u011flu, konuklara, &#8220;En b\u00fcy\u00fck Harbiyeli Mustafa Kemal Atat\u00fcrk&#8217;\u00fcn mezun oldu\u011fu \u015fanl\u0131 yuva Harbiye&#8217;ye ho\u015fgeldiniz&#8221; diye seslendi.<\/p>\n<p style=\"text-align: justify;\">T\u00f6rende Harbiyelilerin, Devlet Tiyatrosu sanat\u00e7\u0131lar\u0131n\u0131n katk\u0131lar\u0131yla haz\u0131rlad\u0131\u011f\u0131 &#8220;\u00c7a\u011fda\u015f Uygarl\u0131k Yolu&#8221; adl\u0131 g\u00f6steri sahnelendi.<\/p>\n<p style=\"text-align: justify;\">G\u00f6steride, T\u00fcrk ulusunun yeniden dirili\u015fi i\u00e7in B\u00fcy\u00fck \u00d6nder Atat\u00fcrk&#8217;\u00fcn b\u0131rakt\u0131\u011f\u0131 emanetler ve bu emanetlerin d\u00fc\u015f\u00fcnsel temellerinin \u00f6yk\u00fcs\u00fc anlat\u0131ld\u0131. G\u00f6sterinin ard\u0131ndan Harbiyeliler Harbiye Mar\u015f\u0131&#8217;n\u0131 okudu. Mar\u015fa, t\u00f6rene kat\u0131lan b\u00fct\u00fcn komutanlar da e\u015flik etti.<\/p>\n<p style=\"text-align: justify;\"><span style=\"color: #888888;\">CNN T\u00dcRK<\/span><\/p>\n","protected":false},"excerpt":{"rendered":"<p style=\"text-align: center;\">\n<p style=\"text-align: justify;\">Atat\u00fcrk&#8217;\u00fcn Harbiye&#8217;ye giri\u015finin 111. y\u0131ld\u00f6n\u00fcm\u00fc t\u00f6reninde konu\u015fan Genelkurmay Ba\u015fkan\u0131 Orgeneral \u0130lker Ba\u015fbu\u011f, Harbiyelilere \u00f6nemli mesajlar verdi. Ge\u00e7en y\u0131llara g\u00f6re daha uzun bir te\u015fekk\u00fcr konu\u015fmas\u0131 yapan Ba\u015fbu\u011f, Atat\u00fcrk&#8217;\u00fcn 1 Kas\u0131m 1920&#8217;deki Harbiye&#8217;de yapt\u0131\u011f\u0131 konu\u015fmaya at\u0131fta bulundu. Harbiyelilere &#8220;Gelecekte bizlerin yerini alacaks\u0131n\u0131z, bizlere g\u00f6re daha karma\u015f\u0131k ortamlarda g\u00f6rev yapacaks\u0131n\u0131z&#8221; diyen Ba\u015fbu\u011f, &#8220;Sa\u011flam <\/p>\n","protected":false},"author":1,"featured_media":0,"comment_status":"open","ping_status":"closed","sticky":false,"template":"","format":"standard","meta":{"footnotes":""},"categories":[105],"tags":[],"class_list":["post-20484","post","type-post","status-publish","format-standard","hentry","category-gundem","odd"],"_links":{"self":[{"href":"http:\/\/www.korhanyilmaz.com\/index.php?rest_route=\/wp\/v2\/posts\/20484","targetHints":{"allow":["GET"]}}],"collection":[{"href":"http:\/\/www.korhanyilmaz.com\/index.php?rest_route=\/wp\/v2\/posts"}],"about":[{"href":"http:\/\/www.korhanyilmaz.com\/index.php?rest_route=\/wp\/v2\/types\/post"}],"author":[{"embeddable":true,"href":"http:\/\/www.korhanyilmaz.com\/index.php?rest_route=\/wp\/v2\/users\/1"}],"replies":[{"embeddable":true,"href":"http:\/\/www.korhanyilmaz.com\/index.php?rest_route=%2Fwp%2Fv2%2Fcomments&post=20484"}],"version-history":[{"count":0,"href":"http:\/\/www.korhanyilmaz.com\/index.php?rest_route=\/wp\/v2\/posts\/20484\/revisions"}],"wp:attachment":[{"href":"http:\/\/www.korhanyilmaz.com\/index.php?rest_route=%2Fwp%2Fv2%2Fmedia&parent=20484"}],"wp:term":[{"taxonomy":"category","embeddable":true,"href":"http:\/\/www.korhanyilmaz.com\/index.php?rest_route=%2Fwp%2Fv2%2Fcategories&post=20484"},{"taxonomy":"post_tag","embeddable":true,"href":"http:\/\/www.korhanyilmaz.com\/index.php?rest_route=%2Fwp%2Fv2%2Ftags&post=20484"}],"curies":[{"name":"wp","href":"https:\/\/api.w.org\/{rel}","templated":true}]}}