{"id":2047,"date":"2008-10-22T17:12:56","date_gmt":"2008-10-22T14:12:56","guid":{"rendered":"http:\/\/www.korhanyilmaz.com\/?p=2047"},"modified":"2008-10-22T17:12:56","modified_gmt":"2008-10-22T14:12:56","slug":"iste-terorun-panzehiri","status":"publish","type":"post","link":"http:\/\/www.korhanyilmaz.com\/?p=2047","title":{"rendered":"\u0130\u015fte ter\u00f6r\u00fcn panzehiri"},"content":{"rendered":"<p style=\"text-align: center;\"><img loading=\"lazy\" decoding=\"async\" class=\"size-full wp-image-2048    aligncenter\" title=\"T.C Ba\u015fbakan\u0131 Recep Tayyip Erdo\u011fan\" src=\"http:\/\/www.korhanyilmaz.com\/wp-content\/uploads\/2008\/10\/8bb0ded78a3b12429dd57dc8x.jpg\" alt=\"T.C Ba\u015fbakan\u0131 Recep Tayyip Erdo\u011fan\" width=\"475\" height=\"250\" \/><\/p>\n<p style=\"text-align: justify;\">Ba\u015fbakan Erdo\u011fan, i\u015f adamlar\u0131ndan \u00f6zellikle bu noktada hassas olmalar\u0131n\u0131 isteyerek, &#8221;Ekonomik kalk\u0131nman\u0131n, ticaretin, yat\u0131r\u0131m\u0131n, \u00fcretimin \u00f6n\u00fcnde \u00f6nemli bir engel te\u015fkil eden ter\u00f6r\u00fcn panzehiri ayn\u0131 zamanda ekonomik kalk\u0131nma, ticaret, yat\u0131r\u0131m ve \u00fcretimdir&#8221; dedi..<\/p>\n<p style=\"text-align: justify;\">Ba\u015fbakan Recep Tayyip Erdo\u011fan, Irak&#8217;\u0131n kuzeyine yerle\u015fen ter\u00f6r \u00f6rg\u00fct\u00fcn\u00fcn sadece T\u00fcrkiye&#8217;yi tehdit etti\u011fine inananlar\u0131n yan\u0131laca\u011f\u0131n\u0131 ifade ederek, &#8221;Ter\u00f6r \u00f6rg\u00fct\u00fc ayn\u0131 zamanda uyu\u015fturucu ve silah ka\u00e7ak\u00e7\u0131l\u0131\u011f\u0131 yoluyla hem b\u00f6lge, hem de Avrupa \u00fclkelerini tehdit ediyor&#8221; dedi.<!--more--><\/p>\n<p style=\"text-align: justify;\">Erdo\u011fan, M\u00dcS\u0130AD taraf\u0131ndan d\u00fczenlenen 12. Uluslararas\u0131 \u0130\u015f Forumu Kongresi&#8217;nin a\u00e7\u0131l\u0131\u015f\u0131nda, Kafkasya \u0130stikrar ve \u0130\u015fbirli\u011fi Platformu&#8217;na ABD ve Fransa&#8217;n\u0131n dolayl\u0131 olarak kat\u0131labilece\u011fini belirterek, &#8221;\u00c7\u00fcnk\u00fc b\u00f6lgenin mutlulu\u011fu ve huzuru i\u00e7in 5 \u00fclkenin birbiriyle uyumu \u015fart&#8221; diye konu\u015ftu.<\/p>\n<p style=\"text-align: justify;\">T\u00fcrkiye&#8217;nin, Balkanlar&#8217;daki sorunlar\u0131n giderilmesinde, Afganistan&#8217;da, L\u00fcbnan&#8217;da, Irak&#8217;ta, \u0130srail ve Filistin aras\u0131nda, \u0130srail ve Suriye aras\u0131nda inisiyatif y\u00fcklendi\u011fini anlatan Erdo\u011fan, ayn\u0131 \u015fekilde k\u00fcresel \u00f6l\u00e7ekte her t\u00fcrl\u00fc sorunun i\u00e7inde yer alan T\u00fcrkiye&#8217;nin, ayn\u0131 \u015fekilde \u0130ran&#8217;la ili\u015fkilerinde de yine bir bar\u0131\u015f \u00e7er\u00e7evesi i\u00e7inde elinden gelen gayreti g\u00f6sterdi\u011fini s\u00f6yledi.<\/p>\n<p style=\"text-align: justify;\">Konu\u015fmas\u0131nda ter\u00f6r sorununa dikkati \u00e7ekmek istedi\u011fini ifade eden Erdo\u011fan, ter\u00f6r\u00fcn bug\u00fcn t\u00fcm d\u00fcnyada bar\u0131\u015fa, huzura, istikrara y\u00f6nelik ciddi bir tehdit olu\u015fturdu\u011funu vurgulad\u0131.<\/p>\n<p style=\"text-align: justify;\">K\u00fcreselle\u015fen d\u00fcnyada art\u0131k ter\u00f6r\u00fcn yerelli\u011finden bahsetmenin m\u00fcmk\u00fcn olmad\u0131\u011f\u0131n\u0131 vurgulayan Erdo\u011fan, \u015f\u00f6yle konu\u015ftu:<\/p>\n<p style=\"text-align: justify;\">&#8221;Ter\u00f6r \u00f6rg\u00fctleri bug\u00fcn i\u00e7in baz\u0131 \u00fclkelere do\u011frudan tehdit olu\u015fturmayabilirler, ancak \u00f6nlemler al\u0131nmazsa d\u00fcnya \u00fczerindeki hi\u00e7bir \u00fclkenin de ter\u00f6r\u00fcn etki alan\u0131n\u0131n d\u0131\u015f\u0131nda kalmas\u0131 m\u00fcmk\u00fcn olmayacakt\u0131r. K\u00fcreselle\u015fme ile birlikte art\u0131k ter\u00f6r kavram\u0131n\u0131n da de\u011fi\u015fti\u011fini g\u00f6r\u00fcyoruz. Ter\u00f6r art\u0131k sadece silahla vurmuyor, uyu\u015fturucu ticaretiyle, insan ka\u00e7ak\u00e7\u0131l\u0131\u011f\u0131yla, ekonomik su\u00e7larla d\u00fcnyam\u0131z\u0131, gelece\u011fimizi tehdit ediyor. Bug\u00fcn T\u00fcrkiye&#8217;nin maruz kald\u0131\u011f\u0131 ter\u00f6rist sald\u0131r\u0131lar\u0131 sadece T\u00fcrkiye&#8217;nin meselesini olarak g\u00f6rmek ge\u00e7mi\u015fte de yan\u0131lt\u0131c\u0131 olmu\u015ftur, bundan sonra da yan\u0131lt\u0131c\u0131 olacakt\u0131r. D\u00fcnyan\u0131n t\u00fcm \u00fclkelerinden ortak bir tav\u0131r ve dayan\u0131\u015fma bekledi\u011fimizi bu toplant\u0131 vesilesiyle bir kez daha ifade etmek istiyorum.<\/p>\n<p style=\"text-align: justify;\">Irak&#8217;\u0131n kuzeyine yerle\u015fen ter\u00f6r \u00f6rg\u00fct\u00fcn\u00fcn sadece T\u00fcrkiye&#8217;yi tehdit etti\u011fine inananlar yan\u0131l\u0131rlar. Bu ter\u00f6r \u00f6rg\u00fct\u00fc b\u00f6lgenin istikrar\u0131n\u0131, huzurunu, ekonomik ve sosyal geli\u015fmesini de tehdit ediyor. Ter\u00f6r \u00f6rg\u00fct\u00fc ayn\u0131 zamanda uyu\u015fturucu ve silah ka\u00e7ak\u00e7\u0131l\u0131\u011f\u0131 yoluyla hem b\u00f6lge hem de Avrupa \u00fclkelerini tehdit ediyor. Ter\u00f6re kar\u015f\u0131 t\u00fcm dostlar\u0131m\u0131zdan ve karde\u015flerimizden de ortak bir tav\u0131r ve dayan\u0131\u015fma bekliyoruz. &#8221;<\/p>\n<p style=\"text-align: justify;\">Ba\u015fbakan Erdo\u011fan, i\u015f adamlar\u0131ndan \u00f6zellikle bu noktada hassas olmalar\u0131n\u0131 isteyerek, &#8221;Ekonomik kalk\u0131nman\u0131n, ticaretin, yat\u0131r\u0131m\u0131n, \u00fcretimin \u00f6n\u00fcnde \u00f6nemli bir engel te\u015fkil eden ter\u00f6r\u00fcn panzehiri ayn\u0131 zamanda ekonomik kalk\u0131nma, ticaret, yat\u0131r\u0131m ve \u00fcretimdir&#8221; dedi.<\/p>\n<p style=\"text-align: justify;\">Bu konuda T\u00fcrkiye&#8217;den bir \u00f6rnek vermek istedi\u011fini kaydeden Erdo\u011fan, G\u00fcneydo\u011fu Anadolu Projesi&#8217;nin (GAP), T\u00fcrkiye&#8217;nin en b\u00fcy\u00fck, d\u00fcnyan\u0131n da say\u0131l\u0131 b\u00fcy\u00fck projelerinden biri oldu\u011funu, proje tamamland\u0131\u011f\u0131nda b\u00f6lgede 1 milyon hektar alan\u0131n sulamaya a\u00e7\u0131laca\u011f\u0131n\u0131, 22 baraj ve 19 hidroelektrik santral kurulaca\u011f\u0131n\u0131 bildirdi.<\/p>\n<p style=\"text-align: justify;\">GAP&#8217;\u0131n, d\u00fcnya genelinde g\u0131da ve tar\u0131m \u00fcr\u00fcnlerine y\u00f6nelik ciddi endi\u015felerin olu\u015ftu\u011fu bir d\u00f6nemde T\u00fcrkiye i\u00e7in oldu\u011fu kadar, d\u00fcnya i\u00e7in de stratejik \u00f6nem ta\u015f\u0131d\u0131\u011f\u0131n\u0131 vurgulayan Erdo\u011fan, projeyle birlikte b\u00f6lgenin sosyo-ekonomik yap\u0131s\u0131n\u0131n da h\u0131zla de\u011fi\u015fti\u011fini s\u00f6yledi.<\/p>\n<p style=\"text-align: justify;\">Bug\u00fcn petrol ne kadar \u00f6nem ifade ediyorsa, yar\u0131n g\u0131da ve suyun \u00f6nem ifade eder hale gelece\u011fini anlatan Erdo\u011fan, bu y\u0131l\u0131n May\u0131s ay\u0131nda GAP&#8217;\u0131 yeniden ele ald\u0131klar\u0131n\u0131, gerekli finansman\u0131 olu\u015fturduklar\u0131n\u0131 ve \u00e7al\u0131\u015fmalara ba\u015flad\u0131klar\u0131n\u0131 anlatt\u0131. Erdo\u011fan, s\u00f6zlerini \u015f\u00f6yle s\u00fcrd\u00fcrd\u00fc:<\/p>\n<p style=\"text-align: justify;\">&#8221;2012 sonu itibariyle bu dev projeyi (GAP) in\u015fallah tamaml\u0131yoruz. Buna ilave olarak Do\u011fu Anadolu ve Konya Ovas\u0131 projelerini bir b\u00fct\u00fcn olarak hayata ge\u00e7iriyoruz. Ter\u00f6r \u00f6rg\u00fct\u00fc bu projelerden \u00e7ok b\u00fcy\u00fck rahats\u0131zl\u0131k duydu\u011fu i\u00e7in bug\u00fcn panik i\u00e7inde gerilimi t\u0131rmand\u0131rmaya \u00e7al\u0131\u015fmaktad\u0131r. \u00d6rne\u011fin, barajlar\u0131n yap\u0131ld\u0131\u011f\u0131 b\u00f6lgelerde tehdit olu\u015fturman\u0131n gayreti i\u00e7inde&#8230; \u0130stemiyor barajlar\u0131n yap\u0131lmas\u0131n\u0131, sulama istemiyor. \u00c7\u00fcnk\u00fc b\u00f6lgenin kalk\u0131nmas\u0131 onlar i\u00e7in adeta nemalar\u0131n\u0131n kesilmesi anlam\u0131na geliyor. Nitekim b\u00f6lgenin sosyo-ekonomik kalk\u0131nmas\u0131 tamamland\u0131\u011f\u0131nda ter\u00f6r \u00f6rg\u00fct\u00fc de zemininin \u00f6nemli \u00f6l\u00e7\u00fcde kayaca\u011f\u0131n\u0131 g\u00f6r\u00fcyor.<br \/>\n\u00d6zet olarak, ter\u00f6rle m\u00fccadele, her kademede gerek diplomatik, gerek askeri-g\u00fcvenlik, gerek siyasi, gerek psikolojik gerek sosyolojik-k\u00fclt\u00fcrel her t\u00fcrl\u00fc alanda t\u00fcm \u00fclkelerin ortak bir platform olu\u015fturmak suretiyle m\u00fccadele edece\u011fi bir konudur ve burada dayan\u0131\u015fma \u015fartt\u0131r. Bug\u00fcn bize olan s\u0131k\u0131nt\u0131 yar\u0131n di\u011ferlerine olacakt\u0131r. Bunu buradan duyurmak istiyorum.&#8221;\n<\/p>\n<p style=\"text-align: justify;\">Ba\u015fbakan Recep Tayyip Erdo\u011fan, uluslararas\u0131 do\u011frudan yat\u0131r\u0131mlar\u0131n 2003 y\u0131l\u0131na kadar y\u0131lda 1 milyar dolar\u0131 ge\u00e7mezken ge\u00e7en y\u0131l sonu itibariyle 22 milyar dolara ula\u015ft\u0131\u011f\u0131n\u0131, bu y\u0131l da b\u00fct\u00fcn olumsuzluklara ra\u011fmen 15 milyar dolar\u0131 yakalayacaklar\u0131n\u0131 belirterek, &#8221;K\u00fcresel kriz nedeniyle bu miktar\u0131n, bu d\u00fc\u015f\u00fc\u015fe ra\u011fmen burada olmas\u0131 T\u00fcrkiye&#8217;nin ne denli g\u00fcvenli bir liman oldu\u011funun ifadesidir&#8221; dedi.<\/p>\n<p style=\"text-align: justify;\">Erdo\u011fan, M\u00dcS\u0130AD taraf\u0131ndan d\u00fczenlenen 12. Uluslararas\u0131 \u0130\u015f Forumu Kongresi&#8217;nin a\u00e7\u0131l\u0131\u015f\u0131nda yapt\u0131\u011f\u0131 konu\u015fmada, T\u00fcrkiye ekonomisinin son durumu hakk\u0131nda bilgi verdi.<\/p>\n<p style=\"text-align: justify;\">T\u00fcrkiye&#8217;nin 2000-2001 y\u0131llar\u0131nda tarihinin en b\u00fcy\u00fck finansal krizlerinden birini ya\u015fad\u0131\u011f\u0131n\u0131 anlatan Erdo\u011fan, AK Parti&#8217;nin 2002&#8217;de iktidara geldi\u011fini ve 2003 y\u0131l\u0131 ba\u015f\u0131 itibariyle \u00e7ok k\u00f6kl\u00fc bir reform paketini, kapsaml\u0131 bir ekonomik program\u0131 uygulamaya koyduklar\u0131n\u0131 anlatt\u0131.<\/p>\n<p style=\"text-align: justify;\">Ba\u015fta finans ve bankac\u0131l\u0131k sekt\u00f6r\u00fc olmak \u00fczere her alanda kararl\u0131 ve cesur reformlar ger\u00e7ekle\u015ftirdiklerini belirten Erdo\u011fan, &#8221;5 senede T\u00fcrkiye ekonomisi y\u0131ll\u0131k ortalama 6,8 oran\u0131nda b\u00fcy\u00fcme kaydetti. Bu oran d\u00fcnya ortalamas\u0131n\u0131n \u00fczerinde&#8230; Gayrisafi yurti\u00e7i has\u0131lam\u0131z g\u00f6reve geldi\u011fimizde 230 milyar dolard\u0131. Fakat biz 4,5 y\u0131lda bunun \u00fczerine 429 milyar dolar ilave ettik ve 2007 sonu itibariyle bu 659 milyar dolara ula\u015ft\u0131. 2008 sonunda da bu rakam\u0131n 700-750 milyar dolar civar\u0131nda ger\u00e7ekle\u015fece\u011fi arkada\u015flar\u0131m\u0131z\u0131n tahmini&#8221; diye konu\u015ftu.<\/p>\n<p style=\"text-align: justify;\">T\u00fcrkiye&#8217;nin d\u00fcnyan\u0131n 17&#8217;nci, Avrupa&#8217;n\u0131n da 6&#8217;nc\u0131 b\u00fcy\u00fck ekonomisi oldu\u011funu vurgulayan Erdo\u011fan, \u015f\u00f6yle devam etti:<\/p>\n<p style=\"text-align: justify;\">&#8221;2002 y\u0131l\u0131nda AB \u00fcyesi \u00fclkelerle d\u0131\u015f ticaret hacmimiz 46,1 milyar d\u00fczeyindeydi. 2007 sonunda ula\u015ft\u0131\u011f\u0131m\u0131z rakam 94,3 milyar dolar olmu\u015ftur. 79 senede 2002 itibariyle s\u00f6yl\u00fcyorum, ihracatta ula\u015ft\u0131\u011f\u0131m\u0131z rakam 36 milyar dolard\u0131r. Ge\u00e7en ay sonu itibariyle bunun \u00fczerine 97 milyar dolar ilave ederek ihracatta 133 milyar dolara ula\u015ft\u0131k. T\u00fcrk Cumhuriyetleri ile d\u0131\u015f ticaret hacmimiz sadece 1 milyar dolar d\u00fczeyindeydi. 2007 sonunda bu da 5,5 kat artarak 5,6 milyar dolara ula\u015ft\u0131. \u0130slam Konferans\u0131 Te\u015fkilat\u0131 \u00fcyesi \u00fclkelerle d\u0131\u015f ticaret hacmimiz 10,8 milyar dolard\u0131. \u015eimdi bu 27,6 milyar dolar d\u00fczeyinde. Ayn\u0131 \u015fekilde \u00fclkeler baz\u0131nda da y\u00fczde 100&#8217;lere, y\u00fczde 500&#8217;lere varan art\u0131\u015flar s\u00f6z konusu. Kamu net bor\u00e7 stokunun ve b\u00fct\u00e7e a\u00e7\u0131\u011f\u0131n\u0131n gayri safi yurti\u00e7i has\u0131la&#8217;ya oran\u0131nda AB Maastricht kriterlerini yakalam\u0131\u015f durumda oldu\u011fumuzu \u00f6zellikle ifade etmek istiyorum.&#8221;<\/p>\n<p style=\"text-align: justify;\">Mali disiplin noktas\u0131nda son derece hassas davrand\u0131klar\u0131n\u0131 ve davranmaya da devam ettiklerini vurgulayan Erdo\u011fan, son 6 y\u0131l i\u00e7inde \u00f6zelle\u015ftirme ve varl\u0131k sat\u0131\u015f\u0131 tutar\u0131n\u0131n 40 milyar dolar\u0131 a\u015ft\u0131\u011f\u0131n\u0131, bunun kendilerinden \u00f6nceki 18 y\u0131ll\u0131k d\u00f6nemde ger\u00e7ekle\u015ftirilen \u00f6zelle\u015ftirme tutar\u0131n\u0131n 5 kat\u0131ndan fazla oldu\u011funu bildirdi.<\/p>\n<p style=\"text-align: justify;\">Erdo\u011fan, &#8221;Uluslararas\u0131 do\u011frudan yat\u0131r\u0131mlar 2003 y\u0131l\u0131na kadar y\u0131lda 1 milyar dolar\u0131 ge\u00e7miyordu. Ge\u00e7en y\u0131l sonu itibariyle bu, y\u0131lda 22 milyar dolara ula\u015ft\u0131. Bu y\u0131l da \u00f6yle zannediyorum ki b\u00fct\u00fcn olumsuzluklara ra\u011fmen 15 milyar dolar\u0131 yakalayaca\u011f\u0131z. K\u00fcresel kriz nedeniyle bu miktar\u0131n, bu d\u00fc\u015f\u00fc\u015fe ra\u011fmen burada olmas\u0131 T\u00fcrkiye&#8217;nin ne denli g\u00fcvenli bir liman oldu\u011funun ifadesidir&#8221; dedi.<\/p>\n<p style=\"text-align: justify;\">&#8221;T\u00dcRK\u0130YE G\u00dcVENL\u0130 B\u0130R L\u0130MAN&#8221;<\/p>\n<p style=\"text-align: justify;\">Ba\u015fbakan Erdo\u011fan, yar\u0131n \u0130SEDAK&#8217;\u0131n toplant\u0131s\u0131n\u0131n yap\u0131laca\u011f\u0131n\u0131 ifade ederek, \u015funlar\u0131 kaydetti:<\/p>\n<p style=\"text-align: justify;\">&#8221;Benim ci\u011ferlerime kadar rahats\u0131z oldu\u011fum bir konu var. Acaba biz ne zaman ekonomik anlamda yat\u0131r\u0131mlar\u0131m\u0131z\u0131 yaparken g\u00fcvenli bir liman olarak T\u00fcrkiye&#8217;yi g\u00f6rece\u011fiz diye, ben bunu merak ediyorum. \u015eu anda T\u00fcrkiye bu noktada g\u00fcvenli bir liman. Yani a\u00e7\u0131l\u0131mlar\u0131n\u0131z\u0131 yapma noktas\u0131nda ayn\u0131 noktaday\u0131z. Bu ad\u0131m\u0131 atmam\u0131z halinde inan\u0131yorum ki hangi sekt\u00f6re bakarsan\u0131z bak\u0131n, bu sekt\u00f6rlerin burada altyap\u0131s\u0131n\u0131n oldu\u011funu g\u00f6receksiniz ve b\u00f6yle bir altyap\u0131n\u0131n oldu\u011fu T\u00fcrkiye a\u00e7\u0131l\u0131mda b\u00fct\u00fcn dostlar\u0131m\u0131z\u0131n ve karde\u015flerimizin bir s\u0131\u00e7rama noktas\u0131 olacakt\u0131r. \u00d6zellikle ihracat, \u00f6zelle\u015ftirme, yat\u0131r\u0131mlar noktas\u0131nda siz dostlar\u0131m\u0131z\u0131n T\u00fcrkiye&#8217;ye daha yak\u0131n ilgisini bekliyoruz. T\u00fcrkiye ulusal \u00f6l\u00e7ekte oldu\u011fu kadar uluslararas\u0131 \u00f6l\u00e7ekte de b\u00fcy\u00fck f\u0131rsatlar sunan bir \u00fclke. Bu f\u0131rsatlar\u0131 en iyi \u015fekilde de\u011ferlendirmeniz i\u00e7in, b\u00fct\u00fcn kurumlar\u0131m\u0131z, M\u00dcS\u0130AD gibi de\u011ferli sivil kurulu\u015flar\u0131m\u0131z sizlere en b\u00fcy\u00fck kolayl\u0131\u011f\u0131 g\u00f6sterecektir. Sa\u011fl\u0131k, altyap\u0131, turizm, enerji, otomotiv, tekstil yat\u0131r\u0131mlar\u0131 ve \u00f6zelle\u015ftirmeler gibi \u00e7ok geni\u015f yelpazede i\u015f yapma imkanlar\u0131 bulacaks\u0131n\u0131z.<\/p>\n<p style=\"text-align: justify;\">T\u00fcrkiye, k\u00fcresel ekonomik krizi i\u015fte bu sa\u011flam yap\u0131s\u0131 ile kar\u015f\u0131lam\u0131\u015ft\u0131r. Finans, bankac\u0131l\u0131k sistemimiz son derece sa\u011flam yap\u0131dad\u0131r. Mali disiplinden ve para politikalar\u0131ndan asla taviz vermedik, vermiyoruz. Sosyal g\u00fcvenlik sisteminde devrim niteli\u011finde reform ger\u00e7ekle\u015ftirdik. \u0130\u015f g\u00fcc\u00fc piyasas\u0131nda yine \u00f6nemli reformlar yapt\u0131k. Yerli enerji kaynaklar\u0131na y\u00f6neldik, r\u00fczgar enerjisi, n\u00fckleer enerji gibi termik santraller noktas\u0131nda bir\u00e7ok se\u00e7enekleri hayata ge\u00e7irdik, ge\u00e7iriyoruz. GAP, Do\u011fu Anadolu Projesi ve Konya Ovas\u0131 Projesi gibi projelerle tar\u0131m ve g\u0131da noktas\u0131nda da gelece\u011fi bug\u00fcnden tasarl\u0131yoruz. Hi\u00e7 ku\u015fkusuz k\u00fcresel krizin b\u00fct\u00fcn ekonomiler \u00fczerinde oldu\u011fu gibi T\u00fcrkiye ekonomisi \u00fczerinde de etkileri olacakt\u0131r ancak biz bunu asgari d\u00fczeyde bir s\u0131k\u0131nt\u0131 ile atlataca\u011f\u0131m\u0131za inan\u0131yorum. B\u00fct\u00fcn bu gelece\u011fe ra\u011fmen \u00e7al\u0131\u015fmalar\u0131m\u0131z\u0131, haz\u0131rl\u0131klar\u0131m\u0131z\u0131 eksiksiz y\u00fcr\u00fct\u00fcyoruz.&#8221;<\/p>\n<p style=\"text-align: justify;\">&#8221;B\u0130Z\u0130 YEM ETMED\u0130&#8221;<\/p>\n<p style=\"text-align: justify;\">Ba\u015fbakan Erdo\u011fan, T\u00fcrkiye&#8217;de 1990 ve 2000&#8217;li y\u0131llarda ya\u015fanan ekonomik krizlerin kendilerine \u00e7ok \u015fey \u00f6\u011fretti\u011fini belirterek &#8221;Biz dersimizi iyi \u00e7al\u0131\u015ft\u0131k ve haz\u0131rl\u0131klar\u0131m\u0131z\u0131 buna g\u00f6re yapt\u0131k. Ondan dolay\u0131 da bizler havay\u0131 satmad\u0131k, biz mal\u0131 satt\u0131k&#8221; dedi.<\/p>\n<p style=\"text-align: justify;\">Mortgage sistemine girmeden \u00f6nce toplu konut gibi bir ger\u00e7e\u011fi uygulamaya koyduklar\u0131n\u0131 anlatan Erdo\u011fan, \u015fu anda toplu konutta 320 bin in\u015faat bulundu\u011funu, 220 bininin sahiplerine teslim edildi\u011fini, 100 binin in\u015faat\u0131n\u0131n devam etti\u011fini, hedeflerinin 500 bin konut oldu\u011funu anlatt\u0131. Erdo\u011fan, bunlar\u0131n 15-20 y\u0131l vadeli oldu\u011funu ve faiz uygulamas\u0131 bulunmad\u0131\u011f\u0131n\u0131, sadece o y\u0131l\u0131n enflasyonunun maliyetine eklendi\u011fini ifade etti.<\/p>\n<p style=\"text-align: justify;\">TOK\u0130&#8217;nin dar gelirli, orta tabaka, orta tabakan\u0131n \u00fczerinde de has\u0131lat payla\u015f\u0131m\u0131yla da \u00e7ok daha kaliteli ve l\u00fcks konutlar yapt\u0131\u011f\u0131n\u0131 kaydeden Erdo\u011fan, &#8221;Bu, bizi Mortgageye asla yem etmedi. Ve Mortgage, bizde \u00e7ok da tutulan bir uygulama olmad\u0131. \u015eu anda uygulamas\u0131 var o ayr\u0131 mesele. Toplu konutu g\u00f6ren, ona \u00e7ok fazla itibar etmiyor&#8221; diye konu\u015ftu.<\/p>\n<p style=\"text-align: justify;\">&#8221;D\u00dcNYA D\u00dc\u015e\u00dcNMEL\u0130D\u0130R&#8221;<\/p>\n<p style=\"text-align: justify;\">Ba\u015fbakan Erdo\u011fan, \u00f6zellikle geli\u015fmi\u015f \u00fclkelerde h\u0131rs ve kanaatsizli\u011fin t\u00fcrl\u00fc tehlikeler ortaya \u00e7\u0131kard\u0131\u011f\u0131n\u0131n hep birlikte izlendi\u011fini ifade ederek, \u015f\u00f6yle konu\u015ftu:<\/p>\n<p style=\"text-align: justify;\">&#8221;\u0130\u015fte bu krizlerin arkas\u0131nda d\u00fcnya, ba\u015f\u0131n\u0131 iki elinin aras\u0131na al\u0131p d\u00fc\u015f\u00fcnmelidir. Acaba d\u00fcnyada bu finans krizlerinin arkas\u0131nda yolsuzluklar var m\u0131, yok mu? Bunun \u00fczerinde de d\u00fc\u015f\u00fcnmelidirler. Olay\u0131 farkl\u0131 yerlere yorman\u0131n anlam\u0131 yok. \u0130\u015fin i\u00e7inde bunlar da var. Orada b\u00fcy\u00fck oyuncular var. Ve b\u00fcy\u00fck oynad\u0131lar, bedeli de \u00e7ok a\u011f\u0131r oldu. S\u0131n\u0131rs\u0131z kar tutkusu, s\u0131n\u0131rs\u0131z tatmin tutkusu, dev bankalar\u0131, finans \u015firketlerini, kredi kurulu\u015flar\u0131, sigorta \u015firketlerini bir anda \u00e7\u00f6k\u00fc\u015f\u00fcn i\u00e7ine \u00e7ekti.&#8221;<\/p>\n<p style=\"text-align: justify;\">Yard\u0131mla\u015fmay\u0131, dayan\u0131\u015fmay\u0131, yoksullarla payla\u015fmay\u0131 tavsiye eden, kom\u015fusu a\u00e7ken tok yatmay\u0131 felaketin ba\u015flang\u0131c\u0131 g\u00f6ren bir medeniyetten geldiklerini ifade eden Erdo\u011fan, d\u00fcnyan\u0131n bir k\u00f6\u015fesi yoksullukla ve a\u00e7l\u0131kla m\u00fccadele ederken di\u011fer k\u00f6\u015fesinin s\u0131n\u0131rs\u0131z bir l\u00fcks i\u00e7inde ya\u015fam\u0131n\u0131 s\u00fcrd\u00fcrmesinin m\u00fcmk\u00fcn ve s\u00fcrd\u00fcr\u00fclebilir olmad\u0131\u011f\u0131n\u0131 kaydetti.<\/p>\n<p style=\"text-align: justify;\">Erdo\u011fan, &#8221;Bunun faturas\u0131 a\u011f\u0131r olacakt\u0131r. Nitekim bu fatura da \u015fu anda \u00f6deniyor. Bu kriz, ilgili \u00fclkelere umuyorum ve inan\u0131yorum ki dayan\u0131\u015fmay\u0131, payla\u015fmay\u0131 ve yard\u0131mla\u015fmay\u0131 da \u00f6\u011fretecektir&#8221; dedi.<\/p>\n<p style=\"text-align: justify;\">\u00d6zellikle b\u00f6lgesel sorunlar, dayan\u0131\u015fma ve i\u015fbirli\u011fi noktas\u0131nda ili\u015fkilerin daha da art\u0131r\u0131lmas\u0131 gerekti\u011fini dile getiren Erdo\u011fan, b\u00f6lgesel \u00f6rg\u00fct ve te\u015fkilatlar\u0131n bu meselelere daha yo\u011fun e\u011filmesi gerekti\u011fini, alternatifler \u00fcretmesi gerekti\u011fini s\u00f6yledi.<\/p>\n<p style=\"text-align: justify;\">&#8221;EL ELE VER\u0130P YARDIMCI OLMAMIZ GEREK\u0130YOR&#8221;<\/p>\n<p style=\"text-align: justify;\">D\u00fcnyan\u0131n de\u011fi\u015fik yerlerinde insanlar\u0131n sefalet i\u00e7inde ya\u015fad\u0131\u011f\u0131n\u0131n bilindi\u011fini anlatan Erdo\u011fan, Darfur, Hindistan, Pakistan gibi bir\u00e7ok yerde bu sefaletlerin g\u00f6r\u00fcld\u00fc\u011f\u00fcn\u00fc anlatt\u0131. Bu \u00fclkelerdeki insanlara ne yap\u0131labilece\u011fi noktas\u0131nda d\u00fc\u015f\u00fcn\u00fclmesi gerekti\u011fini dile getiren Erdo\u011fan, \u015funlar\u0131 s\u00f6yledi:<br \/>\n&#8221;Bu b\u00fcy\u00fck paralar\u0131 harcayanlar Afganistan&#8217;\u0131n kalk\u0131nmas\u0131 i\u00e7in ne yapt\u0131lar? Irak ayn\u0131 durumda&#8230; Ama acaba Irak, medeniyetler \u00fclkesi yeniden asl\u0131na ka\u00e7 10 y\u0131lda d\u00f6nebilecek? Afganistan geli\u015fmi\u015f \u00fclkeler stat\u00fcs\u00fcn\u00fc ne zaman kazanabilecek? Orada \u00e7ocuklar\u0131n gidece\u011fi okul, hastaneler, sa\u011fl\u0131k ocaklar\u0131 var m\u0131, bunlar\u0131 d\u00fc\u015f\u00fcnmemiz laz\u0131m.<\/p>\n<p style=\"text-align: justify;\">Ben bizzat gitti\u011fim, g\u00f6rd\u00fc\u011f\u00fcm yerleri anlat\u0131yorum. Hayal aleminde konu\u015fmuyorum, televizyon ekranlar\u0131ndan yans\u0131t\u0131lanlar\u0131 da s\u00f6ylemiyorum. Darfur&#8217;da ayn\u0131 \u015feyi g\u00f6rd\u00fcm. \u00c7ad\u0131rdan ba\u015fka her \u015feye benzeyen \u00e7ad\u0131rlar\u0131n i\u00e7inde ya\u015fanan hayat\u0131 g\u00f6rd\u00fcm. Hijyenik olmayan ko\u015fullarda \u00e7ocuklar\u0131n jiletlerle nas\u0131l s\u00fcnnet edildi\u011fini g\u00f6rd\u00fcm. Bize sorumluluk d\u00fc\u015fm\u00fcyor mu? \u0130\u015f adamlar\u0131m\u0131za sorumluluk d\u00fc\u015fm\u00fcyor mu? Hep birlikte burada el ele verip bunlara m\u00fcdahil olmam\u0131z, yard\u0131mc\u0131 olmam\u0131z gerekiyor. \u0130nan\u0131yorum ki bu hassasiyet bu bulu\u015fmalarda m\u00fczakere edilecek ve ad\u0131mlar at\u0131lacakt\u0131r.&#8221;<br \/>\nBa\u015fbakan Erdo\u011fan&#8217;a konu\u015fmas\u0131n\u0131n ard\u0131ndan M\u00dcS\u0130AD Genel Ba\u015fkan\u0131 \u00d6mer Cihad Vardan taraf\u0131ndan \u00e7ini vazo hediye edildi.\n<\/p>\n<p style=\"text-align: justify;\">A\u00e7\u0131l\u0131\u015f t\u00f6reni sonras\u0131nda Ba\u015fbakan Erdo\u011fan, Devlet Bakan\u0131 K\u00fcr\u015fad T\u00fczmen, Maliye Bakan\u0131 Kemal Unak\u0131tan, M\u00dcS\u0130AD Genel Ba\u015fkan\u0131 Vardan, Uluslararas\u0131 \u0130\u015f Forumu Ba\u015fkan\u0131 Erol Yarar, \u0130slam Ticaret ve Sanayi Odas\u0131 Ba\u015fkan\u0131 Shaskh Saleh Abdullah Kamel, \u0130slam Kalk\u0131nma Bankas\u0131 Ba\u015fkan\u0131 Ahmed Mohammed Ali&#8217;nin de bulundu\u011fu forum kat\u0131l\u0131mc\u0131lar\u0131 aile foto\u011fraf\u0131 \u00e7ektirdi.<\/p>\n<p style=\"text-align: justify;\"><span style=\"color: #888888;\">( Sabah )<\/span><\/p>\n","protected":false},"excerpt":{"rendered":"<p style=\"text-align: center;\">\n<p style=\"text-align: justify;\">Ba\u015fbakan Erdo\u011fan, i\u015f adamlar\u0131ndan \u00f6zellikle bu noktada hassas olmalar\u0131n\u0131 isteyerek, &#8221;Ekonomik kalk\u0131nman\u0131n, ticaretin, yat\u0131r\u0131m\u0131n, \u00fcretimin \u00f6n\u00fcnde \u00f6nemli bir engel te\u015fkil eden ter\u00f6r\u00fcn panzehiri ayn\u0131 zamanda ekonomik kalk\u0131nma, ticaret, yat\u0131r\u0131m ve \u00fcretimdir&#8221; dedi..<\/p>\n<p style=\"text-align: justify;\">Ba\u015fbakan Recep Tayyip Erdo\u011fan, Irak&#8217;\u0131n kuzeyine yerle\u015fen ter\u00f6r \u00f6rg\u00fct\u00fcn\u00fcn sadece T\u00fcrkiye&#8217;yi tehdit etti\u011fine inananlar\u0131n yan\u0131laca\u011f\u0131n\u0131 ifade <\/p>\n","protected":false},"author":1,"featured_media":0,"comment_status":"open","ping_status":"open","sticky":false,"template":"","format":"standard","meta":{"footnotes":""},"categories":[105],"tags":[],"class_list":["post-2047","post","type-post","status-publish","format-standard","hentry","category-gundem","odd"],"_links":{"self":[{"href":"http:\/\/www.korhanyilmaz.com\/index.php?rest_route=\/wp\/v2\/posts\/2047","targetHints":{"allow":["GET"]}}],"collection":[{"href":"http:\/\/www.korhanyilmaz.com\/index.php?rest_route=\/wp\/v2\/posts"}],"about":[{"href":"http:\/\/www.korhanyilmaz.com\/index.php?rest_route=\/wp\/v2\/types\/post"}],"author":[{"embeddable":true,"href":"http:\/\/www.korhanyilmaz.com\/index.php?rest_route=\/wp\/v2\/users\/1"}],"replies":[{"embeddable":true,"href":"http:\/\/www.korhanyilmaz.com\/index.php?rest_route=%2Fwp%2Fv2%2Fcomments&post=2047"}],"version-history":[{"count":0,"href":"http:\/\/www.korhanyilmaz.com\/index.php?rest_route=\/wp\/v2\/posts\/2047\/revisions"}],"wp:attachment":[{"href":"http:\/\/www.korhanyilmaz.com\/index.php?rest_route=%2Fwp%2Fv2%2Fmedia&parent=2047"}],"wp:term":[{"taxonomy":"category","embeddable":true,"href":"http:\/\/www.korhanyilmaz.com\/index.php?rest_route=%2Fwp%2Fv2%2Fcategories&post=2047"},{"taxonomy":"post_tag","embeddable":true,"href":"http:\/\/www.korhanyilmaz.com\/index.php?rest_route=%2Fwp%2Fv2%2Ftags&post=2047"}],"curies":[{"name":"wp","href":"https:\/\/api.w.org\/{rel}","templated":true}]}}