{"id":20436,"date":"2010-03-12T14:44:29","date_gmt":"2010-03-12T12:44:29","guid":{"rendered":"http:\/\/www.korhanyilmaz.com\/?p=20436"},"modified":"2010-03-12T14:44:29","modified_gmt":"2010-03-12T12:44:29","slug":"adli-tip-hakimi-isyan-ettirdi","status":"publish","type":"post","link":"http:\/\/www.korhanyilmaz.com\/?p=20436","title":{"rendered":"Adli T\u0131p hakimi isyan ettirdi"},"content":{"rendered":"<p><a href=\"http:\/\/www.korhanyilmaz.com\/wp-content\/uploads\/2010\/03\/adli.jpg\"  class=\"lightview\"><img loading=\"lazy\" decoding=\"async\" class=\"aligncenter size-full wp-image-20437\" src=\"http:\/\/www.korhanyilmaz.com\/wp-content\/uploads\/2010\/03\/adli.jpg\" alt=\"\" width=\"290\" height=\"220\" \/><\/a><\/p>\n<p style=\"text-align: justify;\">Adli T\u0131p, 14 ki\u015finin tecav\u00fcz etti\u011fi k\u0131z\u0131n ruh sa\u011fl\u0131\u011f\u0131n\u0131 muayene i\u00e7in 1 y\u0131l 9 ay sonraya g\u00fcn verince, h\u00e2kim isyan etti: Biraz ak\u0131l, vicdan<\/p>\n<p style=\"text-align: justify;\"><strong>\u201c5 Ekim 2011\u2019 de Gel\u201d <\/strong><\/p>\n<p style=\"text-align: justify;\">Afyon\u2019da 14 ya\u015f\u0131ndaki k\u0131zla zorla ili\u015fkiye giren 14 erkek, May\u0131s 2009\u2019da yakaland\u0131. Adli T\u0131p, k\u0131z i\u00e7in 1 Kas\u0131m 2010\u2019a muayene tarihi verdi. Zanl\u0131lar b\u0131rak\u0131l\u0131nca, mahkeme yeni tarih istedi. Adli T\u0131p bu kez \u201c5 Ekim 2011\u201d dedi. <!--more--><\/p>\n<p style=\"text-align: justify;\"><strong>Bakan\u0131n Haberi Yok <\/strong><\/p>\n<p style=\"text-align: justify;\">Adli T\u0131p\u2019\u0131n 1 y\u0131l 9 ay sonraya tarih vermesi, Afyon 1. Ceza H\u00e2kimi Mehmet G\u00fcl\u00e7ek\u2019i isyan ettirdi. H\u00e2kim internette yazd\u0131: \u201cSay\u0131n Bakan, size ba\u011fl\u0131 kurumlar\u0131n ne halde oldu\u011fundan haberiniz yok! Ak\u0131l ve vicdan sahiplerine duyurulur.\u201d<\/p>\n<p style=\"text-align: justify;\"><strong>Adli T\u0131p\u2019\u0131n 2 y\u0131l sonraya g\u00fcn vermesi h\u00e2kimi isyan ettirdi <\/strong><\/p>\n<p style=\"text-align: justify;\">14 ki\u015finin tecav\u00fcz\u00fcne u\u011frad\u0131\u011f\u0131 iddia edilen 14 ya\u015f\u0131ndaki k\u0131z\u0131n muayenesi i\u00e7in iki y\u0131l sonras\u0131na g\u00fcn verilmesine isyan eden h\u00e2kim, internet platformundan Adalet Bakan\u0131\u2019na seslenerek, \u201cSay\u0131n Bakan kendinize ba\u011fl\u0131 kurumlar\u0131n ne durumda oldu\u011fundan haberiniz yok!\u201d dedi<\/p>\n<p style=\"text-align: justify;\">C\u0130NSEL istismar ve tecav\u00fcz vakalar\u0131nda ma\u011fdurlar\u0131n beden ve ruh sa\u011fl\u0131\u011f\u0131n\u0131 incelemede tek yetkili kurum olan Adli T\u0131p Kurumu, Afyonkarahisar\u2019daki bir davada muayene tarihini 21 ay sonras\u0131na verince davaya bakan Afyonkarahisar 1. A\u011f\u0131r Ceza Mahkemesi \u00fcyesi H\u00e2kim Mehmet G\u00fcl\u00e7ek isyan\u0131n\u0131 dile getirdi. Savc\u0131 ve h\u00e2kimlerin kulland\u0131\u011f\u0131 internet platformundan do\u011frudan Adalet Bakan\u0131 Sadullah Ergin\u2019e seslenen G\u00fcl\u00e7ek, \u201cSay\u0131n Bakan, kendinize ba\u011fl\u0131 kurumlar\u0131n ne durumda oldu\u011fundan haberiniz yok!\u201d dedi.<\/p>\n<p style=\"text-align: justify;\"><strong>\u2018Ak\u0131l ve Vicdan Sahiplerine Duyurulur\u2019<\/strong><\/p>\n<p style=\"text-align: justify;\">G\u00fcl\u00e7ek isyan\u0131n\u0131 \u015f\u00f6yle dile getirdi: \u201cSay\u0131n Bakan\u0131n son d\u00f6nemde \u00e7ok yo\u011fun g\u00fcndemi var. Ama kendine ba\u011fl\u0131 kurumlar\u0131n ne durumda oldu\u011fundan haberi yok san\u0131r\u0131m. Mahkememizin bir dava dosyas\u0131nda Adli T\u0131p Kurumu\u2019ndan gelen yaz\u0131da ma\u011fdurenin muayenesinin 5 Ekim 2011 tarihinde yap\u0131laca\u011f\u0131 belirtilmi\u015ftir! Evet yanl\u0131\u015f okumad\u0131n\u0131z 5 Ekim 2011 tarihinde! Yani 1.5 y\u0131l\u0131 a\u015fk\u0131n s\u00fcre sonra muayenenin yap\u0131laca\u011f\u0131 ve ondan sonra raporun d\u00fczenlenece\u011fi bildirilmi\u015ftir. Elimizde \u015fu anda bu raporun al\u0131nmas\u0131 gerekli tutuklu dosyalar bulunmakta, rapor al\u0131namad\u0131\u011f\u0131 i\u00e7in bir\u00e7ok dava s\u00fcr\u00fcncemede kalmaktad\u0131r. Say\u0131n Adalet Bakan\u0131\u2019n\u0131n bu yo\u011fun g\u00fcndeminde bakanl\u0131\u011f\u0131na ba\u011fl\u0131 kurumlar\u0131n ne durumda oldu\u011funu birileri kendilerine iletebilir ise kuruma birka\u00e7 psikolo\u011fun al\u0131nmas\u0131 halinde idarenin keyfi anlay\u0131\u015f\u0131 sonucu ya\u015fanan ma\u011fduriyet giderilmi\u015f olur. Ak\u0131l ve vicdan sahiplerine duyurulur.\u201d<\/p>\n<p style=\"text-align: justify;\"><strong>14 tutuklu serbest kald\u0131 <\/strong><\/p>\n<p style=\"text-align: justify;\">Afyonkarahisar 1. A\u011f\u0131r Ceza Mahkemesi\u2019ndeki dava dosyas\u0131na g\u00f6re Y.O. adl\u0131 14 ya\u015f\u0131ndaki k\u0131z \u00e7ocu\u011fuyla zorla ili\u015fkiye girdikleri iddia edilen 17 ki\u015fiden 14\u2019\u00fc May\u0131s 2009\u2019da tutukland\u0131. \u0130lk muayenede Y.O.\u2019nun bakire olmad\u0131\u011f\u0131 ve ruh sa\u011fl\u0131\u011f\u0131n\u0131n bozuldu\u011funa dair rapor al\u0131nd\u0131. Savc\u0131l\u0131k, muayene i\u00e7in Y.O.\u2019yu \u0130stanbul Adli T\u0131p\u2019a g\u00f6nderdi. Ancak kurum, 1 Kas\u0131m 2010\u2019a randevu verdi. 25 y\u0131la kadar hapis istemiyle yarg\u0131lanan 14 tutuklu, beklenen raporun gecikece\u011fi dikkate al\u0131narak 15 Temmuz 2009\u2019da kefaletle serbest b\u0131rak\u0131ld\u0131. Mahkemenin muayene tarihinin erkene al\u0131nmas\u0131 talebi \u00fczerine Adli T\u0131p bu kez 5 Ekim 2011 tarihinin uygun oldu\u011funu bildirdi.<\/p>\n<p style=\"text-align: justify;\"><strong>Ba\u015fkan da \u0130syan Etmi\u015fti <\/strong><\/p>\n<p style=\"text-align: justify;\">Cinsel istismar dosyalar\u0131na bakan eski Adli T\u0131p Kurumu 6. \u0130htisas Dairesi Ba\u015fkan\u0131 Prof. Dr. Bayram Mert Savrun, HABERT\u00dcRK\u2019e 16  May\u0131s 2009\u2019da verdi\u011fi \u00f6zel r\u00f6portajda, g\u00fcnde en fazla 15 dosyaya bakabildiklerini, dosya yo\u011funlu\u011fu nedeniyle de 2011\u2019e sarkan randevular oldu\u011funu a\u00e7\u0131klam\u0131\u015ft\u0131.,<\/p>\n<p style=\"text-align: justify;\"><span style=\"color: #888888;\">Ak\u015fam<\/span><\/p>\n","protected":false},"excerpt":{"rendered":"<\/p>\n<p style=\"text-align: justify;\">Adli T\u0131p, 14 ki\u015finin tecav\u00fcz etti\u011fi k\u0131z\u0131n ruh sa\u011fl\u0131\u011f\u0131n\u0131 muayene i\u00e7in 1 y\u0131l 9 ay sonraya g\u00fcn verince, h\u00e2kim isyan etti: Biraz ak\u0131l, vicdan<\/p>\n<p style=\"text-align: justify;\">\u201c5 Ekim 2011\u2019 de Gel\u201d <\/p>\n<p style=\"text-align: justify;\">Afyon\u2019da 14 ya\u015f\u0131ndaki k\u0131zla zorla ili\u015fkiye giren 14 erkek, May\u0131s 2009\u2019da yakaland\u0131. Adli T\u0131p, k\u0131z i\u00e7in 1 Kas\u0131m <\/p>\n","protected":false},"author":1,"featured_media":0,"comment_status":"open","ping_status":"closed","sticky":false,"template":"","format":"standard","meta":{"footnotes":""},"categories":[105],"tags":[],"class_list":["post-20436","post","type-post","status-publish","format-standard","hentry","category-gundem","odd"],"_links":{"self":[{"href":"http:\/\/www.korhanyilmaz.com\/index.php?rest_route=\/wp\/v2\/posts\/20436","targetHints":{"allow":["GET"]}}],"collection":[{"href":"http:\/\/www.korhanyilmaz.com\/index.php?rest_route=\/wp\/v2\/posts"}],"about":[{"href":"http:\/\/www.korhanyilmaz.com\/index.php?rest_route=\/wp\/v2\/types\/post"}],"author":[{"embeddable":true,"href":"http:\/\/www.korhanyilmaz.com\/index.php?rest_route=\/wp\/v2\/users\/1"}],"replies":[{"embeddable":true,"href":"http:\/\/www.korhanyilmaz.com\/index.php?rest_route=%2Fwp%2Fv2%2Fcomments&post=20436"}],"version-history":[{"count":0,"href":"http:\/\/www.korhanyilmaz.com\/index.php?rest_route=\/wp\/v2\/posts\/20436\/revisions"}],"wp:attachment":[{"href":"http:\/\/www.korhanyilmaz.com\/index.php?rest_route=%2Fwp%2Fv2%2Fmedia&parent=20436"}],"wp:term":[{"taxonomy":"category","embeddable":true,"href":"http:\/\/www.korhanyilmaz.com\/index.php?rest_route=%2Fwp%2Fv2%2Fcategories&post=20436"},{"taxonomy":"post_tag","embeddable":true,"href":"http:\/\/www.korhanyilmaz.com\/index.php?rest_route=%2Fwp%2Fv2%2Ftags&post=20436"}],"curies":[{"name":"wp","href":"https:\/\/api.w.org\/{rel}","templated":true}]}}