{"id":20432,"date":"2010-03-12T13:18:35","date_gmt":"2010-03-12T11:18:35","guid":{"rendered":"http:\/\/www.korhanyilmaz.com\/?p=20432"},"modified":"2010-03-12T13:18:35","modified_gmt":"2010-03-12T11:18:35","slug":"trt-gerceklesmeyeni-haber-yapma-basarisini-gosteren-kanal","status":"publish","type":"post","link":"http:\/\/www.korhanyilmaz.com\/?p=20432","title":{"rendered":"TRT : Ger\u00e7ekle\u015fmeyeni haber yapma ba\u015far\u0131s\u0131n\u0131(!) g\u00f6steren kanal"},"content":{"rendered":"<p style=\"text-align: center;\"><a href=\"http:\/\/www.korhanyilmaz.com\/wp-content\/uploads\/2010\/03\/TRT.jpg\"  class=\"lightview\"><img loading=\"lazy\" decoding=\"async\" class=\"aligncenter size-full wp-image-20433\" src=\"http:\/\/www.korhanyilmaz.com\/wp-content\/uploads\/2010\/03\/TRT.jpg\" alt=\"\" width=\"329\" height=\"210\" \/><\/a><\/p>\n<p style=\"text-align: justify;\">TRT \u00f6zellikle son d\u00f6nemdeki habercilik anlay\u0131\u015f\u0131yla tepki topluyor.<\/p>\n<p style=\"text-align: justify;\">Sabih Kanado\u011flu ile \u00c7etin Do\u011fan&#8217;\u0131n hen\u00fcz evleri bile aranmadan g\u00f6zalt\u0131na al\u0131nd\u0131klar\u0131n\u0131 duyuran TRT 2 kanal\u0131, d\u00fcn de Etimesgut&#8217;ta \u00e7evrilen TSK kamyonu haberiyle bir kez daha &#8216;hen\u00fcz ger\u00e7ekle\u015fmeyeni haber yapma&#8217; ba\u015far\u0131s\u0131n\u0131(!) g\u00f6sterdi. Ancak bu sefer haber di\u011ferleri gibi ger\u00e7ek \u00e7\u0131kmad\u0131.<!--more--><\/p>\n<p style=\"text-align: justify;\">Yarg\u0131tay Onursal Ba\u015fsavc\u0131s\u0131 Sabih Kanado\u011flu ile 1. Ordu eski Komutan\u0131 emekli Orgeneral \u00c7etin Do\u011fan&#8217;\u0131n hen\u00fcz evleri bile aranmadan g\u00f6zalt\u0131na al\u0131nd\u0131klar\u0131n\u0131 duyuran TRT 2 kanal\u0131, Etimesgut&#8217;ta \u00e7evrilen TSK kamyonu haberiyle yine &#8216;hen\u00fcz ger\u00e7ekle\u015fmeyeni haber yapan&#8217; kanal olarak yine televizyonluluk tarihine ge\u00e7ti. Haberi NTV ile ayn\u0131 anda &#8216;son dakika&#8217; duyuran TRT, &#8216;kamyonda bulunan el bombalar\u0131n\u0131n seri numaralar\u0131n\u0131n silindi\u011fi ve arac\u0131n g\u00f6rev belgesinin bulunmad\u0131\u011f\u0131&#8217; iddias\u0131nda da yer verdi. Ancak ilerleyen saatlerde bu iddian\u0131n ger\u00e7ek olmad\u0131\u011f\u0131 ortaya \u00e7\u0131kt\u0131 ve TRT ele\u015ftirilere hedef oldu.<\/p>\n<p style=\"text-align: justify;\"><span style=\"color: #000000;\"><strong>Ku\u015f U\u00e7urmuyoruz <\/strong><\/span><\/p>\n<p style=\"text-align: justify;\">Ele\u015ftirilerle ilgili AK\u015eAM&#8217;\u0131n sorular\u0131n\u0131 yan\u0131tlayan TRT Haber Dairesi Ba\u015fkan\u0131 Ahmet \u00c7avu\u015fo\u011flu, &#8216;Bize ula\u015fan ilk duyumlar\u0131 verdik. Jandarma a\u00e7\u0131klama yap\u0131nca onu da kulland\u0131k. Biz habercilik yap\u0131yoruz&#8217; dedi. TRT&#8217;de son d\u00f6nemde yap\u0131lan haberlerle &#8216;TSK&#8217;n\u0131n y\u0131pratt\u0131\u011f\u0131&#8217; iddias\u0131yla ilgili ise \u00c7avu\u015fo\u011flu, &#8216;TSK, g\u00f6zbebe\u011fimiz, y\u0131pratmam\u0131z asla s\u00f6z konusu olamaz&#8217; diye konu\u015ftu.\u00c7avu\u015fo\u011flu, \u015funlar\u0131 s\u00f6yledi:<\/p>\n<p style=\"text-align: justify;\">&#8216;Her yerde muhabirlerimiz var. Ku\u015f u\u00e7urtmuyoruz, bir\u00e7ok haberi ilk biz duyuruyoruz. Haber atlad\u0131\u011f\u0131m\u0131z zaman muhabirlerin can\u0131na okuyorum. Kamyonla ilgili bilgileri izleyicilerimize aktar\u0131rken de, &#8216;iddia&#8217; oldu\u011funun alt\u0131n\u0131 \u00e7izdik. \u0130lerleyen saatlerde jandarmadan gelen a\u00e7\u0131klamay\u0131 da haber olarak hemen kulland\u0131k.<\/p>\n<p style=\"text-align: justify;\">TSK&#8217;y\u0131 y\u0131pratmak gibi bir amac\u0131m\u0131z olabilir mi? TSK&#8217;y\u0131 neden y\u0131pratal\u0131m. TSK bizim g\u00f6zbebe\u011fimizdir. TRT olarak sadece iyi habercilik yapmaya \u00e7al\u0131\u015f\u0131yoruz.&#8217;<\/p>\n<p style=\"text-align: justify;\"><strong>TRT2&#8242; nin Son Dakika Bombalar\u0131 <\/strong><\/p>\n<p style=\"text-align: justify;\">&#8211; 8 Ocak 2009: Yarg\u0131tay Onursal Ba\u015fsavc\u0131s\u0131 Sabih Kanado\u011flu&#8217;nun Ergenekon soru\u015fturmas\u0131 kapsam\u0131nda g\u00f6zalt\u0131na al\u0131nd\u0131\u011f\u0131 y\u00f6n\u00fcnde haber verildi. Ancak Kanado\u011flu&#8217;nun hen\u00fcz evinde arama bile yap\u0131lmam\u0131\u015ft\u0131.<\/p>\n<p style=\"text-align: justify;\">&#8211; 12 Ocak 2009: Ankara Zir Vadisi&#8217;nde g\u00f6m\u00fcl\u00fc silahlar oldu\u011fu ihbar\u0131 \u00fczerine kaz\u0131 \u00e7al\u0131\u015fmalar\u0131 ba\u015flat\u0131l\u0131rken, TRT ekibi silahlar\u0131n adedini ve tipini a\u00e7\u0131klad\u0131. Olay yerinden canl\u0131 olarak yap\u0131lan bu anonslar s\u0131ras\u0131nda ise kaz\u0131lara hen\u00fcz yeni ba\u015flanm\u0131\u015ft\u0131.<\/p>\n<p style=\"text-align: justify;\">&#8211; 22 \u015eubat 2010: Balyoz Operasyonu kapsam\u0131nda evinde arama yap\u0131lan eski 1. Ordu Komutan\u0131 Emekli Orgeneral \u00c7etin Do\u011fan&#8217;\u0131n g\u00f6zalt\u0131na al\u0131nd\u0131\u011f\u0131 yolundaki haberi de yine ilk kez TRT 2 yay\u0131nlad\u0131. Alt yaz\u0131 ile son dakika olarak verilen bu haber sonras\u0131 di\u011fer televizyoncular emekli pa\u015fa ile telefon ba\u011flant\u0131s\u0131 kurdu. \u00c7etin Do\u011fan ak\u015fam saatlerinde g\u00f6zalt\u0131na al\u0131nd\u0131.<\/p>\n<p style=\"text-align: justify;\">&#8211; 10 Mart 2010: &#8216;Ankara&#8217;da bomba y\u00fckl\u00fc kamyon ele ge\u00e7irildi&#8217; y\u00f6n\u00fcndeki haberler hemen t\u00fcm haber kanallar\u0131nda d\u00f6nd\u00fc. Ancak TRT 2 kamyonda bulundu\u011fu iddia edilen bombalar\u0131n seri numaralar\u0131n\u0131n silindi\u011fini duyurdu.<\/p>\n<p style=\"text-align: justify;\"><span style=\"color: #888888;\">Volkan YANARDA\u011e \/ AK\u015eAM<\/span><\/p>\n","protected":false},"excerpt":{"rendered":"<p style=\"text-align: center;\">\n<p style=\"text-align: justify;\">TRT \u00f6zellikle son d\u00f6nemdeki habercilik anlay\u0131\u015f\u0131yla tepki topluyor.<\/p>\n<p style=\"text-align: justify;\">Sabih Kanado\u011flu ile \u00c7etin Do\u011fan&#8217;\u0131n hen\u00fcz evleri bile aranmadan g\u00f6zalt\u0131na al\u0131nd\u0131klar\u0131n\u0131 duyuran TRT 2 kanal\u0131, d\u00fcn de Etimesgut&#8217;ta \u00e7evrilen TSK kamyonu haberiyle bir kez daha &#8216;hen\u00fcz ger\u00e7ekle\u015fmeyeni haber yapma&#8217; ba\u015far\u0131s\u0131n\u0131(!) g\u00f6sterdi. Ancak bu sefer haber di\u011ferleri gibi ger\u00e7ek \u00e7\u0131kmad\u0131.<\/p>\n","protected":false},"author":1,"featured_media":0,"comment_status":"open","ping_status":"closed","sticky":false,"template":"","format":"standard","meta":{"footnotes":""},"categories":[105],"tags":[],"class_list":["post-20432","post","type-post","status-publish","format-standard","hentry","category-gundem","odd"],"_links":{"self":[{"href":"http:\/\/www.korhanyilmaz.com\/index.php?rest_route=\/wp\/v2\/posts\/20432","targetHints":{"allow":["GET"]}}],"collection":[{"href":"http:\/\/www.korhanyilmaz.com\/index.php?rest_route=\/wp\/v2\/posts"}],"about":[{"href":"http:\/\/www.korhanyilmaz.com\/index.php?rest_route=\/wp\/v2\/types\/post"}],"author":[{"embeddable":true,"href":"http:\/\/www.korhanyilmaz.com\/index.php?rest_route=\/wp\/v2\/users\/1"}],"replies":[{"embeddable":true,"href":"http:\/\/www.korhanyilmaz.com\/index.php?rest_route=%2Fwp%2Fv2%2Fcomments&post=20432"}],"version-history":[{"count":0,"href":"http:\/\/www.korhanyilmaz.com\/index.php?rest_route=\/wp\/v2\/posts\/20432\/revisions"}],"wp:attachment":[{"href":"http:\/\/www.korhanyilmaz.com\/index.php?rest_route=%2Fwp%2Fv2%2Fmedia&parent=20432"}],"wp:term":[{"taxonomy":"category","embeddable":true,"href":"http:\/\/www.korhanyilmaz.com\/index.php?rest_route=%2Fwp%2Fv2%2Fcategories&post=20432"},{"taxonomy":"post_tag","embeddable":true,"href":"http:\/\/www.korhanyilmaz.com\/index.php?rest_route=%2Fwp%2Fv2%2Ftags&post=20432"}],"curies":[{"name":"wp","href":"https:\/\/api.w.org\/{rel}","templated":true}]}}