{"id":20417,"date":"2010-03-11T18:39:23","date_gmt":"2010-03-11T16:39:23","guid":{"rendered":"http:\/\/www.korhanyilmaz.com\/?p=20417"},"modified":"2010-03-11T18:39:23","modified_gmt":"2010-03-11T16:39:23","slug":"bu-odada-kim-kaldi","status":"publish","type":"post","link":"http:\/\/www.korhanyilmaz.com\/?p=20417","title":{"rendered":"Bu Odada Kim Kald\u0131?"},"content":{"rendered":"<p style=\"text-align: center;\"><a href=\"http:\/\/www.korhanyilmaz.com\/wp-content\/uploads\/2010\/03\/otel.jpg\"  class=\"lightview\"><img loading=\"lazy\" decoding=\"async\" class=\"aligncenter size-full wp-image-20418\" src=\"http:\/\/www.korhanyilmaz.com\/wp-content\/uploads\/2010\/03\/otel.jpg\" alt=\"\" width=\"258\" height=\"221\" \/><\/a><\/p>\n<p style=\"text-align: justify;\">Bu otel, \u0130stanbul&#8217;un g\u00fczide mekanlar\u0131ndan Be\u015fikta\u015f&#8217;ta. Odan\u0131n bir geceli\u011fi 270 Avro art\u0131 KDV. Hem de T\u00fcrkiye&#8217;nin en pahal\u0131 oteli. Bu odada iki gece konaklad\u0131\u011f\u0131n\u0131zda yakla\u015f\u0131k bin 331 lira (eski deyimle 1 milyar 331 milyon lira) \u00f6d\u00fcyorsunuz. Yani bir asgari \u00fccretlinin 2 ayl\u0131k maa\u015f\u0131ndan daha fazla. Peki, durup dururken nerden \u00e7\u0131kt\u0131 bu otel odas\u0131? <!--more--><\/p>\n<p style=\"text-align: justify;\">A\u00e7\u0131klayal\u0131m: Bu otel odas\u0131nda iki gece (26-27 \u015eubat 2010 tarihlerinde) konaklayan ki\u015fi Adalet Bakanl\u0131\u011f\u0131 M\u00fcste\u015far\u0131<strong> Ahmet Kahraman.<\/strong><\/p>\n<p style=\"text-align: justify;\"><strong>Kabul Ettiler <\/strong><\/p>\n<p style=\"text-align: justify;\">\u0130stanbul Ba\u015fsavc\u0131vekili <strong>Turan \u00c7olakkad\u0131<\/strong> ile Adalet Bakanl\u0131\u011f\u0131 M\u00fcste\u015far\u0131 <strong>Ahmet Kahraman<\/strong>&#8216;\u0131n \u0130stanbul <strong>Four Seasons Otel<\/strong>&#8216;de yapt\u0131\u011f\u0131 g\u00f6r\u00fc\u015fmeyi \u00f6nce <strong>Adalet Bakanl\u0131\u011f\u0131<\/strong> kabul etti. Ard\u0131ndan bir a\u00e7\u0131klama da \u00c7olakkad\u0131&#8217;dan geldi.Ba\u015fsavc\u0131vekili \u00c7olakkad\u0131 \u015funlar\u0131 s\u00f6yledi: <span style=\"text-decoration: underline;\">&#8220;Balyoz tutuklamalar\u0131n\u0131n ya\u015fand\u0131\u011f\u0131 g\u00fcn Adalet Bakanl\u0131\u011f\u0131 M\u00fcste\u015far\u0131 ile ak\u015fam saatlerinde g\u00f6r\u00fc\u015ft\u00fcm. \u0130dari konular\u0131 konu\u015ftuk. Kesinlikle yarg\u0131lamalara ili\u015fkin bir konu konu\u015fmad\u0131k. G\u00f6r\u00fc\u015fmemizde n\u00f6bet\u00e7i hakim de yoktu&#8221;. <\/span><\/p>\n<p style=\"text-align: justify;\"><strong>Hakimle G\u00f6r\u00fc\u015fme Oldu mu?<\/strong><\/p>\n<p style=\"text-align: justify;\">\u00c7olakkad\u0131, M\u00fcste\u015far Ahmet Kahraman ile yapt\u0131\u011f\u0131 g\u00f6r\u00fc\u015fme esnas\u0131nda n\u00f6bet\u00e7i <strong>Hakim Ali Efendi Peksak<\/strong>&#8216;\u0131n orda bulunmad\u0131\u011f\u0131n\u0131 s\u00f6yl\u00fcyor. \u0130ddia da zaten bu de\u011fil. G\u00f6r\u00fc\u015fmeyi \u00fc\u00e7 ki\u015finin birlikte yapt\u0131\u011f\u0131 s\u00f6ylenmiyor. iddiaya g\u00f6re, M\u00fcste\u015far Ahmet Kahraman, n\u00f6bet\u00e7i Hakim Ali Efendi Peksak ile g\u00f6r\u00fc\u015ft\u00fckten sonra ayr\u0131ca \u00c7olakkad\u0131&#8217;yla g\u00f6r\u00fc\u015ft\u00fc.<\/p>\n<p style=\"text-align: justify;\"><strong>Ulusal Kanal&#8217;daki Bilgi<\/strong><\/p>\n<p style=\"text-align: justify;\">O g\u00fcn Ulusal Kanal muhabiri de \u0130stanbul Adliyesi&#8217;ndeydi. Emekli generaller, savc\u0131l\u0131\u011f\u0131n tutuklanma talebi ile n\u00f6bet\u00e7i mahkemeye g\u00f6nderildi\u011fi esnada, <strong>Hakim Ali Efendi Peksak<\/strong> ger\u00e7ekten de ortadan kaybolmu\u015ftu.<\/p>\n<p style=\"text-align: justify;\">Ulusal Kanal muhabirine bilgi veren bir adliye personeli, hakimin bir anda kayboldu\u011funu s\u00f6ylemi\u015fti. Adliye personelinin verdi\u011fi bilgiye g\u00f6re, <strong>hakim Peksak <\/strong>yakla\u015f\u0131k 1 saattir Adliyede de\u011fildi ve duru\u015fman\u0131n yap\u0131lmas\u0131 i\u00e7in herkes onu bekliyordu. Hakim Peksak, bu anlat\u0131mdan 15 dakika kadar sonra adliyeye gelmi\u015f ve generalleri tutuklam\u0131\u015ft\u0131.<\/p>\n<p style=\"text-align: justify;\"><span style=\"color: #888888;\">Haber Kayna\u011f\u0131 : <a href=\"http:\/\/ulusalkanal.com.tr\/index.php?option=com_content&amp;task=view&amp;id=13653&amp;Itemid=4\" target=\"_blank\">Ulusalkanal.com.tr<\/a><\/span><\/p>\n","protected":false},"excerpt":{"rendered":"<p style=\"text-align: center;\">\n<p style=\"text-align: justify;\">Bu otel, \u0130stanbul&#8217;un g\u00fczide mekanlar\u0131ndan Be\u015fikta\u015f&#8217;ta. Odan\u0131n bir geceli\u011fi 270 Avro art\u0131 KDV. Hem de T\u00fcrkiye&#8217;nin en pahal\u0131 oteli. Bu odada iki gece konaklad\u0131\u011f\u0131n\u0131zda yakla\u015f\u0131k bin 331 lira (eski deyimle 1 milyar 331 milyon lira) \u00f6d\u00fcyorsunuz. Yani bir asgari \u00fccretlinin 2 ayl\u0131k maa\u015f\u0131ndan daha fazla. Peki, durup dururken nerden \u00e7\u0131kt\u0131 <\/p>\n","protected":false},"author":1,"featured_media":0,"comment_status":"open","ping_status":"closed","sticky":false,"template":"","format":"standard","meta":{"footnotes":""},"categories":[105],"tags":[],"class_list":["post-20417","post","type-post","status-publish","format-standard","hentry","category-gundem","odd"],"_links":{"self":[{"href":"http:\/\/www.korhanyilmaz.com\/index.php?rest_route=\/wp\/v2\/posts\/20417","targetHints":{"allow":["GET"]}}],"collection":[{"href":"http:\/\/www.korhanyilmaz.com\/index.php?rest_route=\/wp\/v2\/posts"}],"about":[{"href":"http:\/\/www.korhanyilmaz.com\/index.php?rest_route=\/wp\/v2\/types\/post"}],"author":[{"embeddable":true,"href":"http:\/\/www.korhanyilmaz.com\/index.php?rest_route=\/wp\/v2\/users\/1"}],"replies":[{"embeddable":true,"href":"http:\/\/www.korhanyilmaz.com\/index.php?rest_route=%2Fwp%2Fv2%2Fcomments&post=20417"}],"version-history":[{"count":0,"href":"http:\/\/www.korhanyilmaz.com\/index.php?rest_route=\/wp\/v2\/posts\/20417\/revisions"}],"wp:attachment":[{"href":"http:\/\/www.korhanyilmaz.com\/index.php?rest_route=%2Fwp%2Fv2%2Fmedia&parent=20417"}],"wp:term":[{"taxonomy":"category","embeddable":true,"href":"http:\/\/www.korhanyilmaz.com\/index.php?rest_route=%2Fwp%2Fv2%2Fcategories&post=20417"},{"taxonomy":"post_tag","embeddable":true,"href":"http:\/\/www.korhanyilmaz.com\/index.php?rest_route=%2Fwp%2Fv2%2Ftags&post=20417"}],"curies":[{"name":"wp","href":"https:\/\/api.w.org\/{rel}","templated":true}]}}