{"id":20402,"date":"2010-03-12T08:13:41","date_gmt":"2010-03-12T06:13:41","guid":{"rendered":"http:\/\/www.korhanyilmaz.com\/?p=20402"},"modified":"2010-03-12T08:13:41","modified_gmt":"2010-03-12T06:13:41","slug":"ifade-ozgurlugunun-yeni-ilaci-cankayanin-sismani","status":"publish","type":"post","link":"http:\/\/www.korhanyilmaz.com\/?p=20402","title":{"rendered":"\u0130fade \u00f6zg\u00fcrl\u00fc\u011f\u00fcn\u00fcn yeni ilac\u0131: &#039;\u00c7ankaya&#039;n\u0131n \u015fi\u015fman\u0131&#039;"},"content":{"rendered":"<p style=\"text-align: center;\"><a href=\"http:\/\/www.korhanyilmaz.com\/wp-content\/uploads\/2010\/03\/ifade.jpeg\"  class=\"lightview\"><img loading=\"lazy\" decoding=\"async\" class=\"aligncenter size-full wp-image-20403\" src=\"http:\/\/www.korhanyilmaz.com\/wp-content\/uploads\/2010\/03\/ifade.jpeg\" alt=\"\" width=\"320\" height=\"225\" \/><\/a><\/p>\n<p style=\"text-align: justify;\">\u201c<strong>Tayyip, Allah belan\u0131 versin!<\/strong>\u201d deyince hakk\u0131nda, <strong>Ba\u015fbakan Recep Tayyip Erdo\u011fan<\/strong>&#8216;a hakaretten iki y\u0131la kadar hapis istemiyle dava a\u00e7\u0131lan Alper Ate\u015f, mahkeme &#8216;<strong>\u00c7ankaya&#8217;n\u0131n \u015fi\u015fman\u0131<\/strong>&#8216; davas\u0131yla ilgili karar\u0131 emsal kabul edince ilk duru\u015fmada beraat etti. <!--more--><\/p>\n<p style=\"text-align: justify;\">Halkevleri, ge\u00e7en y\u0131l ba\u015flatt\u0131\u011f\u0131 \u2018Halk K\u00fcrs\u00fcs\u00fcn\u00fc Kuruyor\u2019 kampanyas\u0131 kapsam\u0131nda, 27 Aral\u0131k 2008\u2019de ve 3 Ocak 2009\u2019da Kad\u0131k\u00f6y \u00c7ar\u015f\u0131s\u0131\u2019nda k\u00fcrs\u00fc kurdu. K\u00fcrs\u00fcye \u00e7\u0131kan Halkevleri \u00fcyesi 26 ya\u015f\u0131ndaki <strong>Alper Ate\u015f<\/strong>, \u015funlar\u0131 s\u00f6yledi: \u201cGe\u00e7en hafta evde t\u00fcp\u00fcm\u00fcz vard\u0131 ve \u00e7ay\u0131m\u0131z pi\u015fiyordu. Ama \u015fu an t\u00fcp\u00fcm\u00fcz de bitti ve utanm\u0131yor, s\u00f6yl\u00fcyorum: Banyo yapmaya, arkada\u015f\u0131ma gidiyorum. Biz bu halde ya\u015f\u0131yoruz. S\u00f6ylemek istedi\u011fim tek \u015fey var: <strong>Tayyip, Allah belan\u0131 versin!<\/strong>\u201d<\/p>\n<p style=\"text-align: justify;\">Ate\u015f hakk\u0131nda Kad\u0131k\u00f6y Ba\u015fsavc\u0131l\u0131\u011f\u0131, T\u00fcrk Ceza Kanunu\u2019nun (TCK) 125. maddesi gere\u011fince \u2018kamu g\u00f6revlisine hakaret\u2019ten bir y\u0131ldan az olmamak kayd\u0131yla iki y\u0131l iki aya kadar hapis istemiyle dava a\u00e7t\u0131.<\/p>\n<p style=\"text-align: justify;\">\u0130lk duru\u015fma, \u00f6nceki g\u00fcn Kad\u0131k\u00f6y 4. Sulh Ceza Mahkemesi\u2019nde g\u00f6r\u00fcld\u00fc. Ate\u015f, hakaret etmedi\u011fini ifade ederek, \u201cYa\u015fad\u0131\u011f\u0131m ger\u00e7ekli\u011fi anlatt\u0131m\u201d dedi. Ate\u015f\u2019in avukat\u0131 Erkut \u015eahin, Radikal\u2019de 20 Aral\u0131k 2009\u2019da yay\u0131mlanan \u2018<strong>\u00c7ankaya\u2019n\u0131n \u015fi\u015fman\u0131<\/strong>\u2019 kurtard\u0131\u2019 haberiyle savunma yapt\u0131. Haberde; d\u00f6nemin <strong>Cumhurba\u015fkan\u0131 S\u00fcleyman Demirel\u2019e<\/strong> \u201c\u00c7ankaya\u2019n\u0131n \u015fi\u015fman\u0131\u201d dedi\u011fi i\u00e7in a\u011f\u0131r tazminata \u00e7arpt\u0131r\u0131lan <strong>ANAP\u2019l\u0131 Pakdemirli\u2019<\/strong>nin bu s\u00f6zlerinin 2005\u2019te <strong>Avrupa \u0130nsan Haklar\u0131 Mahkemesi<\/strong>\u2019nce \u2018d\u00fc\u015f\u00fcnce \u00f6zg\u00fcrl\u00fc\u011f\u00fc\u2019 kapsam\u0131nda de\u011ferlendirildi\u011fi belirtiliyordu. Haberde ayr\u0131ca A\u0130HM\u2019nin bu karar\u0131n\u0131n \u2018<strong>Katil Erdo\u011fan<\/strong>\u2019 slogan\u0131 nedeniyle Tunceli Sulh Ceza Mahkemesi\u2019nde yarg\u0131lanan <strong>S\u00fcleyman Yurtda\u015f<\/strong>\u2019\u0131n beraatinde etkili oldu\u011fu kaydediliyordu.<\/p>\n<p style=\"text-align: justify;\">Erdo\u011fan\u2019\u0131n avukat\u0131 Muammer Cemalo\u011flu ise \u015f\u00fcpheli hakk\u0131nda gerekli tahkikat\u0131n yap\u0131lmas\u0131n\u0131 istedi ancak mahkeme, at\u0131l\u0131 su\u00e7un i\u015flemedi\u011fi gerek\u00e7esiyle beraat karar\u0131 verdi.<\/p>\n<p style=\"text-align: justify;\">Ayn\u0131 eylemde benzer ifadeleri kulland\u0131\u011f\u0131 ileri s\u00fcr\u00fclen liseli M.B.G. ise 5 Nisan\u2019da ikinci kez hakim kar\u015f\u0131s\u0131na \u00e7\u0131kacak. Ate\u015f hakk\u0131ndaki beraat karar\u0131 da mahkemeye delil olarak sunulacak.<\/p>\n<p style=\"text-align: justify;\"><span style=\"color: #888888;\">\u0130smail Saymaz &#8211; Radikal<\/span><\/p>\n","protected":false},"excerpt":{"rendered":"<p style=\"text-align: center;\">\n<p style=\"text-align: justify;\">\u201cTayyip, Allah belan\u0131 versin!\u201d deyince hakk\u0131nda, Ba\u015fbakan Recep Tayyip Erdo\u011fan&#8216;a hakaretten iki y\u0131la kadar hapis istemiyle dava a\u00e7\u0131lan Alper Ate\u015f, mahkeme &#8216;\u00c7ankaya&#8217;n\u0131n \u015fi\u015fman\u0131&#8216; davas\u0131yla ilgili karar\u0131 emsal kabul edince ilk duru\u015fmada beraat etti. <\/p>\n","protected":false},"author":1,"featured_media":0,"comment_status":"open","ping_status":"closed","sticky":false,"template":"","format":"standard","meta":{"footnotes":""},"categories":[105],"tags":[],"class_list":["post-20402","post","type-post","status-publish","format-standard","hentry","category-gundem","odd"],"_links":{"self":[{"href":"http:\/\/www.korhanyilmaz.com\/index.php?rest_route=\/wp\/v2\/posts\/20402","targetHints":{"allow":["GET"]}}],"collection":[{"href":"http:\/\/www.korhanyilmaz.com\/index.php?rest_route=\/wp\/v2\/posts"}],"about":[{"href":"http:\/\/www.korhanyilmaz.com\/index.php?rest_route=\/wp\/v2\/types\/post"}],"author":[{"embeddable":true,"href":"http:\/\/www.korhanyilmaz.com\/index.php?rest_route=\/wp\/v2\/users\/1"}],"replies":[{"embeddable":true,"href":"http:\/\/www.korhanyilmaz.com\/index.php?rest_route=%2Fwp%2Fv2%2Fcomments&post=20402"}],"version-history":[{"count":0,"href":"http:\/\/www.korhanyilmaz.com\/index.php?rest_route=\/wp\/v2\/posts\/20402\/revisions"}],"wp:attachment":[{"href":"http:\/\/www.korhanyilmaz.com\/index.php?rest_route=%2Fwp%2Fv2%2Fmedia&parent=20402"}],"wp:term":[{"taxonomy":"category","embeddable":true,"href":"http:\/\/www.korhanyilmaz.com\/index.php?rest_route=%2Fwp%2Fv2%2Fcategories&post=20402"},{"taxonomy":"post_tag","embeddable":true,"href":"http:\/\/www.korhanyilmaz.com\/index.php?rest_route=%2Fwp%2Fv2%2Ftags&post=20402"}],"curies":[{"name":"wp","href":"https:\/\/api.w.org\/{rel}","templated":true}]}}