{"id":20394,"date":"2010-03-12T06:52:25","date_gmt":"2010-03-12T04:52:25","guid":{"rendered":"http:\/\/www.korhanyilmaz.com\/?p=20394"},"modified":"2010-03-12T06:52:25","modified_gmt":"2010-03-12T04:52:25","slug":"bu-%e2%80%9cyargiya-mudahale%e2%80%9d-degil-mi","status":"publish","type":"post","link":"http:\/\/www.korhanyilmaz.com\/?p=20394","title":{"rendered":"Bu \u201cyarg\u0131ya m\u00fcdahale\u201d de\u011fil mi?"},"content":{"rendered":"<div id=\"attachment_20395\" style=\"width: 112px\" class=\"wp-caption alignleft\"><img loading=\"lazy\" decoding=\"async\" aria-describedby=\"caption-attachment-20395\" class=\"size-full wp-image-20395\" style=\"margin-left: 10px; margin-right: 10px;\" title=\"Ruhat Mengi\" src=\"http:\/\/www.korhanyilmaz.com\/wp-content\/uploads\/2010\/03\/Ruhat-Mengi.jpg\" alt=\"\" width=\"102\" height=\"102\" \/><p id=\"caption-attachment-20395\" class=\"wp-caption-text\">Ruhat Mengi<\/p><\/div>\n<p style=\"text-align: justify;\">Daha \u00f6nce Anayasa Mahkemesi, Yarg\u0131tay ve Dan\u0131\u015ftay\u2019\u0131n (yani y\u00fcksek mahkemelerin hepsi) kararlar\u0131na kar\u015f\u0131 \u00e7\u0131kt\u0131\u011f\u0131 s\u0131k s\u0131k g\u00f6r\u00fclen ve hatta Avrupa \u0130nsan Haklar\u0131 Mahkemesi\u2019nin kararlar\u0131n\u0131 bile be\u011fenmeyen Ba\u015fbakan Erdo\u011fan yine Dan\u0131\u015ftay\u2019\u0131 halka \u015fikayet etmi\u015f.<\/p>\n<p style=\"text-align: justify;\">Bu kez Dan\u0131\u015ftay\u2019\u0131n Ankara\u2019da ula\u015f\u0131m \u00fccretini indirme karar\u0131 i\u00e7in \u201cBelediye\u2019yi gelsin Dan\u0131\u015ftay y\u00f6netsin\u201d demi\u015f. Bu nas\u0131l bir \u00f6fkedir mahkemeye kar\u015f\u0131 anla\u015f\u0131l\u0131r gibi de\u011fil. (\u201cDan\u0131\u015ftay\u2019a ve Yarg\u0131tay\u2019a \u00fcye se\u00e7en\u201d HSYK\u2019n\u0131n \u00fcyelerini Meclis\u2019in se\u00e7mesini ba\u015farabilirlerse mesele kalmayacakt\u0131r muhakkak!) <!--more--><\/p>\n<p style=\"text-align: justify;\">Tabii ki hukuken ula\u015f\u0131m zamm\u0131 konusunda karar verme yetkisi kendisinde olmasa Dan\u0131\u015ftay bunu \u00fcstlenmezdi. \u00c7\u00fcnk\u00fc yetkisi d\u0131\u015f\u0131nda hareket etmez, edemez Ba\u015fbakan da bunu \u00e7ok iyi bilir ama pop\u00fclizmin yararlar\u0131n\u0131 da bildi\u011fi i\u00e7in yine de sanki yetki a\u015f\u0131m\u0131 yap\u0131lm\u0131\u015f gibi \u201cgelsin Belediye\u2019yi de y\u00f6netsin\u201d diyor. Ka\u00e7 ki\u015fi inansa k\u00e2rd\u0131r de\u011fil mi? Mesele bu aralar y\u00fcksek mahkemelere y\u00fcklenmek ki \u201cyap\u0131s\u0131n\u0131n de\u011fi\u015ftirilmesi \u015fart\u201d anlay\u0131\u015f\u0131 yay\u0131ls\u0131n.<\/p>\n<p style=\"text-align: justify;\">Her neyse, Ba\u015fbakan\u2019\u0131n \u00f6fkeli \u00e7\u0131k\u0131\u015f\u0131ndan hemen sonra 2\u2019nci \u0130dare Mahkemesi Dan\u0131\u015ftay karar\u0131na ra\u011fmen ula\u015f\u0131mda zaml\u0131 tarifenin ge\u00e7erli oldu\u011fu karar\u0131nda \u0131srar etmi\u015f ve indirimli tarife iptal edilmi\u015f. Bundan sonra ne olur bilemeyiz ama Ba\u015fbakan\u2019\u0131n \u201cDan\u0131\u015ftay\u2019\u0131 su\u00e7layan konu\u015fmas\u0131\u201dn\u0131n arkas\u0131ndan \u0130dare Mahkemesi\u2019nin Dan\u0131\u015ftay karar\u0131n\u0131 bozdu\u011funu bildirmesinin pek do\u011fal olarak \u201cyarg\u0131n\u0131n siyasi bask\u0131 alt\u0131nda kald\u0131\u011f\u0131\u201d duygusu yaratt\u0131\u011f\u0131n\u0131, bunun da son zamanlarda yarg\u0131dan y\u00fckselen bask\u0131 \u015fikayetlerini do\u011frulad\u0131\u011f\u0131n\u0131 g\u00f6rebiliriz.<\/p>\n<p style=\"text-align: justify;\">Erdo\u011fan nedense bir \u201cula\u015f\u0131m zamm\u0131\u201d konusunda bile yarg\u0131y\u0131 kendi i\u00e7inde rahat b\u0131rakam\u0131yor, halka \u015fikayet havas\u0131nda m\u00fcdahaleyi yap\u0131yor. Sonra da d\u00f6n\u00fcp \u201cDan\u0131\u015ftay \u2018millet ad\u0131na\u2019 diyor ama millete hesap vermiyor\u201d s\u00f6zleriyle Ba\u015fbakan a\u011fz\u0131ndan millette y\u00fcksek mahkemeye haks\u0131z tepki yaratacak yanl\u0131\u015f \u00e7\u0131k\u0131\u015flar yap\u0131yor. Oysa bu yarg\u0131 zaten devletin, milletin yarg\u0131s\u0131&#8230; Milletin haklar\u0131 konusunda hata yap\u0131lmamas\u0131n\u0131 sa\u011flamak i\u00e7in var; demokrasinin, hukuk devletinin anlam\u0131 budur.<\/p>\n<p style=\"text-align: justify;\">\u201cO zaman y\u00fcksek mahkemeleri neden devaml\u0131 k\u00f6t\u00fcl\u00fcyorsunuz\u201d deyince bu kez de ona bozuluyorlar.<\/p>\n<p style=\"text-align: justify;\">Peki \u201cmillet ad\u0131na\u201d deyip de milletin vekillerini onun yerine kendilerinin se\u00e7mesi ve bunu de\u011fi\u015ftirmeye \u0131srarla yana\u015fmamalar\u0131n\u0131n a\u00e7\u0131klamas\u0131 nedir? Se\u00e7im yakla\u015fmas\u0131na ra\u011fmen bu de\u011fi\u015fiklik neden hi\u00e7 g\u00fcndeme getirilmiyor?<\/p>\n<p style=\"text-align: justify;\">Bir kez de \u201cmilletin iradesi\u201dnden s\u00f6z ederken bunu dile getirseler ne kadar iyi olacak.<\/p>\n<p style=\"text-align: justify;\">AKP Genel Ba\u015fkan Yard\u0131mc\u0131s\u0131 H\u00fcseyin \u00c7elik\u2019in \u201cBalyoz bir darbe pl\u00e2n\u0131d\u0131r. \u00c7etin Do\u011fan bunun bir tatbikat pl\u00e2n\u0131 oldu\u011funu s\u00f6yleyerek milletin zek\u00e2s\u0131yla alay etmi\u015ftir. TSK i\u00e7inde darbe pl\u00e2n\u0131 yapan insanlar oldu\u011fu ortaya \u00e7\u0131km\u0131\u015ft\u0131r\u201d s\u00f6zleri de yarg\u0131ya bask\u0131 de\u011fil mi?<\/p>\n<p style=\"text-align: justify;\">Hay\u0131r belki ger\u00e7ekten ortaya \u00e7\u0131kacakt\u0131r ama \u015fu ana kadar yarg\u0131 kesin bir karar a\u00e7\u0131klad\u0131 m\u0131?<\/p>\n<p style=\"text-align: justify;\">H\u00fcseyin \u00c7elik biliyorsa onu da anlats\u0131n bari!<\/p>\n<p style=\"text-align: justify;\">***<\/p>\n<p style=\"text-align: justify;\"><strong><span style=\"color: #993300;\">\u201cMilletin iradesi\u201d hesap bekliyor! <\/span><\/strong><\/p>\n<p style=\"text-align: justify;\">Ankara Resim ve Heykel M\u00fczesi\u2019nde yap\u0131lan say\u0131m dev bir ya\u011fmay\u0131, dev bir milli servet kayb\u0131n\u0131 ortaya \u00e7\u0131kard\u0131.<\/p>\n<p style=\"text-align: justify;\">Hoca Ali R\u0131za\u2019n\u0131n da 13 eserinin bulundu\u011fu \u00e7ok de\u011ferli 18 tablonun kayboldu\u011fu haberinin arkas\u0131ndan m\u00fczede say\u0131m yapan heyetten \u201csadece 13 de\u011fil, 500\u2019e yak\u0131n tablo yok olmu\u015f, 500 kadar\u0131 da rutubetli ortamda \u00fcst \u00fcste y\u0131\u011f\u0131larak sakland\u0131\u011f\u0131 i\u00e7in bak\u0131ms\u0131zl\u0131ktan zarar g\u00f6rm\u00fc\u015f\u201d a\u00e7\u0131klamas\u0131 geldi.<\/p>\n<p style=\"text-align: justify;\">Biliyorsunuz daha \u00f6nce de Sait Halim Pa\u015fa yal\u0131s\u0131ndaki bir\u00e7ok tablo yang\u0131n mang\u0131n bahanesiyle yok edilmi\u015f, Dolmabah\u00e7e Saray\u0131\u2019nda y\u00fczlerce de\u011ferli eserin yine bak\u0131ms\u0131zl\u0131ktan kaybedildi\u011fi a\u00e7\u0131klanm\u0131\u015ft\u0131.<\/p>\n<p style=\"text-align: justify;\">Bunlar hep s\u0131radan haberler gibi veriliyor ve \u00fczerine gidilmiyor. Oysa bu \u00fclkenin milli serveti olan, maddi-manevi y\u00fcksek de\u011fere sahip sanat eserleri Yolge\u00e7en Han\u0131\u2019na d\u00f6nm\u00fc\u015f saraylarda, m\u00fczelerde yok ediliyor.<\/p>\n<p style=\"text-align: justify;\">Restorasyon i\u00e7in giden i\u015f\u00e7ilerin veya m\u00fcd\u00fcrlerin buralarda davet verip mangal yakt\u0131\u011f\u0131n\u0131, yat\u0131p kalkt\u0131\u011f\u0131n\u0131, de\u011ferli saraylar\u0131n, m\u00fczelerin otel gibi kullan\u0131ld\u0131\u011f\u0131n\u0131 duyuyoruz.<\/p>\n<p style=\"text-align: justify;\">Peki kim sorumlu bu olaylardan ve milli servet kayb\u0131ndan? K\u00fclt\u00fcr Bakanl\u0131\u011f\u0131 de\u011fil mi? Meclis Ba\u015fkanl\u0131\u011f\u0131 de\u011fil mi?<\/p>\n<p style=\"text-align: justify;\">Bu Bakan ve Ba\u015fkan \u00fclkenin milyonlarca liral\u0131k ve gelecek ku\u015faklara kalmas\u0131 gereken milli servet kayb\u0131n\u0131n sorumlusu olarak hesap vermeyecekler mi?<\/p>\n<p style=\"text-align: justify;\">Ertu\u011frul G\u00fcnay\u2019a ve Mehmet Ali \u015eahin\u2019e bu hesab\u0131n sorulmas\u0131n\u0131 ve millete a\u00e7\u0131klama yapmalar\u0131n\u0131 bekliyoruz. \u201cMilletin iradesi\u201dnin bu cevab\u0131 almak hakk\u0131d\u0131r!<\/p>\n<p style=\"text-align: justify;\"><span style=\"color: #808080;\">rmengi@gazetevatan.com<\/span><\/p>\n","protected":false},"excerpt":{"rendered":"<p id=\"caption-attachment-20395\" class=\"wp-caption-text\">Ruhat Mengi<\/p>\n<p style=\"text-align: justify;\">Daha \u00f6nce Anayasa Mahkemesi, Yarg\u0131tay ve Dan\u0131\u015ftay\u2019\u0131n (yani y\u00fcksek mahkemelerin hepsi) kararlar\u0131na kar\u015f\u0131 \u00e7\u0131kt\u0131\u011f\u0131 s\u0131k s\u0131k g\u00f6r\u00fclen ve hatta Avrupa \u0130nsan Haklar\u0131 Mahkemesi\u2019nin kararlar\u0131n\u0131 bile be\u011fenmeyen Ba\u015fbakan Erdo\u011fan yine Dan\u0131\u015ftay\u2019\u0131 halka \u015fikayet etmi\u015f.<\/p>\n<p style=\"text-align: justify;\">Bu kez Dan\u0131\u015ftay\u2019\u0131n Ankara\u2019da ula\u015f\u0131m \u00fccretini indirme karar\u0131 i\u00e7in \u201cBelediye\u2019yi gelsin Dan\u0131\u015ftay y\u00f6netsin\u201d demi\u015f. <\/p>\n","protected":false},"author":1,"featured_media":0,"comment_status":"open","ping_status":"closed","sticky":false,"template":"","format":"standard","meta":{"footnotes":""},"categories":[16],"tags":[],"class_list":["post-20394","post","type-post","status-publish","format-standard","hentry","category-kose-yazilari","odd"],"_links":{"self":[{"href":"http:\/\/www.korhanyilmaz.com\/index.php?rest_route=\/wp\/v2\/posts\/20394","targetHints":{"allow":["GET"]}}],"collection":[{"href":"http:\/\/www.korhanyilmaz.com\/index.php?rest_route=\/wp\/v2\/posts"}],"about":[{"href":"http:\/\/www.korhanyilmaz.com\/index.php?rest_route=\/wp\/v2\/types\/post"}],"author":[{"embeddable":true,"href":"http:\/\/www.korhanyilmaz.com\/index.php?rest_route=\/wp\/v2\/users\/1"}],"replies":[{"embeddable":true,"href":"http:\/\/www.korhanyilmaz.com\/index.php?rest_route=%2Fwp%2Fv2%2Fcomments&post=20394"}],"version-history":[{"count":0,"href":"http:\/\/www.korhanyilmaz.com\/index.php?rest_route=\/wp\/v2\/posts\/20394\/revisions"}],"wp:attachment":[{"href":"http:\/\/www.korhanyilmaz.com\/index.php?rest_route=%2Fwp%2Fv2%2Fmedia&parent=20394"}],"wp:term":[{"taxonomy":"category","embeddable":true,"href":"http:\/\/www.korhanyilmaz.com\/index.php?rest_route=%2Fwp%2Fv2%2Fcategories&post=20394"},{"taxonomy":"post_tag","embeddable":true,"href":"http:\/\/www.korhanyilmaz.com\/index.php?rest_route=%2Fwp%2Fv2%2Ftags&post=20394"}],"curies":[{"name":"wp","href":"https:\/\/api.w.org\/{rel}","templated":true}]}}