{"id":20390,"date":"2010-03-11T17:36:39","date_gmt":"2010-03-11T15:36:39","guid":{"rendered":"http:\/\/www.korhanyilmaz.com\/?p=20390"},"modified":"2010-03-11T17:36:39","modified_gmt":"2010-03-11T15:36:39","slug":"aytac-durak-holding","status":"publish","type":"post","link":"http:\/\/www.korhanyilmaz.com\/?p=20390","title":{"rendered":"Ayta\u00e7 Durak Holding"},"content":{"rendered":"<p style=\"text-align: center;\"><a href=\"http:\/\/www.korhanyilmaz.com\/wp-content\/uploads\/2010\/03\/DURAK.jpg\"  class=\"lightview\"><img loading=\"lazy\" decoding=\"async\" class=\"aligncenter size-full wp-image-20391\" src=\"http:\/\/www.korhanyilmaz.com\/wp-content\/uploads\/2010\/03\/DURAK.jpg\" alt=\"\" width=\"329\" height=\"210\" \/><\/a><\/p>\n<p style=\"text-align: justify;\">Belediye Meclisi\u2019ndeki r\u00fc\u015fvet d\u00fcellosu sertle\u015fti<\/p>\n<p style=\"text-align: justify;\">20 y\u0131ll\u0131k B\u00fcy\u00fck\u015fehir Belediye Ba\u015fkan\u0131 Ayta\u00e7 Durak, 16 y\u0131ll\u0131k sa\u011f kolu Mustafa Tuncel\u2019in a\u00e7\u0131klamalar\u0131yla \u015fok oldu. Tuncel, Ba\u015fkan Durak\u2019\u0131n 2 milyar dolarl\u0131k serveti, o\u011fluyla birlikte ucuz arsalarda imar de\u011fi\u015fikli\u011fi yaparak sa\u011flad\u0131\u011f\u0131n\u0131 ileri s\u00fcrd\u00fc. <!--more--><\/p>\n<p style=\"text-align: justify;\">Adana B\u00fcy\u00fck\u015fehir Belediye Ba\u015fkan\u0131 Ayta\u00e7 Durak\u2019\u0131n, Belediye Meclisi\u2019nde \u00fcyelere dinletti\u011fi ses kayd\u0131yla ortaya \u00e7\u0131kan r\u00fc\u015fvet skandal\u0131n\u0131n 3\u2019nc\u00fc raundu d\u00fcn yap\u0131ld\u0131. Pazartesi g\u00fcn\u00fc \u201cAram\u0131zda \u00e7\u00fcr\u00fckler var\u201d diyerek r\u00fc\u015fvet kasetini a\u00e7\u0131klayan Durak\u2019a en sert tepki, 26 y\u0131ld\u0131r birlikte siyaset yapt\u0131\u011f\u0131 sa\u011f kolu MHP Meclis \u00dcyesi Mustafa Tuncel\u2019den gelmi\u015fti. Mecliste, \u201c72 saat bile konu\u015fsam Ba\u015fkan Durak ile ilgili bildiklerimin 10\u2019da birini anlatamam\u201d diyen Tuncel, Durak\u2019\u0131n 2 Milyar Dolar servete sahip oldu\u011funu s\u00f6ylemi\u015fti.<\/p>\n<p style=\"text-align: justify;\"><strong>Kavga b\u00fcy\u00fcd\u00fc <\/strong><\/p>\n<p style=\"text-align: justify;\">Durak, d\u00fcnk\u00fc oturum i\u00e7in salona arka kap\u0131dan girdi. Mustafa Tuncel\u2019in meclise yakla\u015f\u0131k 15 ki\u015fiyle geldi\u011fi iddia edildi. Meclis toplant\u0131s\u0131n\u0131n a\u00e7\u0131l\u0131\u015f konu\u015fmas\u0131n\u0131 yapan Durak yabanc\u0131lar\u0131 g\u00f6r\u00fcnce, \u2019Bu ki\u015fileri d\u0131\u015far\u0131 \u00e7\u0131kart\u0131n\u2019diye zab\u0131taya talimat verdi. Ancak salonda oturan ki\u015filer \u2019Bizi d\u0131\u015far\u0131 atacak adam\u0131n a&#8230; s&#8230;\u2019 diyerek sinkafl\u0131 k\u00fcf\u00fcr edince m\u00fcdahale edilemedi. Bunun \u00fczerine Durak, \u201cBu zab\u0131talar\u0131 de\u011fi\u015ftirece\u011fim. Apoletlerini s\u00f6kece\u011fim. D\u0131\u015far\u0131 at\u0131n diyorum atm\u0131yorlar\u201d dedi. Tuncel bu s\u00f6z\u00fcn ard\u0131ndan \u201cApoletlerini ben s\u00f6kt\u00fcm. O da zab\u0131tan\u0131n apoletlerini s\u00f6kecek\u201d diye sata\u015ft\u0131. Durak, g\u00fcndem sapt\u0131rmaya \u00e7al\u0131\u015f\u0131ld\u0131\u011f\u0131n\u0131, \u201cCambaza bak\u201d denilerek r\u00fc\u015fvetin \u00fczerinin \u00f6rt\u00fclmeye \u00e7al\u0131\u015f\u0131ld\u0131\u011f\u0131n\u0131 savundu. \u00d6te yandan MHP Tuncel\u2019in \u2018kesin ihra\u00e7\u2019istemiyle \u0130l Disiplin Kurulu\u2019na sevk edildi\u011fini bildirdi.<\/p>\n<p style=\"text-align: justify;\"><strong>O kad\u0131n konu\u015ftu: \u2018CHP\u2019li d\u00fcr\u00fcst\u2019 <\/strong><\/p>\n<p style=\"text-align: justify;\">Durak, CHP\u2019li Bekir S\u0131tk\u0131 \u00d6zer\u2019in de ad\u0131n\u0131n ses kayd\u0131nda ge\u00e7ti\u011fini s\u00f6ylemi\u015f, \u00d6zer sert tepki g\u00f6stermi\u015fti. R\u00fc\u015fvet kayd\u0131ndaki kad\u0131n bir haber sitesine ismini gizleyerek konu\u015ftu ve konuya a\u00e7\u0131kl\u0131k getirdi: \u201cBekir Bey, \u2019\u0130\u015fleminiz yasal, kimseye bir kuru\u015f vermeyin\u2019 dedi. Maalesef d\u00fcr\u00fcstl\u00fc\u011f\u00fcn\u00fcn faturas\u0131n\u0131 \u00f6detmeye \u00e7al\u0131\u015ft\u0131lar.\u201d<\/p>\n<p style=\"text-align: justify;\"><strong>A\u011f\u0131r Cezada Yarg\u0131lan\u0131yor <\/strong><\/p>\n<p style=\"text-align: justify;\">Ayta\u00e7 Durak, e\u015fi Fahriye Durak\u2019a 11 d\u00f6n\u00fcml\u00fck araziyi, 2007\u2019de meclis karar\u0131 ile hem konut alan\u0131ndan ticari alana \u00e7evirtti hem de taban alan\u0131 katsay\u0131s\u0131n\u0131 y\u00fczde 40\u2019dan 60\u2019a \u00e7\u0131kartt\u0131. Arsan\u0131n 27 bin metrekarelik in\u015faat izni 82 bin metrekareye \u00e7\u0131kt\u0131. B\u00f6ylece tapuda 1.8 milyon g\u00f6r\u00fclen arazisinin de\u011feri 40 milyon TL\u2019ye \u00e7\u0131kt\u0131. Durak\u2019\u0131n yapt\u0131\u011f\u0131 bu imar de\u011fi\u015fikli\u011fi 2008\u2019de VATAN\u2019da haber oldu ve yarg\u0131ya ta\u015f\u0131nd\u0131. Arsan\u0131n imar de\u011fi\u015fikli\u011fine \u2019evet\u2019oyu kullanan 54 Belediye Meclis \u00fcyesi hakk\u0131nda A\u011f\u0131r Ceza Mahkemesi\u2019nde dava a\u00e7\u0131ld\u0131. Dava halen devam ediyor.<\/p>\n<p style=\"text-align: justify;\"><strong>Tuncel, Durak\u2019\u0131n \u2018karakutusu\u2019ydu <\/strong><\/p>\n<p style=\"text-align: justify;\">AYTA\u00c7 Durak\u2019\u0131n \u201ckarakutusu\u201d olarak nam salan Mustafa Tuncel\u2019in aras\u0131 4 ay \u00f6nce a\u00e7\u0131ld\u0131. \u0130ddiaya g\u00f6re \u00c7ukurova Belediye Ba\u015fkan\u0131 Y\u0131ld\u0131ray Ar\u0131kan, 38 d\u00f6n\u00fcm\u00fc belediyeye ait 70 d\u00f6n\u00fcml\u00fck arazi \u00fczerinde ticari bir proje yapmak istiyordu. Fakat 70 milyon liral\u0131k bu arazi 0.20 yo\u011funluklu konut alan\u0131yd\u0131. Bunun 1.6 oran\u0131nda ticaret alan\u0131na \u00e7evrilmesi i\u00e7in Ar\u0131kan, Adana B\u00fcy\u00fck\u015fehir Belediyesi Meclisi\u2019ne ba\u015fvurdu. Durak, bu d\u00fczenlemeye kar\u015f\u0131 \u00e7\u0131kt\u0131. Ancak Tuncel, CHP\u2019lilerle ittifak kurup dosyay\u0131 imar komisyonundan ge\u00e7irince Durak 26 y\u0131ll\u0131k dostunu kelimenin tam anlam\u0131yla \u201csildi\u201d. \u0130kinci kriz ise Turgut \u00d6zal Bulvar\u0131\u2019nda akaryak\u0131t istasyonun kurulmas\u0131 ile ilgili \u00e7\u0131kt\u0131. Tuncel\u2019in destekledi\u011fi bu dosyaya da Durak kar\u015f\u0131 \u00e7\u0131kt\u0131. Ve Pazartesi, akaryak\u0131t istasyonuna ruhsat al\u0131m\u0131yla ilgili r\u00fc\u015fvet kasedini de\u015fifre edince Tuncel ile Durak aras\u0131ndaki kriz \u201csava\u015fa\u201d d\u00f6n\u00fc\u015ft\u00fc.<\/p>\n<p style=\"text-align: justify;\"><span style=\"font-size: medium;\"><strong><span style=\"color: #993300;\">Sadece arsas\u0131 40 milyon TL<\/span><\/strong><\/span><\/p>\n<p style=\"text-align: justify;\">Mustafa Tuncel, \u2019Durak\u2019\u0131n 2 milyar serveti var\u2019iddias\u0131n\u0131 VATAN\u2019a anlatt\u0131: \u201cAdana\u2019ya al\u0131\u015fveri\u015f merkezi yapmak isteyen firmalar \u00f6nce Ayta\u00e7 Durak\u2019a gelir. Bu firmalara \u00f6nce arazi ald\u0131r\u0131l\u0131r. Onlar da Adana\u2019da arazi toplarlar. Ayta\u00e7 Durak, konu imar de\u011fi\u015fikli\u011fi olunca bu firmalar\u0131 hemen kendi o\u011fluna G\u00f6khan Durak\u2019a y\u00f6nlendirir. O da bu firmalara S\u00fcleyman Demirel Bulvar\u0131\u2019ndaki yeri g\u00f6sterir: \u2019Elimizde imar tadilat\u0131 b\u00f6yle bir yerimiz var, size satal\u0131m\u2019. \u0130lk zamanlar Durak Ailesi bu yer i\u00e7in 12 milyon art\u0131, cironun y\u00fczde 25\u2019ini istiyorlard\u0131. Tabi firmalar bu teklifleri kabul etmedi. Sonra bu rakam\u0131n 30 milyona \u00e7\u0131kt\u0131\u011f\u0131n\u0131 \u00f6\u011frendik. Son olarak bir firmadan 40 milyon art\u0131 y\u00fczde 5 istediler. Ba\u015fkan Adana\u2019da Migros\u2019a da yer verdi ve has\u0131lattan 1,5 pay ald\u0131. Bunu ayn\u0131 \u015fekilde devam ettirmek istiyor. \u015eimdi bu arazi i\u00e7in 40 milyona kadar \u00e7\u0131kt\u0131lar ama sat\u0131\u015f olmuyor. Bu sadece bir sadece \u00f6rnek. Durak bir tarla al\u0131r ve daha sonra buradan yol ge\u00e7irir. B\u00f6ylece 100 kat de\u011ferlenir. B\u00f6yle \u00e7ok \u00f6rnek var.\u201d<\/p>\n<p style=\"text-align: justify;\"><span style=\"font-size: medium;\"><span style=\"color: #993300;\"><strong>\u0130\u015fte d\u00fcnk\u00fc d\u00fcello<\/strong><\/span><\/span><\/p>\n<p style=\"text-align: justify;\"><strong>Tuncel: Sahtekar ka\u011f\u0131ttan kaplan <\/strong><\/p>\n<p style=\"text-align: justify;\">\u201cBu adam, sahtekar ka\u011f\u0131ttan kaplan. Korkmay\u0131n. Durak bu i\u015fleri \u015fimdi b\u0131rakt\u0131, bu d\u00f6nemde onun yerine o\u011flu i\u015f takip\u00e7ili\u011fi yap\u0131yor. Durak okul arsas\u0131n\u0131 30 liradan satt\u0131, tapuda 18 liradan g\u00f6sterdi. Vergi ka\u00e7\u0131rd\u0131. \u00c7ok laf yalans\u0131z, \u00e7ok mal harams\u0131z olmaz. \u00c7al\u0131\u015fanlar\u0131n\u0131n, akrabalar\u0131n\u0131n \u00fczerine arsa al\u0131yor. Kendi \u00fczerine alm\u0131yor. Hatta \u00f6len bald\u0131z\u0131 \u00fczerine bile ald\u0131 ve sonra miraz yoluyla payla\u015ft\u0131lar. Bunlar\u0131n hepsi ara\u015ft\u0131r\u0131lsa ortaya \u00e7\u0131kar.\u201d<\/p>\n<p style=\"text-align: justify;\"><strong>Durak: Evi camdan olan ta\u015f atmaz <\/strong><\/p>\n<p style=\"text-align: justify;\">\u201cSEN\u0130N kolunun alt\u0131nda hangi dosyalar\u0131 takip etti\u011fini \u00e7ok iyi biliyorum. 30 y\u0131ll\u0131k arkada\u015f\u0131z. Demek ki seni iyi tan\u0131yamam\u0131\u015f\u0131m. Fakat \u015fimdi tan\u0131yorum art\u0131k. Rant oyunlar\u0131 i\u00e7indeydin. Oyunu bozdum. O nedenle tepki g\u00f6steriyorsun. Evi camdan olan ba\u015fkas\u0131n\u0131n evine ta\u015f atmaz. R\u00fc\u015fvet kombinasyonlar\u0131n\u0131n i\u00e7inde yer alan benim i\u00e7in r\u00fc\u015fvet istedi diyemez. Varl\u0131\u011f\u0131m var ama 2 milyar dolar nereden \u00e7\u0131kt\u0131? Ben se\u00e7imden \u00f6nce m\u00fcteahhitlik yap\u0131yordum. Ailemden dolay\u0131 maddi g\u00fcc\u00fcm var. G\u00f6kten zembille inmedim.\u201d<\/p>\n<p style=\"text-align: justify;\"><span style=\"color: #808080;\">Vatan<\/span><\/p>\n","protected":false},"excerpt":{"rendered":"<p style=\"text-align: center;\">\n<p style=\"text-align: justify;\">Belediye Meclisi\u2019ndeki r\u00fc\u015fvet d\u00fcellosu sertle\u015fti<\/p>\n<p style=\"text-align: justify;\">20 y\u0131ll\u0131k B\u00fcy\u00fck\u015fehir Belediye Ba\u015fkan\u0131 Ayta\u00e7 Durak, 16 y\u0131ll\u0131k sa\u011f kolu Mustafa Tuncel\u2019in a\u00e7\u0131klamalar\u0131yla \u015fok oldu. Tuncel, Ba\u015fkan Durak\u2019\u0131n 2 milyar dolarl\u0131k serveti, o\u011fluyla birlikte ucuz arsalarda imar de\u011fi\u015fikli\u011fi yaparak sa\u011flad\u0131\u011f\u0131n\u0131 ileri s\u00fcrd\u00fc. <\/p>\n","protected":false},"author":1,"featured_media":0,"comment_status":"open","ping_status":"closed","sticky":false,"template":"","format":"standard","meta":{"footnotes":""},"categories":[105],"tags":[],"class_list":["post-20390","post","type-post","status-publish","format-standard","hentry","category-gundem","odd"],"_links":{"self":[{"href":"http:\/\/www.korhanyilmaz.com\/index.php?rest_route=\/wp\/v2\/posts\/20390","targetHints":{"allow":["GET"]}}],"collection":[{"href":"http:\/\/www.korhanyilmaz.com\/index.php?rest_route=\/wp\/v2\/posts"}],"about":[{"href":"http:\/\/www.korhanyilmaz.com\/index.php?rest_route=\/wp\/v2\/types\/post"}],"author":[{"embeddable":true,"href":"http:\/\/www.korhanyilmaz.com\/index.php?rest_route=\/wp\/v2\/users\/1"}],"replies":[{"embeddable":true,"href":"http:\/\/www.korhanyilmaz.com\/index.php?rest_route=%2Fwp%2Fv2%2Fcomments&post=20390"}],"version-history":[{"count":0,"href":"http:\/\/www.korhanyilmaz.com\/index.php?rest_route=\/wp\/v2\/posts\/20390\/revisions"}],"wp:attachment":[{"href":"http:\/\/www.korhanyilmaz.com\/index.php?rest_route=%2Fwp%2Fv2%2Fmedia&parent=20390"}],"wp:term":[{"taxonomy":"category","embeddable":true,"href":"http:\/\/www.korhanyilmaz.com\/index.php?rest_route=%2Fwp%2Fv2%2Fcategories&post=20390"},{"taxonomy":"post_tag","embeddable":true,"href":"http:\/\/www.korhanyilmaz.com\/index.php?rest_route=%2Fwp%2Fv2%2Ftags&post=20390"}],"curies":[{"name":"wp","href":"https:\/\/api.w.org\/{rel}","templated":true}]}}