{"id":20383,"date":"2010-03-11T23:39:01","date_gmt":"2010-03-11T21:39:01","guid":{"rendered":"http:\/\/www.korhanyilmaz.com\/?p=20383"},"modified":"2010-03-11T23:39:01","modified_gmt":"2010-03-11T21:39:01","slug":"baykal-o-iddiaya-aciklik-getirdi","status":"publish","type":"post","link":"http:\/\/www.korhanyilmaz.com\/?p=20383","title":{"rendered":"Baykal o iddiaya a\u00e7\u0131kl\u0131k getirdi"},"content":{"rendered":"<p style=\"text-align: justify;\"><a href=\"http:\/\/www.korhanyilmaz.com\/wp-content\/uploads\/2010\/03\/BAYKAL2.jpg\"  class=\"lightview\"><img loading=\"lazy\" decoding=\"async\" class=\"aligncenter size-full wp-image-20384\" src=\"http:\/\/www.korhanyilmaz.com\/wp-content\/uploads\/2010\/03\/BAYKAL2.jpg\" alt=\"\" width=\"307\" height=\"236\" \/><\/a><\/p>\n<p style=\"text-align: justify;\">CHP Genel Ba\u015fkan\u0131 Deniz Baykal, d\u00fcn \u00f6nemli bir iddia atm\u0131\u015ft\u0131 ortaya. &#8220;Genelkurmay Ba\u015fkan\u0131 \u0130lker Ba\u015fbu\u011f \u00fc\u00e7l\u00fc \u00c7ankaya zirvesinde imzan\u0131n Dursun \u00c7i\u00e7ek&#8217;e ait oldu\u011funu kabul etti&#8221; demi\u015fti. CHP lideri bu ak\u015fam CNN T\u00dcRK&#8217;te Ankara Kulisi program\u0131n\u0131n konu\u011fuydu. \u0130ddias\u0131yla ilgili &#8220;Bilgi mi yorum mu&#8221; sorusuna? &#8220;ger\u00e7ek\u00e7i bir yorum&#8221; diye yan\u0131t verdi. Baykal, \u00c7anyaka bunlar\u0131n konu\u015fulaca\u011f\u0131 yer mi?&#8221; diye sordu. CHP&#8217;li Kemal K\u0131l\u0131\u00e7daro\u011flu&#8217;nun &#8220;genel af&#8221; ile ilgili s\u00f6zleri de g\u00fcndemiydeydi.<!--more--><\/p>\n<p style=\"text-align: justify;\">CHP Genel Ba\u015fkan\u0131 Deniz Baykal, &#8220;Ger\u00e7ekten Genelkurmayda b\u00f6yle bir eylem plan\u0131, (irticayla m\u00fccadele eylem plan\u0131) yani sabotajlar\u0131, hukuk d\u0131\u015f\u0131 tertipleri \u00f6n g\u00f6ren, amac\u0131 da me\u015fru h\u00fck\u00fcmeti y\u0131kmak olan bir eylem plan\u0131n\u0131n resmen haz\u0131rland\u0131\u011f\u0131 ortaya \u00e7\u0131karsa bu ola\u011fan\u00fcst\u00fc \u00f6nemli bir olayd\u0131r&#8221; dedi.<\/p>\n<p style=\"text-align: justify;\"><strong>Baykal, CNN T\u00fcrk&#8217;teki &#8220;Ankara Kulisi&#8221; program\u0131na kat\u0131larak, g\u00fcndeme ili\u015fkin sorular\u0131 yan\u0131tlad\u0131.<\/strong><\/p>\n<p style=\"text-align: justify;\">&#8220;Genelkurmay Ba\u015fkan\u0131 Orgeneral \u0130lker Ba\u015fbu\u011f&#8217;un, Albay Dursun \u00c7i\u00e7ek&#8217;in haz\u0131rlad\u0131\u011f\u0131 iddia edilen belgedeki imzan\u0131n kendisine ait oldu\u011funu s\u00f6yledi\u011fi veya onun taraf\u0131ndan yap\u0131ld\u0131\u011f\u0131n\u0131 kabul etti\u011fi gibi bir beyan\u0131n\u0131z oldu, bu sizin bir bilginize mi dayan\u0131yor yoksa bir yorum mu?&#8221; sorusuna Baykal, &#8220;Bunun ger\u00e7ek\u00e7i bir yorum oldu\u011fundan ku\u015fku duymuyorum. \u00c7\u00fcnk\u00fc askeri savc\u0131l\u0131\u011f\u0131n yapt\u0131\u011f\u0131 de\u011ferlendirmeler, Dursun \u00c7i\u00e7ek&#8217;le ilgili tutuklama talebi de bir veri olarak ortada&#8221; yan\u0131t\u0131n\u0131 verdi.<\/p>\n<p style=\"text-align: justify;\">Konuyla ilgili savc\u0131l\u0131\u011f\u0131n tutuklama talebini askeri mahkemenin geri \u00e7evirdi\u011fini, sorunun da buradan kaynakland\u0131\u011f\u0131n\u0131 ifade eden Baykal, &#8220;\u0130rticayla m\u00fccadele eylem plan\u0131 olarak nitelenen ve birbiri ard\u0131na son zamanlarda ortaya at\u0131lan b\u00fcy\u00fck iddialar\u0131n bir anlamda temelini olu\u015fturan ana iddia, hem Genelkurmay&#8217;\u0131n i\u00e7inde haz\u0131rlanm\u0131\u015f olmas\u0131, hem H\u00fck\u00fcmete ve irticaya kar\u015f\u0131 bir eylem plan\u0131n\u0131 \u00f6ng\u00f6r\u00fcyor olmas\u0131, kapsaml\u0131 ayr\u0131nt\u0131l\u0131 bir plan olmas\u0131, sonra bu plan\u0131n &#8216;fotokopiydi, orijinaldi&#8217; tart\u0131\u015fmas\u0131na, orijinal iddias\u0131yla d\u00f6rt bu\u00e7uk ay sonra yeni bir belgenin, &#8216;i\u00e7eriden tan\u0131kl\u0131k yapmaya da haz\u0131r\u0131m&#8217; diyen birisinin mektuba koyup \u0130stanbul&#8217;a savc\u0131l\u0131\u011fa g\u00f6ndermesiyle ortaya \u00e7\u0131kmas\u0131, b\u00fct\u00fcn dikkatleri bu olaya \u00e7ekti&#8221; dedi.<\/p>\n<p style=\"text-align: justify;\">Bunun b\u00fcy\u00fck bir olay oldu\u011funu vurgulayan Baykal, &#8220;Ger\u00e7ekten, Genelkurmay&#8217;da b\u00f6yle bir eylem plan\u0131 yani sabotajlar\u0131, hukuk d\u0131\u015f\u0131 tertipleri \u00f6n g\u00f6ren, amac\u0131 da me\u015fru h\u00fck\u00fcmeti y\u0131kmak olan bir eylem plan\u0131n\u0131n resmen haz\u0131rland\u0131\u011f\u0131 ortaya \u00e7\u0131karsa bu ola\u011fan\u00fcst\u00fc \u00f6nemli bir olayd\u0131r&#8221; ifadesini kulland\u0131.<\/p>\n<p style=\"text-align: justify;\">Belgenin ger\u00e7ek olup olmad\u0131\u011f\u0131yla ilgili bir s\u00fcrecin ya\u015fand\u0131\u011f\u0131n\u0131 ve bunun \u00e7e\u015fitli a\u015famalardan ge\u00e7ti\u011fini anlatan Baykal, &#8220;Ne incelendi? Kimler inceledi. \u0130nceleme sonucunda var\u0131lan kanaat nedir? Ve o kanaat ger\u00e7e\u011fi ortaya koyma bak\u0131m\u0131ndan ne derece \u00f6nemlidir? Bu bir bilim&#8221; diye konu\u015ftu.<\/p>\n<p style=\"text-align: justify;\"><strong>&#8220;Parmak izi incelemesi \u015fart&#8221; <\/strong><\/p>\n<p style=\"text-align: justify;\">Adli T\u0131p zaten g\u00fcvenmezlik i\u00e7eriyordu ama Jandarma kriminal raporu da yetersiz olabilir. \u00c7\u00fcnk\u00fc bu siyasi pazarl\u0131kla ayarlanm\u0131\u015ft\u0131r, bunu mu diyorsunuz?&#8221; sorusuna Baykal, \u015fu cevab\u0131 verdi:<\/p>\n<p style=\"text-align: justify;\">&#8220;Buradaki b\u00fct\u00fcn mesele \u015fu grafolojik incelemeyle matematiksel ger\u00e7e\u011fi ortaya koymak kolayca m\u00fcmk\u00fcn de\u011fildir. \u0130mza incelemesi ile yaz\u0131 incelemesinde, &#8216;evet, bu bunundur&#8217; diye matematiksel bir kesinlikle h\u00fck\u00fcm vermek m\u00fcmk\u00fcn de\u011fildir. Matematiksel kesinlikte h\u00fck\u00fcm vermeye yard\u0131mc\u0131 olacak y\u00f6ntem parmak izidir. \u0130mza benzetilebilir, nitekim orada &#8216;ayn\u0131s\u0131&#8217; denilmiyor. &#8216;Benzer oldu\u011fu&#8217; falan &#8216;kanaatine var\u0131lm\u0131\u015ft\u0131r&#8217; diyor. Hep esnek ifadeler. Matematiksellik yok.<\/p>\n<p style=\"text-align: justify;\">Burada matematiksel kesinlikle bize yard\u0131mc\u0131 olabilecek y\u00f6ntem parmak izi incelemesidir. \u0130mza sahibi oldu\u011fu iddia edilen ki\u015fi diyor ki &#8216;Bu benim imzalad\u0131\u011f\u0131m bir ka\u011f\u0131t de\u011fildir, bu benim imzam de\u011fildir. E\u011fer bunu ben imzalad\u0131ysam o ka\u011f\u0131d\u0131n \u00fczerinde benim parmak izim olmas\u0131 laz\u0131m.&#8217; Kendilerine tut diye verdikleri zaman tutmuyor, eldivenle tutuyor. Hala bu inceleme ne \u0130stanbul&#8217;da Adli T\u0131pta ne de Ankara&#8217;da jandarmada yap\u0131lm\u0131\u015ft\u0131r. Umut ediyorum \u00f6n\u00fcm\u00fczdeki g\u00fcnlerde yap\u0131lacakt\u0131r. Buraya geldikten sonra bunun yap\u0131lmamas\u0131n\u0131 anlay\u0131\u015fla kar\u015f\u0131lamak m\u00fcmk\u00fcn de\u011fildir.<\/p>\n<p style=\"text-align: justify;\">Nitekim \u0130stanbul&#8217;daki mahkemede yani Ergenekon davas\u0131na bakan sivil hakimlerin bulundu\u011fu mahkemede jandarma raporuna ve askeri savc\u0131l\u0131\u011f\u0131n talebine ra\u011fmen Ankara&#8217;daki Askeri mahkemedeki hakimler de &#8216;olmaz karde\u015fim, bunu s\u00f6yleyemezsiniz&#8217; dedi. Mahkeme \u015fu anda bunun ge\u00e7erli oldu\u011fu kanaatine varabilmi\u015f de\u011fildir.&#8221;<\/p>\n<p style=\"text-align: justify;\"><strong>&#8220;\u00c7ankaya bunun konu\u015fulaca\u011f\u0131 zemin mi?&#8221;<\/strong><\/p>\n<p style=\"text-align: justify;\">&#8220;Teredd\u00fct varsa niye bakm\u0131yorsunuz \u015fu parmak izine? Niye bakm\u0131yorsunuz m\u00fcrekkep ya\u015f\u0131na? Siz Hammurabi belgesindeki yaz\u0131n\u0131n ya\u015f\u0131n\u0131 \u00e7\u0131karmay\u0131 ba\u015far\u0131yorsunuz da \u015fu Genelkurmayda haz\u0131rland\u0131\u011f\u0131 iddia edilen ka\u011f\u0131ttan belgenin ya\u015f\u0131n\u0131 \u00e7\u0131karam\u0131yor musunuz?&#8221; diyen Baykal, olayla ilgili kendi vicdan\u0131n\u0131n tatmin olmad\u0131\u011f\u0131n\u0131 s\u00f6yledi.<\/p>\n<p style=\"text-align: justify;\">Baykal, &#8220;Bu noktada e\u011fer silahl\u0131 kuvvetlerin komuta kademelerinden birileri &#8216;evet anla\u015f\u0131l\u0131yor bu yapm\u0131\u015f&#8217; diyorsa bu kanaati temellendirmek durumundad\u0131r. Mahkeme nezdinde bu temellendirilmi\u015f de\u011fildir. Belki umut ediyorum bir s\u00fcre sonra diyecektir ki &#8216;yapm\u0131\u015f karde\u015fim i\u015fte parmak izleri de var&#8217;. Bu \u00e7\u0131kmadan niye b\u00f6yle bir kabule silahl\u0131 kuvvetler gitti? Sorgulad\u0131\u011f\u0131m nokta bu. Ben tatmin olmam\u0131\u015f\u0131m. Resmi a\u00e7\u0131klama yap\u0131ld\u0131\u011f\u0131 zaman b\u00f6yle hassas bir konuda, b\u00fct\u00fcn medya, herkes &#8216;kabul etti silahl\u0131 kuvvetler&#8217; diyor. \u00d6yle yorumlanaca\u011f\u0131 biliniyor mu, niye b\u00f6yle yorumlanacak bir a\u00e7\u0131klama yap\u0131l\u0131yor?&#8221; diye sordu.<\/p>\n<p style=\"text-align: justify;\">Deniz Baykal, &#8220;Mahkemede y\u00fcr\u00fcyen bir s\u00fcre\u00e7 var. Bu s\u00fcreci beklemeden bu angajman kamuoyuna neden yap\u0131l\u0131yor. \u00c7ankaya da bu kabul ifade ediliyor mu, edilmiyor mu? Ediliyorsa niye ediliyor? \u00c7ankaya bunun konu\u015fulaca\u011f\u0131 zemin mi? Bizim daha olgunla\u015fmam\u0131\u015f, konunun yeterince ayd\u0131nlat\u0131lamad\u0131\u011f\u0131 bu noktada Dursun \u00c7i\u00e7ek&#8217;\u0131n bu i\u015fin i\u00e7inde oldu\u011fu izlenimini verecek bir kabul\u00fc, bir kurumsal kabul\u00fcn, ifadenin ortaya \u00e7\u0131kmas\u0131 sorgulanmas\u0131 gereken bir konudur&#8221; diye konu\u015ftu.<\/p>\n<p style=\"text-align: justify;\"><strong>&#8220;Kurumsal zafiyet&#8221; <\/strong><\/p>\n<p style=\"text-align: justify;\">Baykal, 1. Ordu Komutanl\u0131\u011f\u0131nda 2003 y\u0131l\u0131nda yap\u0131ld\u0131\u011f\u0131 s\u00f6ylenen tatbikatla ilgili bir binba\u015f\u0131n\u0131n bilirki\u015fi raporunu kamuoyunun bilgisine sundu\u011funu ve bu raporun a\u00e7\u0131klanmas\u0131n\u0131n \u00e7ok \u00f6nemli oldu\u011funu belirterek, &#8220;Yani silahl\u0131 kuvvetlerin kendisinin 2003&#8217;teki bu olayla ilgili bir sorumluluk payla\u015ft\u0131rma gayreti i\u00e7ine girmi\u015f oldu\u011funu, bu bilirki\u015fi raporu i\u00e7in de s\u00f6yl\u00fcyorum ortaya \u00e7\u0131km\u0131\u015f olmas\u0131 \u00e7ok d\u00fc\u015f\u00fcnd\u00fcr\u00fcc\u00fcd\u00fcr. Su\u00e7 var m\u0131 yok mu bunu bilmiyoruz, inceleyip g\u00f6r\u00fcrler. Fakat &#8216;bilinsin ki bir yetki tecav\u00fcz\u00fc var burada&#8217; denilmi\u015f olmas\u0131n\u0131 ben bir kurumsal zafiyet olarak tespit ediyorum&#8221; dedi.<\/p>\n<p style=\"text-align: justify;\">Deniz Baykal, &#8220;\u00c7i\u00e7ek&#8217;in sorumlulu\u011fuyla ilgili kabul y\u00f6n\u00fcndeki a\u00e7\u0131klama askeri savc\u0131l\u0131\u011f\u0131n de\u011ferlendirmesi, hem de bilirki\u015fi raporu ile 1. Ordudaki tatbikat hakk\u0131ndaki de\u011ferlendirme, bu kabullerin, ordu komutanlar\u0131n\u0131n, kuvvet komutanlar\u0131n\u0131n ve Genelkurmay 2. Ba\u015fkan\u0131&#8217;n\u0131n tahliyesiyle e\u015f zamanl\u0131 ger\u00e7ekle\u015fmi\u015f olmas\u0131 dikkat \u00e7ekici. B\u00fct\u00fcn bunlar\u0131n t\u00fcm\u00fcn\u00fcn \u00c7ankaya&#8217;daki zirvenin ve arkas\u0131ndan kutlama yeme\u011finin ertesinde saatlerle \u00f6l\u00e7\u00fclecek bir zaman diliminde cereyan etmi\u015f olmas\u0131, \u00fczerinde durulmas\u0131 gereken bir noktad\u0131r&#8221; ifadelerini kulland\u0131.<\/p>\n<p style=\"text-align: justify;\">&#8220;T\u00fcrkiye&#8217;de hukukun, siyasetle, g\u00fc\u00e7le ili\u015fkisi konusunda \u00e7ok ibret verici \u00f6rnekleri ya\u015famakta oldu\u011fumuzu g\u00f6r\u00fcyorum&#8221; diyen Baykal, &#8220;Daha \u00f6nce de g\u00f6rd\u00fck. \u00c7e\u015fitli vesilelerle g\u00f6rd\u00fck. Ergenekon&#8217;da da g\u00f6rd\u00fck. Bu s\u00fcre\u00e7te de g\u00f6r\u00fcyoruz. Art\u0131k T\u00fcrkiye&#8217;de ba\u011f\u0131ms\u0131z bir yarg\u0131n\u0131n bu tip hassas konularda kendi sorumlulu\u011funu \u00fcstlenerek kamuoyunu tatmin edici g\u00fcven verici bir \u00e7al\u0131\u015fmayla, h\u00fck\u00fcmler verdi\u011fi inanc\u0131 \u00e7ok ciddi \u015fekilde sars\u0131lm\u0131\u015ft\u0131r&#8221; diye konu\u015ftu.<\/p>\n<p style=\"text-align: justify;\"><strong>Ankara&#8217;daki bomba y\u00fckl\u00fc kamyon <\/strong><\/p>\n<p style=\"text-align: justify;\">\u0130\u00e7inde silahl\u0131 kuvvetlere ait m\u00fchimmat bulunan bir kamyonun polis taraf\u0131ndan durdurulmas\u0131 ve konuyla ilgili savc\u0131l\u0131\u011f\u0131n a\u00e7\u0131klamas\u0131 hat\u0131rlat\u0131larak, &#8220;Bu t\u00fcr olaylar\u0131n ya\u015fanmas\u0131 gelinen nokta bak\u0131m\u0131ndan neler d\u00fc\u015f\u00fcnd\u00fcr\u00fcyor?&#8221; \u015feklindeki soru \u00fczerine Baykal, bu tip konularda ihbarc\u0131lar\u0131n \u00fczerine gidilmesinin \u00e7ok \u00f6nemli oldu\u011funu, bu konuda ihbar\u0131 yapan\u0131n sevk\u0131yat\u0131 ayr\u0131nt\u0131lar\u0131yla bildi\u011finin anla\u015f\u0131ld\u0131\u011f\u0131n\u0131 s\u00f6yledi.<\/p>\n<p style=\"text-align: justify;\">Bu ayr\u0131nt\u0131lar\u0131 bilen birinin bunun rutin bir uygulama oldu\u011funu da bilmesi gerekti\u011fini ifade eden Baykal, &#8220;Ya bunu da bilerek ve yahut bunu bir g\u00fcndem belirlemek \u00fczere TSK&#8217;ya kar\u015f\u0131 kampanyan\u0131n bir par\u00e7as\u0131 olarak kullanmay\u0131 ama\u00e7l\u0131yor. Ya da ba\u015fka bir ince hesap varsa onun ortaya \u00e7\u0131kmas\u0131 laz\u0131m&#8221; dedi.<\/p>\n<p style=\"text-align: justify;\">Bug\u00fcne kadar pek \u00e7ok yanl\u0131\u015f ihbar ortaya \u00e7\u0131kt\u0131\u011f\u0131n\u0131 belirten Baykal, &#8220;Amerika&#8217;dan ihbar yap\u0131ld\u0131. Ba\u015fbakan Yard\u0131mc\u0131s\u0131na suikast iddias\u0131 bo\u015f \u00e7\u0131kt\u0131. \u0130hbar\u0131 yapan kimdi peki ara\u015ft\u0131r\u0131ld\u0131 m\u0131? Hay\u0131r. Ayn\u0131 \u015fekilde hakim, &#8216;takip ediliyorum&#8217; diye \u00e7\u0131kt\u0131, o kozmik patatesler dedi\u011fimiz olay&#8230; G\u00fcnlerce b\u00fct\u00fcn T\u00fcrkiye aya\u011fa kald\u0131r\u0131ld\u0131. Genelkurmay \u00d6zel Harp Seferberlik Dairesi&#8217;nde g\u00fcnlerce ara\u015ft\u0131rmalar yap\u0131ld\u0131, hi\u00e7bir \u015fey \u00e7\u0131kmad\u0131&#8221; diye konu\u015ftu.<\/p>\n<p style=\"text-align: justify;\">Baykal, &#8220;bunlar\u0131n, bir su\u00e7lama, bir karalama ihtiyac\u0131n\u0131, bir merkezden koordine edilen b\u00f6yle bir planlaman\u0131n y\u00fcr\u00fct\u00fcld\u00fc\u011f\u00fc kanaatini getirdi\u011fini&#8221; ifade ederek, \u015funlar\u0131 s\u00f6yledi: &#8220;Bavullarla belge geliyor. Nereden geliyor? Gelenlerin bir k\u0131sm\u0131 \u00e7arp\u0131t\u0131lm\u0131\u015f, tahrip edilmi\u015f, eklenmi\u015f ama neyse ne&#8230; Bir k\u0131sm\u0131 da do\u011fru, do\u011fru da neyi ifade ediyor, neyi ama\u00e7l\u0131yor? B\u00f6yle bir faaliyetin sistematik bir \u015fekilde kurumsal olarak iktidar\u0131n himayesi ve deste\u011fi olmadan g\u00f6t\u00fcr\u00fclmesi m\u00fcmk\u00fcn m\u00fc? G\u00fcn\u00fcm\u00fczde art\u0131k bunlar siyasi m\u00fccadelenin bir y\u00f6ntem olarak kullan\u0131l\u0131yor. Biz de bunlara muhatap olduk zaman\u0131nda.<\/p>\n<p style=\"text-align: justify;\">Benim hakk\u0131mda da zaman\u0131nda uluslararas\u0131 iftira belgeleri, belli yabanc\u0131 \u00fclke kurulu\u015flar\u0131n\u0131n orada g\u00f6rev yapan insanlar\u0131n ad\u0131n\u0131 i\u00e7eren, onlar\u0131n yaz\u0131\u015fma format\u0131n\u0131 kullanan resmi belgelerle bana y\u00f6nelik su\u00e7lamalar yap\u0131ld\u0131. T\u00fcrkiye&#8217;de b\u00f6yle bir sald\u0131r\u0131n\u0131n hedefidir. Elbette b\u00fct\u00fcn hukuksuzluklar ara\u015ft\u0131r\u0131lmal\u0131d\u0131r ama toplumda b\u00f6yle bir kendi kendisine su\u00e7lama y\u00f6nelten, kendine g\u00fcvenmeyen, kendi kurumlar\u0131n\u0131 tahrip eden bir noktaya \u00fclkenin s\u00fcr\u00fcklenmesinin demokrasi aray\u0131\u015f\u0131yla, siville\u015fmeyle alakas\u0131 yok. Maalesef T\u00fcrkiye&#8217;de meydan bo\u015f b\u0131rak\u0131lm\u0131\u015ft\u0131r. \u0130\u00e7eriden, d\u0131\u015far\u0131dan birilerinin katk\u0131s\u0131yla b\u00f6yle bir tezgah g\u00f6t\u00fcr\u00fcl\u00fcyor.&#8221;<\/p>\n<p style=\"text-align: justify;\"><strong>\u0130sve\u00e7 parlamentosundaki Ermeni tasar\u0131s\u0131 <\/strong><\/p>\n<p style=\"text-align: justify;\">\u0130sve\u00e7 parlamentosunda Ermeni soyk\u0131r\u0131m\u0131 iddialar\u0131n\u0131n bir oy farkla kabul edilmesini ve bunun ard\u0131ndan ya\u015fanan geli\u015fmeleri nas\u0131l de\u011ferlendirdi\u011finin sorulmas\u0131 \u00fczerine Baykal, konunun T\u00fcrk kamuoyuna \u00e7ok ge\u00e7 intikal ettirildi\u011fini belirterek, &#8220;Konu \u00e7ok daha \u00f6nce kamuoyuyla payla\u015f\u0131lm\u0131\u015f olsayd\u0131, herhalde oylamadaki bir ki\u015filik fark\u0131 ortadan kald\u0131rmak m\u00fcmk\u00fcn olabilirdi&#8221; dedi.<\/p>\n<p style=\"text-align: justify;\">ABD Temsilciler Meclisi D\u0131\u015f \u0130li\u015fkiler Komitesinin karar\u0131na da de\u011finen Baykal, bu karar\u0131n sadece 1915 tarihiyle ilgili olmad\u0131\u011f\u0131n\u0131, 1915-1923 aras\u0131 d\u00f6nemi soyk\u0131r\u0131m iddialar\u0131 i\u00e7in mesnet yapt\u0131\u011f\u0131n\u0131 anlatt\u0131.<\/p>\n<p style=\"text-align: justify;\">Baykal, &#8220;Bu \u015fekilde ilk kez Cumhuriyet d\u00f6nemi de yani Atat\u00fcrk d\u00f6nemi de bu iddialar\u0131n kapsam\u0131 i\u00e7ine al\u0131nm\u0131\u015ft\u0131r. Bu \u00e7ok b\u00fcy\u00fck bir haks\u0131zl\u0131kt\u0131r. Hem tarihi bir haks\u0131zl\u0131kt\u0131r hem siyasi a\u00e7\u0131dan vahim bir anlay\u0131\u015f, kayg\u0131 verici bir anlay\u0131\u015ft\u0131r&#8221; diye konu\u015ftu.<\/p>\n<p style=\"text-align: justify;\">Konunun Amerikan Kongresinde bu \u015fekilde ele al\u0131nmas\u0131n\u0131n bir tarihi ger\u00e7e\u011fe y\u00f6nelik ahlaki tav\u0131r olu\u015fturma anlay\u0131\u015f\u0131n\u0131n \u00f6tesinde T\u00fcrkiye Cumhuriyeti&#8217;ne y\u00f6nelik siyasi bir karalama, su\u00e7lama anlay\u0131\u015f\u0131n\u0131 ortaya koydu\u011funu vurgulayan Baykal, durumu fevkalade vahim, yanl\u0131\u015f bir olay olarak niteledi.<\/p>\n<p style=\"text-align: justify;\">Amerikan Kongresinin 1894&#8217;ten itibaren Ermenilere kar\u015f\u0131 T\u00fcrkiye&#8217;de mezalim uyguland\u0131\u011f\u0131n\u0131 ifade ederek kararlar \u00e7\u0131kard\u0131\u011f\u0131n\u0131 anlatan Baykal, 116 y\u0131ld\u0131r Amerikan Kongresinden T\u00fcrkiye&#8217;ye y\u00f6nelik defalarca b\u00f6yle karar giri\u015fimleri oldu\u011funu s\u00f6yledi.<\/p>\n<p style=\"text-align: justify;\">Baykal, &#8220;Bu, tarihe kar\u015f\u0131 sayg\u0131 anlay\u0131\u015f\u0131yla ilgisi olmayan bir i\u015ftir. Bu siyasi bir olayd\u0131r. T\u00fcrkiye&#8217;nin bunu b\u00f6yle g\u00f6rmesi laz\u0131m. Hi\u00e7bir zaman d\u0131\u015f politikada soyk\u0131r\u0131m iddias\u0131 tehlikesini dikkate alarak politik tercihler yapmayaca\u011f\u0131m\u0131z\u0131 g\u00fcven verici \u015fekilde ortaya koymam\u0131z laz\u0131m. Bu bask\u0131yla d\u0131\u015f politika yapaca\u011f\u0131m\u0131z kanaati yabanc\u0131larda ortaya \u00e7\u0131karsa bunun \u00fcstesinden gelemeyiz&#8221; g\u00f6r\u00fc\u015f\u00fcn\u00fc dile getirdi.<\/p>\n<p style=\"text-align: justify;\">Bu \u00e7er\u00e7evede Ermenistan ile imzalanan protokol\u00fcn yanl\u0131\u015f oldu\u011funu da ifade eden Baykal, &#8220;Protokol, Azerbaycan ile ili\u015fkilerimizi zedelemi\u015ftir, Ermenistan, Amerika ile ili\u015fkilerimize yard\u0131mc\u0131 olamam\u0131\u015ft\u0131r. Maalesef oralarda da bu kararlar \u00e7\u0131kt\u0131. Bu protokol\u00fc art\u0131k uygulama zemini kalmam\u0131\u015ft\u0131r. Zannediyorum h\u00fck\u00fcmet, 24 Nisana kadar protokol\u00fc \u00e7ekmeye cesaret edemeyecek. Sadece birtak\u0131m y\u00fcksek tehdit olas\u0131l\u0131klar\u0131 etraf\u0131nda siyaset g\u00f6t\u00fcrecek ama bu protokol politikas\u0131 yanl\u0131\u015f bir politikad\u0131r&#8221; diye konu\u015ftu.<\/p>\n<p style=\"text-align: justify;\"><span style=\"color: #888888;\">CNN T\u00dcRK<\/span><\/p>\n","protected":false},"excerpt":{"rendered":"<p style=\"text-align: justify;\">\n<p style=\"text-align: justify;\">CHP Genel Ba\u015fkan\u0131 Deniz Baykal, d\u00fcn \u00f6nemli bir iddia atm\u0131\u015ft\u0131 ortaya. &#8220;Genelkurmay Ba\u015fkan\u0131 \u0130lker Ba\u015fbu\u011f \u00fc\u00e7l\u00fc \u00c7ankaya zirvesinde imzan\u0131n Dursun \u00c7i\u00e7ek&#8217;e ait oldu\u011funu kabul etti&#8221; demi\u015fti. CHP lideri bu ak\u015fam CNN T\u00dcRK&#8217;te Ankara Kulisi program\u0131n\u0131n konu\u011fuydu. \u0130ddias\u0131yla ilgili &#8220;Bilgi mi yorum mu&#8221; sorusuna? &#8220;ger\u00e7ek\u00e7i bir yorum&#8221; diye yan\u0131t verdi. Baykal, <\/p>\n","protected":false},"author":1,"featured_media":0,"comment_status":"open","ping_status":"closed","sticky":false,"template":"","format":"standard","meta":{"footnotes":""},"categories":[105],"tags":[],"class_list":["post-20383","post","type-post","status-publish","format-standard","hentry","category-gundem","odd"],"_links":{"self":[{"href":"http:\/\/www.korhanyilmaz.com\/index.php?rest_route=\/wp\/v2\/posts\/20383","targetHints":{"allow":["GET"]}}],"collection":[{"href":"http:\/\/www.korhanyilmaz.com\/index.php?rest_route=\/wp\/v2\/posts"}],"about":[{"href":"http:\/\/www.korhanyilmaz.com\/index.php?rest_route=\/wp\/v2\/types\/post"}],"author":[{"embeddable":true,"href":"http:\/\/www.korhanyilmaz.com\/index.php?rest_route=\/wp\/v2\/users\/1"}],"replies":[{"embeddable":true,"href":"http:\/\/www.korhanyilmaz.com\/index.php?rest_route=%2Fwp%2Fv2%2Fcomments&post=20383"}],"version-history":[{"count":0,"href":"http:\/\/www.korhanyilmaz.com\/index.php?rest_route=\/wp\/v2\/posts\/20383\/revisions"}],"wp:attachment":[{"href":"http:\/\/www.korhanyilmaz.com\/index.php?rest_route=%2Fwp%2Fv2%2Fmedia&parent=20383"}],"wp:term":[{"taxonomy":"category","embeddable":true,"href":"http:\/\/www.korhanyilmaz.com\/index.php?rest_route=%2Fwp%2Fv2%2Fcategories&post=20383"},{"taxonomy":"post_tag","embeddable":true,"href":"http:\/\/www.korhanyilmaz.com\/index.php?rest_route=%2Fwp%2Fv2%2Ftags&post=20383"}],"curies":[{"name":"wp","href":"https:\/\/api.w.org\/{rel}","templated":true}]}}