{"id":2038,"date":"2008-10-22T15:14:16","date_gmt":"2008-10-22T12:14:16","guid":{"rendered":"http:\/\/www.korhanyilmaz.com\/?p=2038"},"modified":"2008-10-22T15:14:16","modified_gmt":"2008-10-22T12:14:16","slug":"ogrenci-affi-yasalasti","status":"publish","type":"post","link":"http:\/\/www.korhanyilmaz.com\/?p=2038","title":{"rendered":"\u00d6\u011frenci aff\u0131 yasala\u015ft\u0131"},"content":{"rendered":"<p style=\"text-align: center;\"><img loading=\"lazy\" decoding=\"async\" class=\"size-full wp-image-2039  aligncenter\" title=\"\u00d6\u011frenci aff\u0131 yasala\u015ft\u0131 \" src=\"http:\/\/www.korhanyilmaz.com\/wp-content\/uploads\/2008\/10\/99a97dfec43dda499ba704dfx.jpg\" alt=\"\u00d6\u011frenci aff\u0131 yasala\u015ft\u0131 \" width=\"475\" height=\"250\" \/><\/p>\n<p style=\"text-align: justify;\"><strong>\u00dcniversitelerden \u00e7e\u015fitli nedenlerle ili\u015fi\u011fi kesilen \u00f6\u011frencilere af \u00e7\u0131kt\u0131.<\/strong><\/p>\n<p style=\"text-align: justify;\">TBMM Genel Kurulunda, \u00f6\u011frenci aff\u0131na ili\u015fkin yasa tasar\u0131s\u0131 kabul edilerek yasala\u015ft\u0131. B\u00f6ylece, \u00f6\u011frenci aff\u0131na ili\u015fkin 12. yasal d\u00fczenleme kabul edilmi\u015f oldu.<\/p>\n<p style=\"text-align: justify;\">Kanuna g\u00f6re, aff\u0131n ba\u015flang\u0131\u00e7 tarihi 7 Haziran 1995 olacak, 1980 y\u0131l\u0131ndan sonra \u00e7\u0131kar\u0131lan aflardan hi\u00e7 yararlanmayanlar da kanun kapsam\u0131 i\u00e7inde de\u011ferlendirilecek.<\/p>\n<p style=\"text-align: justify;\">T\u00fcrk Silahl\u0131 Kuvvetlerine ba\u011fl\u0131 e\u011fitim kurumlar\u0131nda (GATA, Harp Okullar\u0131 ve Astsubay Meslek Y\u00fcksek Okullar\u0131), polis akademisi ve ba\u011fl\u0131 y\u00fcksek\u00f6\u011fretim kurumlar\u0131nda \u00f6n lisans ve lisans d\u00fczeyinde \u00f6\u011frenim g\u00f6r\u00fcrken, 7 Haziran 1995 tarihinden itibaren ili\u015fi\u011fi kesilenler, 2 ay i\u00e7inde ba\u015fvurmalar\u0131 halinde, Y\u00fcksek\u00f6\u011fretim Kurulunca belirlenecek fak\u00fclte veya y\u00fcksekokullarda e\u011fitimlerine devam edebilecek.<!--more--><\/p>\n<p style=\"text-align: justify;\">Kanuna g\u00f6re, y\u00fcksek\u00f6\u011fretim kurumlar\u0131nda haz\u0131rl\u0131k dahil b\u00fct\u00fcn s\u0131n\u0131flarda intibak, \u00f6n lisans, lisans tamamlama, lisans, pedagojik formasyon, lisans \u00fcst\u00fc, t\u0131pta uzmanl\u0131k ve sanatta yeterlik \u00f6\u011frenimi g\u00f6ren \u00f6\u011frencilerden; 7 Haziran 1995 tarihinden, kanunun y\u00fcr\u00fcrl\u00fc\u011fe girdi\u011fi tarihe kadar, kendi iste\u011fi ile ili\u015fikleri kesilenler dahil her ne sebeple olursa olsun ili\u015fi\u011fi kesilenler ile kanunun y\u00fcr\u00fcrl\u00fc\u011fe girdi\u011fi tarihten itibaren 2 ayl\u0131k ba\u015fvuru s\u00fcresi i\u00e7erisinde ili\u015fi\u011fi kesilenler, kanunun y\u00fcr\u00fcrl\u00fc\u011fe girdi\u011fi tarihten itibaren 2 ay i\u00e7inde ilgili y\u00fcksek\u00f6\u011fretim kurumuna ba\u015fvuruda bulunmalar\u0131 \u015fart\u0131yla aftan yararlanacak. 1980 sonras\u0131 \u00e7\u0131kart\u0131lan aflardan hi\u00e7 bir \u015fekilde yararlanmayanlar da bu kanun kapsam\u0131na al\u0131nacak.<\/p>\n<p style=\"text-align: justify;\">Bir y\u00fcksek\u00f6\u011fretim kurumu ad\u0131na, yurt i\u00e7inde ba\u015fka bir y\u00fcksek\u00f6\u011fretim kurumunda lisans\u00fcst\u00fc \u00f6\u011frenim yapanlardan, ba\u015far\u0131s\u0131z olmalar\u0131 nedeniyle ili\u015fi\u011fi kesilenler de af kapsam\u0131nda de\u011ferlendirilecek.<br \/>\nBa\u015fvuruda bulunanlar, ilgili y\u00fcksek\u00f6\u011fretim kurumlar\u0131 taraf\u0131ndan, 2 ayl\u0131k ba\u015fvuru s\u00fcresinin dolmas\u0131 beklenmeden de bu haklardan yararland\u0131r\u0131labilecek. Kanunun y\u00fcr\u00fcrl\u00fc\u011fe girdi\u011fi tarihte askerli\u011fini yapanlar terhislerini; g\u00f6zalt\u0131nda, tutuklu veya h\u00fck\u00fcml\u00fc olup da ceza infaz kurumlar\u0131nda bulunanlar ise bu hallerinin sona ermesini takip eden 2 ay i\u00e7inde ilgili y\u00fcksek\u00f6\u011fretim kurumuna ba\u015fvurmalar\u0131 halinde bu haklardan faydaland\u0131r\u0131lacak.\n<\/p>\n<p style=\"text-align: justify;\">SINAV VE DEVAM HAKKI<\/p>\n<p style=\"text-align: justify;\">Ba\u015fvuru s\u00fcresi sonuna kadar y\u00fcksek\u00f6\u011fretim kurumlar\u0131nca haklar\u0131nda ili\u015fik kesme i\u015flemi uygulanan, y\u00fcksek\u00f6\u011fretim kurumlar\u0131nda haz\u0131rl\u0131k dahil b\u00fct\u00fcn s\u0131n\u0131flarda intibak, \u00f6n lisans, lisans tamamlama, lisans, pedagojik formasyon, lisans \u00fcst\u00fc, t\u0131pta uzmanl\u0131k ve sanatta yeterlik \u00f6\u011frenimi g\u00f6ren \u00f6\u011frencilerden, ili\u015fik kesme i\u015flemine kar\u015f\u0131 idari yarg\u0131 mercilerine ba\u015fvurmu\u015f olanlar da ba\u015fvurmalar\u0131 halinde yeniden kay\u0131t yapt\u0131rma hakk\u0131na sahip olacak. Davan\u0131n, davac\u0131n\u0131n aleyhine sonu\u00e7lanmas\u0131, \u00f6\u011frencinin aftan yararlanmas\u0131na engel olmayacak.<\/p>\n<p style=\"text-align: justify;\">\u00d6n lisans ve lisans d\u00fczeyinde ili\u015fi\u011fi kesilenlere; devam \u015fart\u0131n\u0131 yerine getirmedikleri dersler i\u00e7in 1 e\u011fitim-\u00f6\u011fretim y\u0131l\u0131, d\u00f6nemlik dersler i\u00e7in 1 d\u00f6nem devam etme hakk\u0131 ve 4 s\u0131nav hakk\u0131; devam \u015fart\u0131n\u0131 yerine getirip ba\u015far\u0131s\u0131z olanlara, ba\u015far\u0131s\u0131z olduklar\u0131 dersler i\u00e7in 4 s\u0131nav hakk\u0131; istemeleri halinde ba\u015far\u0131s\u0131z olduklar\u0131 derslere 1 e\u011fitim-\u00f6\u011fretim y\u0131l\u0131, d\u00f6nemlik dersler i\u00e7in 1 d\u00f6nem devam etme hakk\u0131, devam zorunlulu\u011fu bulunmayan dersler i\u00e7in 4 s\u0131nav hakk\u0131 tan\u0131nacak.<\/p>\n<p style=\"text-align: justify;\">Y\u00fcksek lisans \u00f6\u011frencileri i\u00e7in bir, doktora \u00f6\u011frencileri i\u00e7in de 3 y\u0131l tez haz\u0131rlama s\u00fcresi verilecek. Not ortalamas\u0131 nedeniyle mezun olamayanlara, istedikleri 3 dersten not y\u00fckseltmek i\u00e7in 2 s\u0131nav hakk\u0131 verilecek.<\/p>\n<p style=\"text-align: justify;\">L\u0130SANS \u00dcST\u00dc D\u00dcZEYDE \u0130L\u0130\u015e\u0130\u011e\u0130 KES\u0130LENLER<\/p>\n<p style=\"text-align: justify;\">Lisans \u00fcst\u00fc d\u00fczeyde ili\u015fi\u011fi kesilenlere; devam \u015fart\u0131n\u0131 yerine getirmedikleri dersler i\u00e7in 1 e\u011fitim-\u00f6\u011fretim y\u0131l\u0131, d\u00f6nemlik dersler i\u00e7in 1 d\u00f6nem devam etme hakk\u0131 ve 3 s\u0131nav hakk\u0131; devam \u015fart\u0131n\u0131 yerine getirip ba\u015far\u0131s\u0131z olanlara, ba\u015far\u0131s\u0131z olduklar\u0131 dersler i\u00e7in 3 s\u0131nav hakk\u0131; istemeleri halinde bu dersleri de\u011fi\u015ftirerek 1 e\u011fitim \u00f6\u011fretim y\u0131l\u0131, d\u00f6nemlik dersler i\u00e7in 1 d\u00f6nem devam etme hakk\u0131, yeterlik i\u00e7in 3 s\u0131nav hakk\u0131 verilecek.<\/p>\n<p style=\"text-align: justify;\">Y\u00fcksek lisans \u00f6\u011frencileri i\u00e7in 1, doktora \u00f6\u011frencileri i\u00e7in 2 y\u0131l tez haz\u0131rlama s\u00fcresi, doktora yeterlik s\u0131nav\u0131na girebilmek i\u00e7in yabanc\u0131 dil s\u0131nav\u0131nda ba\u015far\u0131s\u0131z olanlara 3 s\u0131nav hakk\u0131, sanatta yeterlik veya t\u0131pta uzmanl\u0131k alanlar\u0131nda ba\u015far\u0131s\u0131z olanlara, ba\u015far\u0131s\u0131z olduklar\u0131 derslerden laboratuvar ve uygulamal\u0131 derslere devam ve eksik rotasyonlar\u0131n\u0131 tamamlamalar\u0131 \u015fart\u0131yla 3 s\u0131nav hakk\u0131 tan\u0131nacak.<\/p>\n<p style=\"text-align: justify;\">A\u00c7IK \u00d6\u011eRET\u0130MDE KAYDI S\u0130L\u0130NENLERE KAYIT HAKKI<\/p>\n<p style=\"text-align: justify;\">Af kapsam\u0131nda verilen s\u0131nav ve devam hakk\u0131n\u0131n kullan\u0131lmas\u0131 s\u00fcreci sonunda ba\u015far\u0131l\u0131 olanlar\u0131n \u00f6\u011frencili\u011fe intibaklar\u0131 yap\u0131lacak ve haklar\u0131nda, y\u0131l kaybetmemi\u015f \u00f6\u011frenciler gibi i\u015flem yap\u0131lacak.<br \/>\nBa\u015far\u0131s\u0131z olunan derslerin programdan \u00e7\u0131kar\u0131lm\u0131\u015f olmas\u0131 halinde bu derslerin yerine, ilgili y\u00fcksek\u00f6\u011fretim kurumu taraf\u0131ndan ba\u015fka dersler belirlenecek.<\/p>\n<p style=\"text-align: justify;\">Pedagojik formasyon program\u0131n\u0131 tamamlayamayanlar i\u00e7in 3 s\u0131nav hakk\u0131 verilecek; yapamad\u0131klar\u0131 uygulamalar i\u00e7in ilgili y\u00fcksek\u00f6\u011fretim kurumu taraf\u0131ndan devam imkan\u0131 sa\u011flanacak. A\u00e7\u0131k \u00f6\u011fretim sistemi ile \u00f6\u011frenim yap\u0131lan \u00f6n lisans, lisans tamamlama ve lisans programlar\u0131ndan kayd\u0131 silinenlere yeniden kay\u0131t hakk\u0131 verilecek.<br \/>\nLisans programlar\u0131na devam ederken \u00e7e\u015fitli nedenlerle \u00f6n lisans diplomas\u0131 alarak kurumlar\u0131ndan ayr\u0131lanlar da bu haklardan yararland\u0131r\u0131lacak.\n<\/p>\n<p style=\"text-align: justify;\">L\u0130SANS\u00dcST\u00dc \u00d6\u011eREN\u0130M G\u00d6RENLER<\/p>\n<p style=\"text-align: justify;\">Lisans\u00fcst\u00fc \u00f6\u011frenimlerini tamamlayamad\u0131klar\u0131 i\u00e7in y\u00fcksek\u00f6\u011fretim kurumlar\u0131ndaki g\u00f6revlerine son verilenler, kendilerine tan\u0131nan haklardan yararlanarak, \u00f6\u011frenimlerini verilen s\u00fcrede tamamlamalar\u0131 kayd\u0131yla, mezuniyetlerinin ard\u0131ndan 30 g\u00fcn i\u00e7inde Y\u00d6K e ba\u015fvuracak. Ba\u015fvurunun ard\u0131ndan 2 ay i\u00e7inde ad\u0131na \u00f6\u011frenim g\u00f6rd\u00fckleri y\u00fcksek\u00f6\u011fretim kurumuna veya Y\u00d6K \u00fcn uygun g\u00f6rece\u011fi ba\u015fka bir y\u00fcksek\u00f6\u011fretim kurumuna ara\u015ft\u0131rma g\u00f6revlisi olarak atanacak.<br \/>\nBunlardan para bor\u00e7lar\u0131 olanlar\u0131n bu bor\u00e7lar\u0131, hizmet borcuna d\u00f6n\u00fc\u015ft\u00fcr\u00fclecek. Bu ki\u015filerin haklar\u0131nda ba\u015flat\u0131lan takibat ise \u00f6\u011frenimleri s\u00fcresince durdurulacak. Kanunun y\u00fcr\u00fcrl\u00fc\u011fe girmesinden \u00f6nce yap\u0131lan \u00f6demeler ise iade edilmeyecek.\n<\/p>\n<p style=\"text-align: justify;\">Sa\u011fl\u0131k Bakanl\u0131\u011f\u0131na ba\u011fl\u0131 e\u011fitim ve ara\u015ft\u0131rma hastaneleri ile Adli T\u0131p Kurumunda t\u0131pta uzmanl\u0131k \u00f6\u011frenimi g\u00f6rmekte iken ili\u015fi\u011fi kesilenler de ba\u015fvuru s\u00fcresi i\u00e7inde, Sa\u011fl\u0131k Bakanl\u0131\u011f\u0131na veya Adli T\u0131p Kurumuna ba\u015fvurmalar\u0131 halinde tan\u0131nan haklardan, ayr\u0131ld\u0131klar\u0131 kurumlarda yararlanacak.<\/p>\n<p style=\"text-align: justify;\">Askere al\u0131nmalar\u0131 gerekenler ise kanunda belirtilen haklar\u0131 kullanmalar\u0131 halinde tecilli veya tehirli say\u0131lacak. Bu kanundan yararlanarak \u00f6\u011frencilik hakk\u0131 kazananlar\u0131n askerlik ve tecil i\u015flemlerinde, Askerlik Kanununun ilgili h\u00fck\u00fcmleri uygulanacak. Bu ki\u015filerin askerlik s\u00fcresi boyunca \u00f6\u011frenim haklar\u0131 dondurulacak.<\/p>\n<p style=\"text-align: justify;\">TSK YA VE POL\u0130S AKADEM\u0130S\u0130NE BA\u011eLI E\u011e\u0130T\u0130M KURUMLARI<\/p>\n<p style=\"text-align: justify;\">T\u00fcrk Silahl\u0131 Kuvvetlerine ba\u011fl\u0131 e\u011fitim kurumlar\u0131nda (GATA, Harp Okullar\u0131 ve Astsubay Meslek Y\u00fcksek Okullar\u0131), polis akademisi ve ba\u011fl\u0131 y\u00fcksek\u00f6\u011fretim kurumlar\u0131nda \u00f6n lisans ve lisans d\u00fczeyinde \u00f6\u011frenim g\u00f6r\u00fcrken 7 Haziran 1995 tarihinden, kanunun y\u00fcr\u00fcrl\u00fc\u011fe girdi\u011fi tarihe kadar ili\u015fi\u011fi kesilenler, kanunun y\u00fcr\u00fcrl\u00fc\u011fe girdi\u011fi tarihten itibaren 2 ay i\u00e7inde ba\u015fvurmalar\u0131 halinde Y\u00d6K taraf\u0131ndan askeri okullar d\u0131\u015f\u0131ndaki fak\u00fclte veya y\u00fcksekokullara yerle\u015ftirilebilecekler. Belirlenen y\u00fcksek\u00f6\u011fretim kurumlar\u0131nca intibaklar\u0131 yap\u0131lan \u00f6\u011frenciler, di\u011fer \u00f6\u011frenciler gibi bu haklardan yararlanacak.<\/p>\n<p style=\"text-align: justify;\">Bu kanunun e\u011fitim-\u00f6\u011fretime ili\u015fkin uygulama esaslar\u0131n\u0131n belirlenmesinde, Y\u00d6K yetkili olacak. Sa\u011fl\u0131k e\u011fitim enstit\u00fcleri gibi kapat\u0131lan kurumlardan ili\u015fi\u011fi kesilenler veya kurumlar\u0131na d\u00f6nmeleri m\u00fcmk\u00fcn olmayanlar da bu haktan yararlanabilecek. Y\u00d6K taraf\u0131ndan denklikleri kabul edilen y\u00fcksek \u00f6\u011fretim kurumlar\u0131 belirlenerek, bu haklar\u0131 kullanmalar\u0131 sa\u011flanacak.<\/p>\n<p style=\"text-align: justify;\">\u0130li\u015fiklerinin kesildi\u011fi kurumlara d\u00f6nmeleri m\u00fcmk\u00fcn olmayanlardan vak\u0131f y\u00fcksek \u00f6\u011fretim kurumlar\u0131na kay\u0131t yapt\u0131ranlar, istedikleri y\u00fcksek \u00f6\u011fretim kurumlar\u0131na y\u00f6nlendirilecek. Birden fazla kurumdan ili\u015fi\u011fi kesilenler, ili\u015fiklerinin kesildi\u011fi kurumlardan birisine ba\u015fvuruda bulunabilecek. T\u0131pta uzmanl\u0131k yapacaklara, ilgili mevzuatta hekimlik ve istihdam i\u00e7in belirlenen \u015fartlar\u0131 ta\u015f\u0131malar\u0131 \u015fart\u0131yla, uzmanl\u0131k e\u011fitimine devam etme hakk\u0131 verilecek.<\/p>\n<p style=\"text-align: justify;\"><span style=\"color: #888888;\">( Sabah )<\/span><\/p>\n","protected":false},"excerpt":{"rendered":"<p style=\"text-align: center;\">\n<p style=\"text-align: justify;\">\u00dcniversitelerden \u00e7e\u015fitli nedenlerle ili\u015fi\u011fi kesilen \u00f6\u011frencilere af \u00e7\u0131kt\u0131.<\/p>\n<p style=\"text-align: justify;\">TBMM Genel Kurulunda, \u00f6\u011frenci aff\u0131na ili\u015fkin yasa tasar\u0131s\u0131 kabul edilerek yasala\u015ft\u0131. B\u00f6ylece, \u00f6\u011frenci aff\u0131na ili\u015fkin 12. yasal d\u00fczenleme kabul edilmi\u015f oldu.<\/p>\n<p style=\"text-align: justify;\">Kanuna g\u00f6re, aff\u0131n ba\u015flang\u0131\u00e7 tarihi 7 Haziran 1995 olacak, 1980 y\u0131l\u0131ndan sonra \u00e7\u0131kar\u0131lan aflardan hi\u00e7 yararlanmayanlar da <\/p>\n","protected":false},"author":1,"featured_media":0,"comment_status":"open","ping_status":"open","sticky":false,"template":"","format":"standard","meta":{"footnotes":""},"categories":[105],"tags":[],"class_list":["post-2038","post","type-post","status-publish","format-standard","hentry","category-gundem","odd"],"_links":{"self":[{"href":"http:\/\/www.korhanyilmaz.com\/index.php?rest_route=\/wp\/v2\/posts\/2038","targetHints":{"allow":["GET"]}}],"collection":[{"href":"http:\/\/www.korhanyilmaz.com\/index.php?rest_route=\/wp\/v2\/posts"}],"about":[{"href":"http:\/\/www.korhanyilmaz.com\/index.php?rest_route=\/wp\/v2\/types\/post"}],"author":[{"embeddable":true,"href":"http:\/\/www.korhanyilmaz.com\/index.php?rest_route=\/wp\/v2\/users\/1"}],"replies":[{"embeddable":true,"href":"http:\/\/www.korhanyilmaz.com\/index.php?rest_route=%2Fwp%2Fv2%2Fcomments&post=2038"}],"version-history":[{"count":0,"href":"http:\/\/www.korhanyilmaz.com\/index.php?rest_route=\/wp\/v2\/posts\/2038\/revisions"}],"wp:attachment":[{"href":"http:\/\/www.korhanyilmaz.com\/index.php?rest_route=%2Fwp%2Fv2%2Fmedia&parent=2038"}],"wp:term":[{"taxonomy":"category","embeddable":true,"href":"http:\/\/www.korhanyilmaz.com\/index.php?rest_route=%2Fwp%2Fv2%2Fcategories&post=2038"},{"taxonomy":"post_tag","embeddable":true,"href":"http:\/\/www.korhanyilmaz.com\/index.php?rest_route=%2Fwp%2Fv2%2Ftags&post=2038"}],"curies":[{"name":"wp","href":"https:\/\/api.w.org\/{rel}","templated":true}]}}