{"id":2034,"date":"2008-10-22T16:10:55","date_gmt":"2008-10-22T13:10:55","guid":{"rendered":"http:\/\/www.korhanyilmaz.com\/?p=2034"},"modified":"2008-10-22T16:10:55","modified_gmt":"2008-10-22T13:10:55","slug":"reddi-hakim-talebi-reddedildi","status":"publish","type":"post","link":"http:\/\/www.korhanyilmaz.com\/?p=2034","title":{"rendered":"Reddi hakim talebi reddedildi"},"content":{"rendered":"<p style=\"text-align: center;\"><img loading=\"lazy\" decoding=\"async\" class=\"size-full wp-image-2035  aligncenter\" title=\"Reddi hakim talebi reddedildi \" src=\"http:\/\/www.korhanyilmaz.com\/wp-content\/uploads\/2008\/10\/02f61a393027a9428280cce5x.jpg\" alt=\"Reddi hakim talebi reddedildi \" width=\"475\" height=\"250\" \/><\/p>\n<p style=\"text-align: justify;\">Ergenekon davas\u0131na bakan \u0130stanbul 13. A\u011f\u0131r Ceza Mahkemesi, reddi hakim taleplerini reddetti. Davaya bakan \u0130stanbul 13. A\u011f\u0131r Ceza Mahkemesi, 20 Ekimdeki duru\u015fmada mahkeme heyetinin reddine ili\u015fkin talepleri de\u011ferlendirdi. Mahkeme, taleplerin reddine karar verdi. \u0130stanbul 13. A\u011f\u0131r Ceza Mahkemesi nin, yetkisizlik karar\u0131 verilmesi ve davada g\u00f6revlendirilen savc\u0131lar\u0131n de\u011fi\u015ftirilmesi y\u00f6n\u00fcndeki di\u011fer baz\u0131 istemleri ise yar\u0131nki duru\u015fmada karara ba\u011flayaca\u011f\u0131 belirtildi.<\/p>\n<p style=\"text-align: justify;\">\n&#8221;Ergenekon&#8221; soru\u015fturmas\u0131 kapsam\u0131nda haklar\u0131nda dava a\u00e7\u0131lan, emekli Tu\u011fgeneral Veli K\u00fc\u00e7\u00fck, \u0130\u015f\u00e7i Partisi (\u0130P) Genel Ba\u015fkan\u0131 Do\u011fu Perin\u00e7ek, Cumhuriyet Gazetesi Ba\u015fyazar\u0131 \u0130lhan Sel\u00e7uk ve eski \u0130stanbul \u00dcniversitesi (\u0130\u00dc) Rekt\u00f6r\u00fc Kemal Yal\u00e7\u0131n Alemdaro\u011flu&#8217;nun da aralar\u0131nda bulundu\u011fu 46&#8217;s\u0131 tutuklu 86 san\u0131\u011f\u0131n yarg\u0131lanmas\u0131na yar\u0131n devam edilecek.<!--more--><\/p>\n<p style=\"text-align: justify;\">\u0130stanbul 13. A\u011f\u0131r Ceza Mahkemesince g\u00f6r\u00fclen davan\u0131n duru\u015fmas\u0131, Silivri Ceza ve \u0130nfaz Kurumlar\u0131 Yerle\u015fkesindeki duru\u015fma salonunda yap\u0131lacak.<br \/>\nDosyadaki san\u0131k say\u0131s\u0131n\u0131n \u00e7oklu\u011fu ve g\u00fcvenlik nedeniyle, ayn\u0131 yerde g\u00f6r\u00fclmesi kararla\u015ft\u0131r\u0131lan davan\u0131n yar\u0131nki duru\u015fmas\u0131n\u0131n saat 09.30&#8217;da ba\u015flamas\u0131 bekleniyor.<\/p>\n<p style=\"text-align: justify;\">Medyan\u0131n yo\u011fun ilgisi ve yer darl\u0131\u011f\u0131 nedeniyle davan\u0131n bundan sonraki duru\u015fmalar\u0131na sadece 6 haber ajans\u0131ndan birer muhabir al\u0131nacak.<br \/>\nHakim K\u00f6ksal \u015eeng\u00fcn&#8217;\u00fcn ba\u015fkanl\u0131\u011f\u0131n\u0131 yapaca\u011f\u0131 mahkeme heyetinin yan\u0131 s\u0131ra san\u0131klar ve avukatlar, izleyiciler ve Anadolu Ajans\u0131 ile di\u011fer 5 haber ajans\u0131ndan birer muhabirin bulunaca\u011f\u0131 duru\u015fma salonunda, daha kolay takibi a\u00e7\u0131s\u0131ndan izleyicilere yak\u0131n olan b\u00f6l\u00fcme bir LCD ekran konulacak.\n<\/p>\n<p style=\"text-align: justify;\">Salonun dar olmas\u0131 sebebiyle her san\u0131\u011f\u0131 en fazla 3 avukat\u0131n temsil edece\u011fi duru\u015fmada, \u00f6nce tutuklu san\u0131klar ifade verecek. Bu san\u0131klar\u0131n ifadesinin tamamlanmas\u0131 halinde, tutuksuz san\u0131klar\u0131n ifadeleri i\u00e7in ba\u015fka bir duru\u015fma g\u00fcn\u00fc belirlenecek.<\/p>\n<p style=\"text-align: justify;\">B\u0130T\u0130\u015e\u0130KTEK\u0130 ALAN DURU\u015eMA SALONUNDAN SAYILACAK<\/p>\n<p style=\"text-align: justify;\">Kalabal\u0131k y\u00fcz\u00fcnden tart\u0131\u015fmalara neden olan duru\u015fma salonunun biti\u015fi\u011findeki alan da duru\u015fma salonundan say\u0131lacak.<br \/>\nSes ve g\u00f6r\u00fcnt\u00fc kayd\u0131 yap\u0131lmas\u0131 gibi teknik imkanlar sa\u011flanan ve daha \u00f6nce 66 avukat ile 88 san\u0131\u011f\u0131n oturabilece\u011fi \u015fekilde d\u00fczenlenen duru\u015fma salonuna giremeyen bas\u0131n mensuplar\u0131 ve san\u0131k yak\u0131nlar\u0131, duru\u015fmay\u0131 bu alandan takip edebilecek.\n<\/p>\n<p style=\"text-align: justify;\">Bunun d\u0131\u015f\u0131nda duru\u015fma salonundaki g\u00f6r\u00fcnt\u00fclerin aktar\u0131lmas\u0131 i\u00e7in duru\u015fman\u0131n g\u00f6r\u00fcld\u00fc\u011f\u00fc mevcut salondaki 4 LCD ekran\u0131ndan biri bu alana yerle\u015ftirilecek.<\/p>\n<p style=\"text-align: justify;\">\u0130LK DURU\u015eMA<\/p>\n<p style=\"text-align: justify;\">Mahkeme Ba\u015fkan\u0131 \u015eeng\u00fcn, davan\u0131n ilk duru\u015fmas\u0131nda, salonda olu\u015fan kalabal\u0131\u011fa i\u015faret edip mevcut \u015fartlardan kendilerinin de memnun olmad\u0131\u011f\u0131n\u0131 anlatm\u0131\u015f, \u0130stanbul&#8217;da bu \u015fartlar\u0131 sa\u011flayabilecek ba\u015fka bir duru\u015fma salonu bulunmad\u0131\u011f\u0131n\u0131 s\u00f6ylemi\u015fti.<\/p>\n<p style=\"text-align: justify;\">\u015eeng\u00fcn, duru\u015fman\u0131n ba\u015fka bir alanda yap\u0131lmas\u0131 halinde, yerle\u015fkedeki cezaevinde bulunan tutuklu san\u0131klar\u0131n nakillerinde sorunlar ya\u015fanabilece\u011fini, bu san\u0131klar\u0131n yorulabileceklerini ve sa\u011fl\u0131klar\u0131n\u0131n bozulabilece\u011fini belirtmi\u015fti.<\/p>\n<p style=\"text-align: justify;\">TALEPLER<\/p>\n<p style=\"text-align: justify;\">\u0130lk oturumda s\u00f6z alan davan\u0131n tutuklu san\u0131klar\u0131ndan Do\u011fu Perin\u00e7ek ve di\u011fer 10 san\u0131\u011f\u0131n avukat\u0131 Mehmet Cengiz, m\u00fcvekkillerinin yasal bir muhalefet partisinin \u00fcst d\u00fczey yetkilileri oldu\u011funu ve haklar\u0131ndaki iddialar\u0131n da parti \u00e7al\u0131\u015fmalar\u0131ndan ibaret bulundu\u011funu ifade ederek, mahkemenin dosyay\u0131 Yarg\u0131tay Cumhuriyet Ba\u015fsavc\u0131l\u0131\u011f\u0131na bildirmek ve g\u00f6ndermekle g\u00f6revli oldu\u011funu savunmu\u015ftu.<\/p>\n<p style=\"text-align: justify;\">Dava konusunun Anayasa Mahkemesinin yetkisinde oldu\u011funu \u00f6ne s\u00fcren Cengiz, &#8221;(H\u00fck\u00fcmet devrilecekti) deniyor. H\u00fck\u00fcmet Ankara&#8217;dad\u0131r. Baz\u0131 gizli belgelerden bahsediliyor. Genelkurmay Ankara&#8217;dad\u0131r. M\u0130T&#8217;in merkezi Ankara&#8217;dad\u0131r. \u0130ddianamede 4 ma\u011fdur var. Eylem Ankara&#8217;dad\u0131r. Bunlar dikkate al\u0131nd\u0131\u011f\u0131nda, son hareketin yap\u0131ld\u0131\u011f\u0131 yerin Ankara olmas\u0131 nedeniyle dosyan\u0131n Ankara&#8217;ya g\u00f6nderilmesini istiyoruz&#8221; demi\u015fti.<\/p>\n<p style=\"text-align: justify;\">Avukat Cengiz, m\u00fcvekkilleri hakk\u0131ndaki davan\u0131n ayr\u0131larak, &#8221;Yetkisizlik&#8221; karar\u0131 verilmesi y\u00f6n\u00fcndeki taleplerinin kabul edilmesini ve tutuklu san\u0131klar\u0131n tahliyesini istemi\u015fti. Do\u011fu Perin\u00e7ek de dosyan\u0131n Yarg\u0131tay Cumhuriyet Ba\u015fsavc\u0131l\u0131\u011f\u0131na g\u00f6nderilmesini talep etmi\u015fti.<\/p>\n<p style=\"text-align: justify;\">Tutuklu san\u0131k Kemal Kerin\u00e7siz&#8217;in avukat\u0131 Kadir Kartal da mahkeme heyeti \u00fcye hakimlerinden Sedat Sami Ha\u015f\u0131lo\u011flu&#8217;na g\u00fcvenleri olmad\u0131\u011f\u0131n\u0131 ve bu hakimin soru\u015fturma s\u0131ras\u0131ndaki tutuklamalar\u0131n y\u00fczde 40&#8217;\u0131n\u0131 yapt\u0131\u011f\u0131n\u0131 \u00f6ne s\u00fcrerek, davadan \u00e7ekilmesini, ayr\u0131ca davaya giren Cumhuriyet Savc\u0131lar\u0131 Mehmet Ali Pekg\u00fczel ile Nihat Ta\u015fk\u0131n&#8217;\u0131n de\u011fi\u015ftirilmesini istemi\u015fti.<\/p>\n<p style=\"text-align: justify;\">Cumhuriyet Gazetesine 3 kez bomba at\u0131lmas\u0131 nedeniyle su\u00e7tan zarar g\u00f6rd\u00fcklerini ileri s\u00fcren Cumhuriyet Vakf\u0131 ile Yeni G\u00fcn Haber Ajans\u0131 Bas\u0131n ve Yay\u0131n A.\u015e avukat\u0131 B\u00fclent Utku, DTP, \u0130nsan Haklar\u0131 Derne\u011fi (\u0130HD) \u0130stanbul \u015eubesi, Hukuk\u00e7ular Derne\u011fi, \u00c7a\u011fda\u015f Hukuk\u00e7ular Derne\u011fi \u0130zmir \u015eubesi, \u015eebnem Korur Fidanc\u0131&#8217;n\u0131n avukatlar\u0131 ile Diyarbak\u0131r Barosu Ba\u015fkan\u0131 Sezgin Tanr\u0131kulu \u00e7e\u015fitli nedenlerle davaya m\u00fcdahil olma talebinde bulunmu\u015ftu.<\/p>\n<p style=\"text-align: justify;\">SAVCI PEKG\u00dcZEL&#8217;\u0130N G\u00d6R\u00dc\u015e\u00dc<\/p>\n<p style=\"text-align: justify;\">Taleplere ili\u015fkin g\u00f6r\u00fc\u015f\u00fc sorulan Cumhuriyet Savc\u0131s\u0131 Pekg\u00fczel ise &#8221;Mahkeme heyetini olu\u015fturan hakimlerin reddi konusundaki taleplerin, Ceza Muhakemeleri Kanununda (CMK) say\u0131lan nedenlerden birisine dayand\u0131r\u0131lmad\u0131\u011f\u0131n\u0131, hakimin reddedilmesini gerektirecek, tarafs\u0131zl\u0131\u011f\u0131ndan \u015f\u00fcphe edilecek bir gerek\u00e7e g\u00f6sterilmedi\u011fi&#8221; i\u00e7in reddi hakim taleplerinin geri \u00e7evrilmesini istemi\u015fti.<\/p>\n<p style=\"text-align: justify;\">&#8221;Dan\u0131\u015ftay sald\u0131r\u0131s\u0131n\u0131n \u00f6rg\u00fct\u00fcn eylemlerinden sadece birisi oldu\u011fu, ele ge\u00e7irilen belgelerden \u00f6rg\u00fct\u00fcn merkezinin \u0130stanbul oldu\u011funun anla\u015f\u0131ld\u0131\u011f\u0131n\u0131, eylemlerin bir k\u0131sm\u0131n\u0131n da burada yap\u0131ld\u0131\u011f\u0131n\u0131&#8221; ifade eden Savc\u0131 Pekg\u00fczel, yetkisizlik konusundaki istemlerin de reddini talep etmi\u015fti.<\/p>\n<p style=\"text-align: justify;\">Pekg\u00fczel, \u0130\u015f\u00e7i Partili san\u0131klar y\u00f6n\u00fcnden dosyan\u0131n ayr\u0131larak Yarg\u0131tay&#8217;a g\u00f6nderilmesi konusundaki talebin reddini, Cumhuriyet Vakf\u0131 ile Yeni G\u00fcn Haber Ajans\u0131 Bas\u0131n ve Yay\u0131n A.\u015e&#8217;nin m\u00fcdahilli\u011finin kabul\u00fcn\u00fc, m\u00fcdahilli\u011fe ili\u015fkin di\u011fer istemlerin ise gerekli incelemeler yap\u0131ld\u0131ktan sonra karara ba\u011flanmas\u0131n\u0131 talep etmi\u015fti.<\/p>\n<p style=\"text-align: justify;\">Mahkeme Heyeti ise taleplerin incelenmesi amac\u0131yla duru\u015fmay\u0131 23 ekim per\u015fembe g\u00fcn\u00fcne b\u0131rakm\u0131\u015ft\u0131.<\/p>\n<p style=\"text-align: justify;\">AJANSLAR<\/p>\n","protected":false},"excerpt":{"rendered":"<p style=\"text-align: center;\">\n<p style=\"text-align: justify;\">Ergenekon davas\u0131na bakan \u0130stanbul 13. A\u011f\u0131r Ceza Mahkemesi, reddi hakim taleplerini reddetti. Davaya bakan \u0130stanbul 13. A\u011f\u0131r Ceza Mahkemesi, 20 Ekimdeki duru\u015fmada mahkeme heyetinin reddine ili\u015fkin talepleri de\u011ferlendirdi. Mahkeme, taleplerin reddine karar verdi. \u0130stanbul 13. A\u011f\u0131r Ceza Mahkemesi nin, yetkisizlik karar\u0131 verilmesi ve davada g\u00f6revlendirilen savc\u0131lar\u0131n de\u011fi\u015ftirilmesi y\u00f6n\u00fcndeki di\u011fer baz\u0131 <\/p>\n","protected":false},"author":1,"featured_media":0,"comment_status":"open","ping_status":"open","sticky":false,"template":"","format":"standard","meta":{"footnotes":""},"categories":[105],"tags":[],"class_list":["post-2034","post","type-post","status-publish","format-standard","hentry","category-gundem","odd"],"_links":{"self":[{"href":"http:\/\/www.korhanyilmaz.com\/index.php?rest_route=\/wp\/v2\/posts\/2034","targetHints":{"allow":["GET"]}}],"collection":[{"href":"http:\/\/www.korhanyilmaz.com\/index.php?rest_route=\/wp\/v2\/posts"}],"about":[{"href":"http:\/\/www.korhanyilmaz.com\/index.php?rest_route=\/wp\/v2\/types\/post"}],"author":[{"embeddable":true,"href":"http:\/\/www.korhanyilmaz.com\/index.php?rest_route=\/wp\/v2\/users\/1"}],"replies":[{"embeddable":true,"href":"http:\/\/www.korhanyilmaz.com\/index.php?rest_route=%2Fwp%2Fv2%2Fcomments&post=2034"}],"version-history":[{"count":0,"href":"http:\/\/www.korhanyilmaz.com\/index.php?rest_route=\/wp\/v2\/posts\/2034\/revisions"}],"wp:attachment":[{"href":"http:\/\/www.korhanyilmaz.com\/index.php?rest_route=%2Fwp%2Fv2%2Fmedia&parent=2034"}],"wp:term":[{"taxonomy":"category","embeddable":true,"href":"http:\/\/www.korhanyilmaz.com\/index.php?rest_route=%2Fwp%2Fv2%2Fcategories&post=2034"},{"taxonomy":"post_tag","embeddable":true,"href":"http:\/\/www.korhanyilmaz.com\/index.php?rest_route=%2Fwp%2Fv2%2Ftags&post=2034"}],"curies":[{"name":"wp","href":"https:\/\/api.w.org\/{rel}","templated":true}]}}