{"id":20335,"date":"2010-03-11T09:02:29","date_gmt":"2010-03-11T07:02:29","guid":{"rendered":"http:\/\/www.korhanyilmaz.com\/?p=20335"},"modified":"2010-03-11T09:02:29","modified_gmt":"2010-03-11T07:02:29","slug":"demirel-bir-konustu-pir-konustu","status":"publish","type":"post","link":"http:\/\/www.korhanyilmaz.com\/?p=20335","title":{"rendered":"Demirel bir konu\u015ftu pir konu\u015ftu"},"content":{"rendered":"<p style=\"text-align: center;\"><a href=\"http:\/\/www.korhanyilmaz.com\/wp-content\/uploads\/2010\/03\/DEM\u0130REL.jpg\"  class=\"lightview\"><img loading=\"lazy\" decoding=\"async\" class=\"aligncenter size-full wp-image-20336\" src=\"http:\/\/www.korhanyilmaz.com\/wp-content\/uploads\/2010\/03\/DEM\u0130REL.jpg\" alt=\"\" width=\"373\" height=\"197\" \/><\/a><\/p>\n<p style=\"text-align: justify;\">9. Cumhurba\u015fkan\u0131 S\u00fcleyman Demirel yakla\u015fan se\u00e7imler \u00f6ncesinde \u00e7ok \u00e7arp\u0131c\u0131 de\u011ferlendirmelerde bulundu.<\/p>\n<p style=\"text-align: justify;\">Se\u00e7imlerin g\u00f6lgesi meydanlara, salonlara d\u00fc\u015fmeye ba\u015flay\u0131nca; se\u00e7im kazanma ba\u015far\u0131lar\u0131 kan\u0131tlanm\u0131\u015f 9. Cumhurba\u015fkan\u0131 S\u00fcleyman Demirel\u2019in geleni gideni de art\u0131yor. \u00dcstelik bu ziyaret\u00e7iler aras\u0131nda siyaset yelpazenin sa\u011f\u0131ndan oldu\u011fu gibi, solundan da isimlere rastl\u0131yoruz. <!--more--><\/p>\n<p style=\"text-align: justify;\">Her nedense T\u00fcrkiye\u2019de se\u00e7imlere giden siyaset\u00e7iler bir Washington, bir de G\u00fcniz Sokak\u2019tan icazet almay\u0131 marifet biliyor. \u0130\u015fte bu gayretke\u015flik bazen de Demirel\u2019in 30 y\u0131l koruma m\u00fcd\u00fcrl\u00fc\u011f\u00fcn\u00fc yapan \u015e\u00fckr\u00fc \u00c7ukurlu\u2019nun ba\u015f\u0131na gelenler gibi geri tepiyor.<\/p>\n<p style=\"text-align: justify;\"><strong>Korumas\u0131na TDH f\u0131r\u00e7as\u0131<\/strong><\/p>\n<p style=\"text-align: justify;\">2005 y\u0131l\u0131nda DYP\u2019ye kat\u0131larak emniyet m\u00fcd\u00fcrl\u00fc\u011f\u00fcnden emekliye ayr\u0131lan \u00c7ukurlu, Demirel\u2019den tam da b\u00f6yle bir nedenden dolay\u0131 s\u0131k\u0131 bir f\u0131r\u00e7a yedi!<\/p>\n<p style=\"text-align: justify;\">\u00c7ukurlu\u2019nun T\u00fcrkiye De\u011fi\u015fim Hareketi\u2019ne (TDH) girmesi \u00fczerine Demirel\u2019i arad\u0131\u011f\u0131mda, \u201cSon 3-4 ayd\u0131r g\u00f6rm\u00fcyorum. Bana at\u0131fta bulunarak yap\u0131lan a\u00e7\u0131klamalar\u0131n baz\u0131lar\u0131 do\u011fru olmad\u0131\u011f\u0131 gibi, ismim \u00fczerinde istismar kategorisine giriyor. Benimle bu konuyu konu\u015fmad\u0131; konu\u015fmas\u0131 da \u015fart de\u011fildi. Senelerce yan\u0131mda \u00e7al\u0131\u015ft\u0131, gelmedi, sormad\u0131; sormas\u0131 da \u015fart de\u011fildi. Tekirda\u011f Meydan\u0131\u2019nda arz-\u0131 endam ettikten sonra benimle konu\u015fmas\u0131n\u0131n da bir anlam\u0131 yok; gerekmez de\u201d s\u00f6zleriyle eski koruma m\u00fcd\u00fcr\u00fcne sitem ediyor.<\/p>\n<p style=\"text-align: justify;\">Demirel, bu vesileyle konu a\u00e7\u0131lm\u0131\u015fken siyaset sahnesindeki yeni isimler ve T\u00fcrkiye g\u00fcndemi \u00fczerine kendisine y\u00f6neltti\u011fim sorulara da \u00f6zetle \u015fu yan\u0131tlar\u0131 veriyor:<\/p>\n<p style=\"text-align: justify;\"><strong>Sar\u0131g\u00fcl sevimlidir, dostumdur<\/strong><\/p>\n<p style=\"text-align: justify;\">Sar\u0131g\u00fcl\u2019\u00fc (TDH lideri Mustafa Sar\u0131g\u00fcl) severim; sevimlidir, benim de dostumdur. \u0130stanbul\u2019da ayak\u00fcst\u00fc g\u00f6r\u00fc\u015ft\u00fck. Yar\u0131n\u0131n ne olaca\u011f\u0131 bug\u00fcnden belli olmaz. Se\u00e7im havas\u0131 ayr\u0131 i\u015ftir. Se\u00e7im ba\u015far\u0131s\u0131, o g\u00fcnk\u00fc \u015fartlardaki ekonomik ve sosyal durum; \u00fclkenin bunalm\u0131\u015fl\u0131\u011f\u0131, geni\u015f bir kesimin ayakkab\u0131lar\u0131n\u0131n ayaklar\u0131n\u0131 ne kadar s\u0131kt\u0131\u011f\u0131 ile ilgilidir. Halkla iyi diyalog kuran kazanacakt\u0131r.<\/p>\n<p style=\"text-align: justify;\">DP, 50 senenin \u00fczerinde siyaset yapt\u0131\u011f\u0131m bir ortamd\u0131r, gayet tabii eriyip gitmesini onaylamam. Ben kimseye \u201cOraya git, b\u00f6yle yap\u201d demem; bildi\u011fini yapmas\u0131n\u0131 s\u00f6ylerim. Siyasette dostluk kuruluyor, arkada\u015fl\u0131klar geli\u015fiyor, bir yer de kan ba\u011f\u0131ndan yak\u0131n olunuyor. Cumhurba\u015fkanl\u0131\u011f\u0131 yapt\u0131m, bu h\u00fcviyetimi zedelemem; partiler \u00fcst\u00fcnde kalmaya \u00f6zen g\u00f6steririm. DP\u2019yi onaylar\u0131m ama bunu parti i\u015fleri seviyesinde yapmam. DP mazisine bakarsan\u0131z 40-50 y\u0131lda bu \u00fclkeye pek \u00e7ok hizmeti vard\u0131r; \u201cNe halin varsa g\u00f6r\u201d demem.<\/p>\n<p style=\"text-align: justify;\"><strong>Sa\u011f-sol de\u011fil, program \u00f6nemli<\/strong><\/p>\n<p style=\"text-align: justify;\">D\u00fcnya 10-20 sene \u00f6nceki gibi de\u011fil, 40 sene \u00f6nceki gibi hi\u00e7 de\u011fil. D\u00fcnyada right (sa\u011f), left (sol), center (merkez) konu\u015fuluyordu. Bug\u00fcn d\u00fcnyada siyasi partiler halk\u0131n \u00f6n\u00fcne ideoloji ile de\u011fil, programlar\u0131yla \u00e7\u0131k\u0131yorlar. Ne yapacaks\u0131n, nas\u0131l yapacaks\u0131n bunlar\u0131 anlat\u0131yorlar. Kalk\u0131nmay\u0131, demokrasinin geli\u015fmesini nas\u0131l sa\u011flayacak; imar-in\u015faat i\u015fleri, sosyal haklar, e\u011fitim, sa\u011fl\u0131k, temel haklarda ne yapacak? Halk s\u00f6ylediklerini yapaca\u011f\u0131na itimat etti\u011fi partinin pe\u015finden gidiyor.<\/p>\n<p style=\"text-align: justify;\">D\u00fcnyada sa\u011f-sol reva\u00e7tayken, orta partiler vard\u0131. DP, AP, Anavatan ortada yer alan kitle partileridir. K\u00f6yl\u00fc, i\u015f\u00e7i, esnaf, t\u00fcccar hepsini i\u00e7ine alan geni\u015f bir s\u0131n\u0131fa hitap eder. Ak Parti de budur. Partilerin konumunu, muhafazak\u00e2rl\u0131k ile laiklik aras\u0131ndaki farklar belirliyor. CHP laikli\u011fi getiren partidir. CHP dinle laikli\u011fi birbirinden ay\u0131r\u0131rken toplumu ac\u0131tm\u0131\u015f. Asl\u0131nda \u00f6yle de de\u011fildir ama, halk taraf\u0131ndan b\u00f6yle alg\u0131land\u0131. AP halk\u0131n dini duygular\u0131na sayg\u0131l\u0131 oldu, ancak dinden bir \u015fey talip etmedi; din de sizden bir \u015fey talep etmeyecek, devletin i\u015fleyi\u015fine dinin kurallar\u0131 ortak olmayacak. AP de, Anavatan da bunlar\u0131 yapageldi.<\/p>\n<p style=\"text-align: justify;\"><strong>Tayyip devlette ne yapm\u0131\u015ft\u0131 ki?<\/strong><\/p>\n<p style=\"text-align: justify;\">Halk\u0131n siyasi parti tercihlerinde kolayca ayr\u0131\u015fma olabiliyor. Halk s\u0131rt\u0131nda yumurta k\u00fcfesi ta\u015f\u0131maz; bug\u00fcn ona, yar\u0131n \u00f6b\u00fcr\u00fcne itibar edebilir. Siyasi tercihler alabora oldu. \u0130ktidar\u0131 \u00e7ekirdek partiler de\u011fil, y\u00fczer-gezer oylar tayin eder. Ak Parti\u2019ye oylar MHP\u2019den gitmedi; DP ve Anavatan\u2019dan gitti. DP-Anavatan birle\u015fmesinin arkas\u0131nda \u00e7ok insan vard\u0131 ama halk \u201cBunlar da (Ak Parti) k\u00f6t\u00fc de\u011fil \u201d diyerek oy vermi\u015f. Halk i\u00e7in \u00f6nemli olan ekonomidir, ge\u00e7im seviyesidir, i\u015fsizliktir, \u00e7ar\u015f\u0131-pazard\u0131r. Sosyal hadiseler bo\u015fluk kald\u0131rmaz. 2002\u2019de Tayyip (Ba\u015fbakan Erdo\u011fan) var m\u0131yd\u0131? Devlette ne yapm\u0131\u015ft\u0131 ki?<\/p>\n<p style=\"text-align: justify;\"><strong>Anayasa kime mani oluyor?<\/strong><\/p>\n<p style=\"text-align: justify;\">Anayasa mutabakatla olur; mutabakat olmadan da anayasa yap\u0131labilir ama o zaman tart\u0131\u015fmal\u0131 olur. Bug\u00fcn anayasa kimin, hangi i\u015fine mani oluyor? Siyasi iktidar ne yapmak istiyor da, bu anayasa ona mani oluyor? Adli i\u015flem \u00e7ok acele etmeye gelmez. Anayasa haz\u0131rlan\u0131rken, \u00e7ok i\u015ftirak\u00e7i sa\u011flamak gerekir. Biz de sivil anayasa haz\u0131rlamak istedik, ancak insanlar\u0131n birbirine yakla\u015fmas\u0131 zor mesele; birinin ak dedi\u011fine \u00f6b\u00fcr\u00fc kara diyebiliyor. Bunlar m\u00fccerret (soyut), yukar\u0131dan kavramlar, \u00e7\u00f6z\u00fcm \u00fcretmede kolayl\u0131k yok. Meclis\u2019teki milletvekillerinizle bir anayasa \u00e7\u0131kar\u0131rsan\u0131z, sizi takip edenlere, se\u00e7enlere hizmet edersiniz, onlar\u0131n h\u00fck\u00fcmeti olarak anayasa \u00e7\u0131karm\u0131\u015f olursunuz, \u00fclkede gerginlik yarat\u0131rs\u0131n\u0131z. \u201cElimdeki b\u0131\u00e7akla her \u015feyi keserim.\u201d Evet, kesersin ama kesmemen gereken yerleri de kesmi\u015f olursun. \u00dclkenin yar\u0131s\u0131n\u0131 veya yar\u0131s\u0131ndan fazlas\u0131n\u0131 kar\u015f\u0131n\u0131za al\u0131rsan, sadece fiilen bir anayasa \u00e7\u0131karm\u0131\u015f olursun. Anayasa \u00e7\u0131karmak i\u00e7in Meclis\u2019te g\u00fc\u00e7 olmak k\u00e2fi gelmez.<\/p>\n<p style=\"text-align: justify;\"><strong>Cumhuriyet tehlikede de\u011fildir<\/strong><\/p>\n<p style=\"text-align: justify;\">Cumhuriyet rejimi tehlikede de\u011fildir. Cumhuriyet, meseleleri kar\u015f\u0131s\u0131nda yeti\u015fkin, rejimine sahiplik yapabilen olgunlu\u011fa eri\u015fmi\u015ftir. Halk inanm\u0131\u015ft\u0131r! Devletin bir kurumu de\u011fil, halk\u0131n kendisi cumhuriyet rejimine sahip \u00e7\u0131k\u0131yor. Uluslararas\u0131 kamuoyunda, enformasyon kirlili\u011finin etkisiyle zihin buland\u0131ran yorumlar yap\u0131labiliyor. 50 sene bu i\u015fin i\u00e7inde biri olarak s\u00f6yl\u00fcyorum; T\u00fcrkiye a\u011fa\u00e7ta sararm\u0131\u015f bir yaprak de\u011fildir. Do\u011fu-Bat\u0131, toplumun t\u00fcm kesimleri cumhuriyete sad\u0131kt\u0131r. Anayasa Mahkemesi\u2019nin Ak Parti i\u00e7in ald\u0131\u011f\u0131 \u201cLaiklik kar\u015f\u0131t\u0131 fiillerin oda\u011f\u0131\u201d karar\u0131, ufak bir karar olarak g\u00f6r\u00fclemez. T\u00fcrk insan\u0131 bug\u00fcn olmasa yar\u0131n, bu karar\u0131 hat\u0131rlar. Halk \u201cHayat\u0131 iyiye g\u00f6t\u00fcrelim, emniyeti peki\u015ftirelim, \u00e7evre \u015fartlar\u0131n\u0131 iyile\u015ftirelim\u201d ister; huzur ve sakinlik getirene sad\u0131kt\u0131r. Allah\u2019a \u015f\u00fck\u00fcr, \u015fehir ve kasabalarda s\u0131k\u0131y\u00f6netim gerektiren olaylar olmuyor. Halk\u0131n birlik iradesi yerinde duruyor.<\/p>\n<p style=\"text-align: justify;\"><span style=\"color: #888888;\">Gazetport<\/span><\/p>\n","protected":false},"excerpt":{"rendered":"<p style=\"text-align: center;\">\n<p style=\"text-align: justify;\">9. Cumhurba\u015fkan\u0131 S\u00fcleyman Demirel yakla\u015fan se\u00e7imler \u00f6ncesinde \u00e7ok \u00e7arp\u0131c\u0131 de\u011ferlendirmelerde bulundu.<\/p>\n<p style=\"text-align: justify;\">Se\u00e7imlerin g\u00f6lgesi meydanlara, salonlara d\u00fc\u015fmeye ba\u015flay\u0131nca; se\u00e7im kazanma ba\u015far\u0131lar\u0131 kan\u0131tlanm\u0131\u015f 9. Cumhurba\u015fkan\u0131 S\u00fcleyman Demirel\u2019in geleni gideni de art\u0131yor. \u00dcstelik bu ziyaret\u00e7iler aras\u0131nda siyaset yelpazenin sa\u011f\u0131ndan oldu\u011fu gibi, solundan da isimlere rastl\u0131yoruz. <\/p>\n","protected":false},"author":1,"featured_media":0,"comment_status":"open","ping_status":"closed","sticky":false,"template":"","format":"standard","meta":{"footnotes":""},"categories":[105],"tags":[],"class_list":["post-20335","post","type-post","status-publish","format-standard","hentry","category-gundem","odd"],"_links":{"self":[{"href":"http:\/\/www.korhanyilmaz.com\/index.php?rest_route=\/wp\/v2\/posts\/20335","targetHints":{"allow":["GET"]}}],"collection":[{"href":"http:\/\/www.korhanyilmaz.com\/index.php?rest_route=\/wp\/v2\/posts"}],"about":[{"href":"http:\/\/www.korhanyilmaz.com\/index.php?rest_route=\/wp\/v2\/types\/post"}],"author":[{"embeddable":true,"href":"http:\/\/www.korhanyilmaz.com\/index.php?rest_route=\/wp\/v2\/users\/1"}],"replies":[{"embeddable":true,"href":"http:\/\/www.korhanyilmaz.com\/index.php?rest_route=%2Fwp%2Fv2%2Fcomments&post=20335"}],"version-history":[{"count":0,"href":"http:\/\/www.korhanyilmaz.com\/index.php?rest_route=\/wp\/v2\/posts\/20335\/revisions"}],"wp:attachment":[{"href":"http:\/\/www.korhanyilmaz.com\/index.php?rest_route=%2Fwp%2Fv2%2Fmedia&parent=20335"}],"wp:term":[{"taxonomy":"category","embeddable":true,"href":"http:\/\/www.korhanyilmaz.com\/index.php?rest_route=%2Fwp%2Fv2%2Fcategories&post=20335"},{"taxonomy":"post_tag","embeddable":true,"href":"http:\/\/www.korhanyilmaz.com\/index.php?rest_route=%2Fwp%2Fv2%2Ftags&post=20335"}],"curies":[{"name":"wp","href":"https:\/\/api.w.org\/{rel}","templated":true}]}}