{"id":20331,"date":"2010-03-10T18:41:07","date_gmt":"2010-03-10T16:41:07","guid":{"rendered":"http:\/\/www.korhanyilmaz.com\/?p=20331"},"modified":"2010-03-10T18:41:07","modified_gmt":"2010-03-10T16:41:07","slug":"kilicdaroglu-chpden-ne-bekliyor","status":"publish","type":"post","link":"http:\/\/www.korhanyilmaz.com\/?p=20331","title":{"rendered":"K\u0131l\u0131\u00e7daro\u011flu CHP&#039;den ne bekliyor?"},"content":{"rendered":"<p><a href=\"http:\/\/www.korhanyilmaz.com\/wp-content\/uploads\/2010\/03\/kilicdaroglu.jpg\"  class=\"lightview\"><img loading=\"lazy\" decoding=\"async\" class=\"aligncenter size-full wp-image-20332\" src=\"http:\/\/www.korhanyilmaz.com\/wp-content\/uploads\/2010\/03\/kilicdaroglu.jpg\" alt=\"\" width=\"292\" height=\"184\" \/><\/a><\/p>\n<p style=\"text-align: justify;\">CHP Grup Ba\u015fkanvekili Kemal K\u0131l\u0131\u00e7daro\u011flu, &#8220;Umuyorum ve diliyorum kurultay\u0131m\u0131zda sa\u011fl\u0131kl\u0131 bir de\u011fi\u015fim olur. Yeni bir y\u00f6netim anlay\u0131\u015f\u0131 umuyor ve bekliyoruz olur. \u0130ktidara en yak\u0131n olan s\u00fcre\u00e7teyiz. Kavgas\u0131z, birbirine sayg\u0131l\u0131, ho\u015fg\u00f6r\u00fcy\u00fc kutsal bir g\u00f6rev olarak kabul eden bir anlay\u0131\u015fla birbirimizi ve halk\u0131 kucaklayaca\u011f\u0131z&#8221; dedi.<!--more--><\/p>\n<p style=\"text-align: justify;\">K\u0131l\u0131\u00e7daro\u011flu, partisinin Kocaeli \u0130l Ba\u015fkanl\u0131\u011f\u0131&#8217;nda d\u00fczenledi\u011fi bas\u0131n toplant\u0131s\u0131nda konu\u015ftu.<\/p>\n<p style=\"text-align: justify;\">Herkesin inanc\u0131na ve etnik kimli\u011fine sayg\u0131l\u0131 olunmas\u0131 gerekti\u011fini vurgulayan K\u0131l\u0131\u00e7daro\u011flu, &#8220;Etnik kimlikle siyaset yaparsan\u0131z gelir duvara \u00e7arpars\u0131n\u0131z. \u0130nsanl\u0131k tarihi etnik kimli\u011fin siyasetin oda\u011f\u0131na konuldu\u011fu b\u00fct\u00fcn \u00fclkelerde b\u00fcy\u00fck bedeller \u00f6demi\u015ftir&#8221; diye konu\u015ftu.<\/p>\n<p style=\"text-align: justify;\">Herkesin dini inanc\u0131na da sayg\u0131l\u0131 olmak gerekti\u011fini vurgulayan K\u0131l\u0131\u00e7daro\u011flu, ancak AK Parti&#8217;nin dini siyasete alet etti\u011fini ve bu y\u00fczden de mahkum oldu\u011funu savundu.<\/p>\n<p style=\"text-align: justify;\">Kendisinin do\u011fu illerine gitti\u011fini, ancak baz\u0131 \u00e7evrelerce ele\u015ftirildi\u011fini s\u00f6yleyen K\u0131l\u0131\u00e7daro\u011flu, &#8220;Do\u011fuya gitmemizden birileri rahats\u0131z oluyor. Gidece\u011fiz, AK Parti&#8217;nin ezberini her yerde bozaca\u011f\u0131z. Gecekondularda ezberlerini bozduk, do\u011fuda da bozaca\u011f\u0131z. Tayyip Bey do\u011fuya giderken d\u00fcnya kadar g\u00fcvenlik, korumalar\u0131yla gidiyor. Biz sadece vatanda\u015f olarak gidiyoruz. Aln\u0131m\u0131z a\u00e7\u0131k gidiyoruz. Veremeyecek hesab\u0131m\u0131z yoktur. &#8216;Biz sizin haklar\u0131n\u0131z\u0131 savunuyoruz&#8217; diyoruz. Ter\u00f6r\u00fc CHP bitirecektir, yoksullu\u011fu, i\u015fsizli\u011fi CHP bitirecektir. Bundan kesinlikle emin olun, bunda \u00e7ok kararl\u0131y\u0131z. Birilerini makarnaya, k\u00f6m\u00fcre muhta\u00e7 etmeyece\u011fiz. S\u00f6m\u00fcr\u00fcy\u00fc her alanda &#8216;yok&#8217; edece\u011fiz. Unutmay\u0131n g\u00fcne\u015f do\u011fudan do\u011far. Kalk\u0131nmay\u0131 da oradan yapaca\u011f\u0131z. Bu memlekette karde\u015fli\u011fi, dostlu\u011fu, inan\u00e7lara, etnik kimli\u011fe sayg\u0131y\u0131 CHP \u00f6\u011fretecektir&#8221; dedi.<\/p>\n<p style=\"text-align: justify;\">Bir gazetecinin Batman&#8217;da yapt\u0131\u011f\u0131 konu\u015fmas\u0131na y\u00f6nelik sorusu \u00fczerine, konu\u015fmas\u0131nda partisinin b\u00f6lgeye y\u00f6nelik politikalar\u0131n\u0131 anlatt\u0131\u011f\u0131n\u0131 belirterek, &#8220;Yurtta\u015f olarak bizim hi\u00e7bir sorunumuz yoktur ama birileri sorun yarat\u0131yor. Buna dikkat \u00e7ektim konu\u015fmamda. Biz toplumsal bar\u0131\u015f\u0131 sa\u011flamak zorunday\u0131z. Ter\u00f6r\u00fc \u00f6nlemenin yolu silah de\u011fildir. Ekonomiden ge\u00e7er, insanlar\u0131n karn\u0131ndan ge\u00e7er. Bir kentte i\u015fsizlik y\u00fczde 52 ise oraya bar\u0131\u015f\u0131 getiremezsiniz, ho\u015fg\u00f6r\u00fc getiremezsiniz&#8221; diye konu\u015ftu.<\/p>\n<p style=\"text-align: justify;\">Toplant\u0131ya kat\u0131lan bir partilinin &#8220;Partinin \u00fcst y\u00f6netiminde bir de\u011fi\u015fim olur mu? Biz &#8216;tam bizim ba\u015fbakan\u0131m\u0131z K\u0131l\u0131\u00e7daro\u011flu&#8217; diyoruz&#8221; s\u00f6z\u00fc \u00fczerine K\u0131l\u0131\u00e7daro\u011flu, &#8220;Umuyorum ve diliyorum kurultay\u0131m\u0131zda sa\u011fl\u0131kl\u0131 bir de\u011fi\u015fim olur. Yeni bir y\u00f6netim anlay\u0131\u015f\u0131 umuyor ve bekliyoruz olur. CHP iktidara en yak\u0131n olan partidir. \u0130ktidara en yak\u0131n olan s\u00fcre\u00e7teyiz. Kavgas\u0131z, birbirine sayg\u0131l\u0131, ho\u015fg\u00f6r\u00fcy\u00fc kutsal bir g\u00f6rev olarak kabul eden bir anlay\u0131\u015fla birbirimizi ve halk\u0131 kucaklayaca\u011f\u0131z. Unutmay\u0131n ad\u0131m\u0131z Cumhuriyet Halk Partisi, halktan uzak olan bir parti olmayaca\u011f\u0131z, halkla beraber y\u00fcr\u00fcyece\u011fiz. Halk\u0131 kucaklayaca\u011f\u0131z&#8221; ifadesini kulland\u0131.<\/p>\n<p style=\"text-align: justify;\">Kendisinin Grup Ba\u015fkanvekili oldu\u011funu ve parti y\u00f6netiminde bulunmad\u0131\u011f\u0131n\u0131 ifade eden K\u0131l\u0131\u00e7daro\u011flu, &#8220;Siyasi Partiler Yasas\u0131 grup ba\u015fkanvekillerinin parti y\u00f6netiminde g\u00f6rev almas\u0131na izin vermiyor. Grup ba\u015fkanvekili olunca Parti Meclisi&#8217;nden istifa ediyorsunuz. Yeni y\u00f6netim anlay\u0131\u015f\u0131, yeni t\u00fcz\u00fckle gelecek. Yeni t\u00fcz\u00fck uygulamaya girecek, g\u00f6receksiniz daha dinamik, daha heyecanl\u0131, amat\u00f6r heyecan duyan bir ruhla halk\u0131n \u00f6n\u00fcne \u00e7\u0131kaca\u011f\u0131z. CHP \u00f6n\u00fcm\u00fczdeki s\u00fcre\u00e7te unutmay\u0131n halk\u0131n deste\u011fiyle kesinlikle iktidar olmak zorundad\u0131r&#8221; dedi.<\/p>\n<p style=\"text-align: justify;\"><span style=\"color: #888888;\">CNN T\u00dcRK<\/span><\/p>\n","protected":false},"excerpt":{"rendered":"<\/p>\n<p style=\"text-align: justify;\">CHP Grup Ba\u015fkanvekili Kemal K\u0131l\u0131\u00e7daro\u011flu, &#8220;Umuyorum ve diliyorum kurultay\u0131m\u0131zda sa\u011fl\u0131kl\u0131 bir de\u011fi\u015fim olur. Yeni bir y\u00f6netim anlay\u0131\u015f\u0131 umuyor ve bekliyoruz olur. \u0130ktidara en yak\u0131n olan s\u00fcre\u00e7teyiz. Kavgas\u0131z, birbirine sayg\u0131l\u0131, ho\u015fg\u00f6r\u00fcy\u00fc kutsal bir g\u00f6rev olarak kabul eden bir anlay\u0131\u015fla birbirimizi ve halk\u0131 kucaklayaca\u011f\u0131z&#8221; dedi.<\/p>\n","protected":false},"author":1,"featured_media":0,"comment_status":"open","ping_status":"closed","sticky":false,"template":"","format":"standard","meta":{"footnotes":""},"categories":[105],"tags":[],"class_list":["post-20331","post","type-post","status-publish","format-standard","hentry","category-gundem","odd"],"_links":{"self":[{"href":"http:\/\/www.korhanyilmaz.com\/index.php?rest_route=\/wp\/v2\/posts\/20331","targetHints":{"allow":["GET"]}}],"collection":[{"href":"http:\/\/www.korhanyilmaz.com\/index.php?rest_route=\/wp\/v2\/posts"}],"about":[{"href":"http:\/\/www.korhanyilmaz.com\/index.php?rest_route=\/wp\/v2\/types\/post"}],"author":[{"embeddable":true,"href":"http:\/\/www.korhanyilmaz.com\/index.php?rest_route=\/wp\/v2\/users\/1"}],"replies":[{"embeddable":true,"href":"http:\/\/www.korhanyilmaz.com\/index.php?rest_route=%2Fwp%2Fv2%2Fcomments&post=20331"}],"version-history":[{"count":0,"href":"http:\/\/www.korhanyilmaz.com\/index.php?rest_route=\/wp\/v2\/posts\/20331\/revisions"}],"wp:attachment":[{"href":"http:\/\/www.korhanyilmaz.com\/index.php?rest_route=%2Fwp%2Fv2%2Fmedia&parent=20331"}],"wp:term":[{"taxonomy":"category","embeddable":true,"href":"http:\/\/www.korhanyilmaz.com\/index.php?rest_route=%2Fwp%2Fv2%2Fcategories&post=20331"},{"taxonomy":"post_tag","embeddable":true,"href":"http:\/\/www.korhanyilmaz.com\/index.php?rest_route=%2Fwp%2Fv2%2Ftags&post=20331"}],"curies":[{"name":"wp","href":"https:\/\/api.w.org\/{rel}","templated":true}]}}