{"id":20327,"date":"2010-03-10T21:54:54","date_gmt":"2010-03-10T19:54:54","guid":{"rendered":"http:\/\/www.korhanyilmaz.com\/?p=20327"},"modified":"2010-03-10T21:54:54","modified_gmt":"2010-03-10T19:54:54","slug":"deniz-baykaldan-carpici-aciklamalar","status":"publish","type":"post","link":"http:\/\/www.korhanyilmaz.com\/?p=20327","title":{"rendered":"Deniz Baykal&#039;dan \u00e7arp\u0131c\u0131 a\u00e7\u0131klamalar"},"content":{"rendered":"<p style=\"text-align: center;\"><a href=\"http:\/\/www.korhanyilmaz.com\/wp-content\/uploads\/2010\/03\/BAYKAL1.jpg\"  class=\"lightview\"><img loading=\"lazy\" decoding=\"async\" class=\"size-full wp-image-20328 aligncenter\" src=\"http:\/\/www.korhanyilmaz.com\/wp-content\/uploads\/2010\/03\/BAYKAL1.jpg\" alt=\"\" width=\"307\" height=\"236\" \/><\/a><\/p>\n<p style=\"text-align: justify;\">CHP Genel Ba\u015fkan\u0131 Deniz Baykal, anayasa de\u011fi\u015fikli\u011finin i\u00e7eri\u011fi soru\u015fturulmadan g\u00fcndeme getirilecek bir konu olmad\u0131\u011f\u0131n\u0131 belirterek, &#8220;Bunlar, askeri y\u0131ld\u0131rmaya ve susturmaya \u00e7al\u0131\u015ft\u0131lar. \u015eimdi s\u0131ra yarg\u0131ya geldi&#8221; dedi.<\/p>\n<p style=\"text-align: justify;\">Baykal, Kanal D Haber B\u00fclteni&#8217;ne kat\u0131larak, g\u00fcndeme ili\u015fkin sorular\u0131n\u0131 yan\u0131tlad\u0131. <!--more--><\/p>\n<p style=\"text-align: justify;\">&#8220;Anayasa de\u011fi\u015fikli\u011fine neden kar\u015f\u0131 \u00e7\u0131k\u0131yorsunuz&#8221; sorusu \u00fczerine Baykal, H\u00fck\u00fcmet&#8217;in yapmaya \u00e7al\u0131\u015ft\u0131\u011f\u0131 anayasa de\u011fi\u015fikli\u011fini, i\u00e7eri\u011fi ve y\u00f6ntemi bak\u0131m\u0131ndan do\u011fru bulmad\u0131klar\u0131n\u0131 s\u00f6yledi.<\/p>\n<p style=\"text-align: justify;\">AK Parti Genel Ba\u015fkan Yard\u0131mc\u0131s\u0131 H\u00fcseyin \u00c7elik&#8217;in, &#8220;Say\u0131n Baykal darbe olunca m\u0131 Anayasa de\u011fi\u015fikli\u011fini g\u00fcndeme alacak&#8221; s\u00f6zlerinin hat\u0131rlat\u0131lmas\u0131 \u00fczerine Baykal, siyasi hayatlar\u0131 boyunca t\u00fcm darbeler kar\u015f\u0131s\u0131nda tutarl\u0131 ve net bir tav\u0131r tak\u0131nan bir kadro olduklar\u0131n\u0131 ifade etti.<\/p>\n<p style=\"text-align: justify;\">Baykal, &#8220;12 Mart muht\u0131ras\u0131ndan 12 Eyl\u00fcl&#8217;e g\u00fcn\u00fcm\u00fcze kadar b\u00fct\u00fcn askeri darbeler kar\u015f\u0131s\u0131nda tav\u0131r tak\u0131nd\u0131k. Bunlar kar\u015f\u0131s\u0131nda m\u00fccadelemizin bedelini \u00f6dedik. Ben 12 Eyl\u00fcl askeri m\u00fcdahalesinden sonra 7 y\u0131l siyasi haklar\u0131mdan mahrum b\u0131rak\u0131ld\u0131m. Hi\u00e7bir mahkeme karar\u0131 olmadan, hi\u00e7bir su\u00e7lama olmadan Zincirbozan&#8217;a s\u00fcr\u00fcld\u00fcm. Darbe konusunda siyasi polemik yapmak bunlar\u0131n a\u011fz\u0131na yak\u0131\u015fm\u0131yor. \u00c7\u00fcnk\u00fc bunlar 28 \u015eubat hareketi sayesinde \u00f6nleri a\u00e7\u0131lan, 28 \u015eubat hareketi ger\u00e7ekle\u015fti\u011fi i\u00e7in siyasete devam etme imkan\u0131 bulan, 28 \u015eubat&#8217;\u0131n katk\u0131s\u0131yla siyaset yapan insanlard\u0131r&#8221; dedi.<\/p>\n<p style=\"text-align: justify;\">Anayasa de\u011fi\u015fikli\u011finin i\u00e7eri\u011fi soru\u015fturulmadan g\u00fcndeme getirilecek bir konu olmad\u0131\u011f\u0131n\u0131 belirten Baykal, milletvekili dokunulmazl\u0131\u011f\u0131n\u0131 fikir \u00f6zg\u00fcrl\u00fc\u011f\u00fcyle s\u0131n\u0131rland\u0131r\u0131lacak bir anayasa de\u011fi\u015fikli\u011fi getirilmesi durumunda T\u00fcrkiye&#8217;deki bak\u0131\u015f\u0131n farkl\u0131 olaca\u011f\u0131n\u0131 s\u00f6yledi.<\/p>\n<p style=\"text-align: justify;\">Baykal, &#8220;Ancak bunlar neyin pe\u015findeler? Bunlar, askeri y\u0131ld\u0131rmaya ve susturmaya \u00e7al\u0131\u015ft\u0131lar. \u015eimdi s\u0131ra yarg\u0131ya geldi. HSYK&#8217;y\u0131 ve Anayasa Mahkemesini kendi siyasi kontrolleri alt\u0131na almak istiyorlar. Bunlar\u0131n n\u00fcfuz edip, tam denetim alt\u0131na alamad\u0131klar\u0131 bir y\u00fcksek yarg\u0131 var, \u015fimdi o y\u00fcksek yarg\u0131y\u0131 da kontrol alt\u0131na almak istiyorlar&#8221; de\u011ferlendirmesinde bulundu.<\/p>\n<p style=\"text-align: justify;\"><strong>\u00c7ankaya&#8217;daki zirve <\/strong><\/p>\n<p style=\"text-align: justify;\">&#8220;\u00c7ankaya&#8217;daki \u00fc\u00e7l\u00fc zirveden sonra kuvvet komutanlar\u0131 serbest b\u0131rak\u0131ld\u0131. Bir pazarl\u0131k m\u0131 d\u00f6n\u00fcyor?&#8221; y\u00f6n\u00fcndeki s\u00f6zleri hat\u0131rlat\u0131larak, &#8220;Ne demek istedi\u011finin&#8221; sorulmas\u0131 \u00fczerine Baykal, \u015f\u00f6yle konu\u015ftu: &#8220;\u00c7ok \u00e7arp\u0131c\u0131 iddialar ortaya at\u0131l\u0131yor. Bu iddialarla ilgili kamuoyunu tatmin edecek doyurucu sonu\u00e7lar al\u0131nm\u0131\u015f de\u011fil. Dursun \u00c7i\u00e7ek olay\u0131 bir s\u00fcreden beri kamuoyunda konulu\u015fuyor. Eldeki belge \u0131slak imza m\u0131 de\u011fil mi? G\u00fcven verici \u015fekilde kan\u0131tlanmal\u0131. Bunun i\u00e7in yap\u0131lmas\u0131 gereken baz\u0131 ara\u015ft\u0131rmalar var. \u0130lgili ki\u015fi diyor ki, o albay, &#8216;Orijinal imzal\u0131 ise parmak izim olmas\u0131 laz\u0131m. Onun i\u00e7in savc\u0131 uzatt\u0131\u011f\u0131nda tutmad\u0131m&#8217; diyor.<\/p>\n<p style=\"text-align: justify;\">Bunun incelenmesi laz\u0131m. Daha kan\u0131tlanmam\u0131\u015f bir itham\u0131, iddiay\u0131, daha bu a\u015famadayken, Genelkurmay yetkilileri &#8216;maalesef yapt\u0131\u011f\u0131 anla\u015f\u0131l\u0131yor&#8217; derse, demi\u015fse, benim vatanda\u015f olarak bunun dayana\u011f\u0131n\u0131 \u00f6\u011frenme ihtiyac\u0131m var. Hangi yeni olay var? Jandarmadaki olay, daha \u00f6nce hem Ankara&#8217;daki hem \u0130stanbul&#8217;daki mahkemelerin ciddiye almad\u0131\u011f\u0131, tatmin edici bulmad\u0131\u011f\u0131 Adli T\u0131p raporunun \u00f6tesinde bir \u015fey de\u011fil.&#8221;<\/p>\n<p style=\"text-align: justify;\">Dursun \u00c7i\u00e7ek&#8217;in \u00fcstleriyle ilgili ele\u015ftirilerinin an\u0131msat\u0131lmas\u0131 \u00fczerine Baykal, &#8220;Bu a\u015famada doyurucu bir inceleme yap\u0131lmadan yukar\u0131daki bir zirvede bu konu konu\u015fulmu\u015f, &#8216;maalesef yap\u0131ld\u0131&#8217; diye bir anlay\u0131\u015f ortaya \u00e7\u0131km\u0131\u015fsa bunun sorgulanmas\u0131 laz\u0131m&#8221; dedi.<\/p>\n<p style=\"text-align: justify;\">&#8220;Belge do\u011fruysa Genelkurmay Ba\u015fkan\u0131&#8217;n\u0131 istifaya \u00e7a\u011f\u0131rm\u0131\u015ft\u0131n\u0131z. Bug\u00fcn yine ayn\u0131 noktada m\u0131s\u0131n\u0131z&#8221; sorusunu Baykal, &#8220;Tabii, hi\u00e7 \u015f\u00fcphe yok. O belge do\u011fruysa o belgeyi haz\u0131rlayan insan\u0131 feda ederek, Genelkurmay&#8217;\u0131n en hassas biriminde b\u00f6yle bir \u00e7al\u0131\u015fman\u0131n yap\u0131lm\u0131\u015f olmas\u0131n\u0131n sorumlulu\u011funu ortadan kald\u0131rmak m\u00fcmk\u00fcn de\u011fildir. E\u011fer orada yap\u0131ld\u0131ysa, bunu nas\u0131l yapt\u0131 bu ki\u015fi? Kimlerle i\u015fbirli\u011fi i\u00e7inde&#8221; diye yan\u0131tlad\u0131.<\/p>\n<p style=\"text-align: justify;\">&#8220;Komutanlar da sorumlulu\u011fu almal\u0131 diyorsunuz&#8221; denmesi \u00fczerine Baykal, &#8220;O ara\u015ft\u0131r\u0131lmal\u0131, onlar da hesap vermeli, incelenmeli, soru\u015fturulmal\u0131 ve sorumlulu\u011fu \u00fcstlenmelidir. &#8216;Vay bizim bilgimiz d\u0131\u015f\u0131nda burada b\u00f6yle bir \u015fey yapm\u0131\u015f&#8217; diyerek, bu i\u015f kapat\u0131lmaz. E\u011fer \u00f6yleyse, ben \u00f6yle olup olmad\u0131\u011f\u0131 da belli de\u011fil diyorum. Ama \u015fimdi yukar\u0131da bir mutabakat sa\u011flayal\u0131m diye &#8216;Can\u0131m bu i\u015fin \u00f6tesini kar\u0131\u015ft\u0131rmayacaksan\u0131z hadi verdik gitti&#8217; pazarl\u0131\u011f\u0131yla bu i\u015fler yap\u0131lmaz&#8221; diye konu\u015ftu.<\/p>\n<p style=\"text-align: justify;\">&#8220;Pazarl\u0131k kimler aras\u0131nda yap\u0131ld\u0131&#8221; sorusunu Baykal, &#8220;Bilemem. Ama beni rahats\u0131z eden \u015fudur, zirve topland\u0131, zirveden saatler sonra \u0130stanbul&#8217;da \u00fc\u00e7 general tahliye oldu. Arkas\u0131ndan iki \u00f6nemli \u015fa\u015f\u0131rt\u0131c\u0131 a\u00e7\u0131klama yap\u0131ld\u0131, Genelkurmay&#8217;dan. A\u00e7\u0131klamalardan birisi Dursun \u00c7i\u00e7ek&#8217;in bu i\u015fte sorumlu oldu\u011funa dair emarelerin \u00e7\u0131kt\u0131\u011f\u0131 savc\u0131l\u0131k taraf\u0131ndan ifade edildi. Mahkemeye g\u00f6nderildi mahkeme &#8216;sa\u00e7malamay\u0131n&#8217; dedi, kabul etmedi. Ne oldu, kim veriyor? Hukukla m\u0131 veriyorsunuz, siyasetle mi veriyorsunuz? Soru\u015fturman\u0131n gere\u011fini yapmak i\u00e7in mi veriyorsunuz, soru\u015fturman\u0131n \u00f6n\u00fcn\u00fc kesmek i\u00e7in mi veriyorsunuz? Ayn\u0131 \u015fekilde \u00fc\u00e7\u00fcnc\u00fc bir dava olarak \u0130stanbul&#8217;da birinci orduyla ilgili olay o konuda bir a\u00e7\u0131klama yap\u0131ld\u0131. D\u00fc\u015f\u00fcnd\u00fcr\u00fcc\u00fc a\u00e7\u0131klamalard\u0131r&#8221; dedi.<\/p>\n<p style=\"text-align: justify;\"><strong>K\u0131l\u0131\u00e7daro\u011flu&#8217;nun demecine cevap <\/strong><\/p>\n<p style=\"text-align: justify;\">K\u0131l\u0131\u00e7daro\u011flu&#8217;nun &#8220;Kurultay\u0131m\u0131zda sa\u011fl\u0131kl\u0131 bir de\u011fi\u015fim olaca\u011f\u0131n\u0131 umuyorum&#8221; s\u00f6zleri hat\u0131rlat\u0131larak, &#8220;CHP&#8217;nin vitrininde yeni isimler g\u00f6recek miyiz?&#8221; sorusu \u00fczerine de \u00f6n\u00fcm\u00fczdeki kurultayda genel merkezin yap\u0131s\u0131n\u0131n de\u011fi\u015fece\u011fini bildirdi.<\/p>\n<p style=\"text-align: justify;\">T\u00fcz\u00fcklerinin de\u011fi\u015fti\u011fini, ancak y\u00fcr\u00fcrl\u00fc\u011fe girmedi\u011fini belirten Baykal, kurultaydan sonra y\u00fcr\u00fcrl\u00fc\u011fe girecek t\u00fcz\u00fckle genel ba\u015fkan yard\u0131mc\u0131s\u0131 say\u0131s\u0131n\u0131n artaca\u011f\u0131n\u0131 ve partinin \u00f6n\u00fcndeki konular\u0131n her birisiyle bir genel ba\u015fkan yard\u0131mc\u0131s\u0131n\u0131n do\u011frudan sorumlu olaca\u011f\u0131n\u0131 anlatt\u0131. Baykal, yeni gen\u00e7 ve de\u011ferli ki\u015filerin CHP vitrininde yer alaca\u011f\u0131n\u0131 bildirdi.<\/p>\n<p style=\"text-align: justify;\"><span style=\"color: #888888;\">CNN T\u00dcRK<\/span><\/p>\n","protected":false},"excerpt":{"rendered":"<p style=\"text-align: center;\">\n<p style=\"text-align: justify;\">CHP Genel Ba\u015fkan\u0131 Deniz Baykal, anayasa de\u011fi\u015fikli\u011finin i\u00e7eri\u011fi soru\u015fturulmadan g\u00fcndeme getirilecek bir konu olmad\u0131\u011f\u0131n\u0131 belirterek, &#8220;Bunlar, askeri y\u0131ld\u0131rmaya ve susturmaya \u00e7al\u0131\u015ft\u0131lar. \u015eimdi s\u0131ra yarg\u0131ya geldi&#8221; dedi.<\/p>\n<p style=\"text-align: justify;\">Baykal, Kanal D Haber B\u00fclteni&#8217;ne kat\u0131larak, g\u00fcndeme ili\u015fkin sorular\u0131n\u0131 yan\u0131tlad\u0131. <\/p>\n","protected":false},"author":1,"featured_media":0,"comment_status":"open","ping_status":"closed","sticky":false,"template":"","format":"standard","meta":{"footnotes":""},"categories":[105],"tags":[],"class_list":["post-20327","post","type-post","status-publish","format-standard","hentry","category-gundem","odd"],"_links":{"self":[{"href":"http:\/\/www.korhanyilmaz.com\/index.php?rest_route=\/wp\/v2\/posts\/20327","targetHints":{"allow":["GET"]}}],"collection":[{"href":"http:\/\/www.korhanyilmaz.com\/index.php?rest_route=\/wp\/v2\/posts"}],"about":[{"href":"http:\/\/www.korhanyilmaz.com\/index.php?rest_route=\/wp\/v2\/types\/post"}],"author":[{"embeddable":true,"href":"http:\/\/www.korhanyilmaz.com\/index.php?rest_route=\/wp\/v2\/users\/1"}],"replies":[{"embeddable":true,"href":"http:\/\/www.korhanyilmaz.com\/index.php?rest_route=%2Fwp%2Fv2%2Fcomments&post=20327"}],"version-history":[{"count":0,"href":"http:\/\/www.korhanyilmaz.com\/index.php?rest_route=\/wp\/v2\/posts\/20327\/revisions"}],"wp:attachment":[{"href":"http:\/\/www.korhanyilmaz.com\/index.php?rest_route=%2Fwp%2Fv2%2Fmedia&parent=20327"}],"wp:term":[{"taxonomy":"category","embeddable":true,"href":"http:\/\/www.korhanyilmaz.com\/index.php?rest_route=%2Fwp%2Fv2%2Fcategories&post=20327"},{"taxonomy":"post_tag","embeddable":true,"href":"http:\/\/www.korhanyilmaz.com\/index.php?rest_route=%2Fwp%2Fv2%2Ftags&post=20327"}],"curies":[{"name":"wp","href":"https:\/\/api.w.org\/{rel}","templated":true}]}}