{"id":20318,"date":"2010-03-10T09:14:28","date_gmt":"2010-03-10T07:14:28","guid":{"rendered":"http:\/\/www.korhanyilmaz.com\/?p=20318"},"modified":"2010-03-10T09:14:28","modified_gmt":"2010-03-10T07:14:28","slug":"bocek-yasal-cikti","status":"publish","type":"post","link":"http:\/\/www.korhanyilmaz.com\/?p=20318","title":{"rendered":"B\u00f6cek yasal \u00e7\u0131kt\u0131"},"content":{"rendered":"<p style=\"text-align: center;\"><a href=\"http:\/\/www.korhanyilmaz.com\/wp-content\/uploads\/2010\/03\/bocek.jpg\"  class=\"lightview\"><img loading=\"lazy\" decoding=\"async\" class=\"size-full wp-image-20319 aligncenter\" src=\"http:\/\/www.korhanyilmaz.com\/wp-content\/uploads\/2010\/03\/bocek.jpg\" alt=\"\" width=\"350\" height=\"210\" \/><\/a><\/p>\n<p style=\"text-align: justify;\">Plazmadaki dinleme cihaz\u0131 mahkeme karar\u0131ym\u0131\u015f!<\/p>\n<p style=\"text-align: justify;\">Edirne Belediye Ba\u015fkan\u0131 Hamdi Sedef\u00e7i&#8217;nin makam odas\u0131ndaki televizyonda bulunan dinleme cihaz\u0131n\u0131n \u0130stanbul 13. A\u011f\u0131r Ceza Mahkemesi&#8217;nden al\u0131nan kararla konuldu\u011fu bildirildi. <!--more--><\/p>\n<p style=\"text-align: justify;\">Edirne Cumhuriyet Ba\u015fsavc\u0131s\u0131 Selami Hatipo\u011flu, Edirne Belediye Ba\u015fkan\u0131 Hamdi Sedef\u00e7i&#8217;nin makam\u0131ndaki plazma televizyonunda 8 Ocak 2010 tarihinde bulunan dinleme cihaz\u0131yla ilgili soru\u015fturman\u0131n takipsizlikle sonu\u00e7land\u0131\u011f\u0131n\u0131 s\u00f6yledi.<\/p>\n<p style=\"text-align: justify;\">Takipsizlik karar\u0131n\u0131 \u0130stanbul 13 A\u011f\u0131r Ceza Mahkemesi&#8217;nden gelen yaz\u0131 \u00fczerine verdiklerini anlatan Hatipo\u011flu, &#8220;Dinleme cihaz\u0131yla ilgili \u015fikayet ile ilgili, mahkemenin dinleme karar\u0131 oldu\u011fu i\u00e7in 10 g\u00fcn \u00f6nce takipsizlik karar\u0131 verildi. \u0130stanbul 13. A\u011f\u0131r Ceza Mahkemesi, dinleme ve izleme cihazlar\u0131n\u0131 2009 y\u0131l\u0131n\u0131n ilk 6 ay\u0131 i\u00e7in su\u00e7u \u00f6nlemek amac\u0131yla &#8220;\u00d6n dinleme karar\u0131&#8221; alm\u0131\u015f. Bu karara istinaden bu cihazlar konulmu\u015f. Mahkeme karar\u0131 yasal kabul edildi\u011fi i\u00e7in olayla ilgili takipsizlik karar\u0131 verildi&#8221; dedi.<\/p>\n<p style=\"text-align: justify;\">Edirne Belediye Ba\u015fkan Yard\u0131mc\u0131s\u0131 Nam\u0131k Kemal D\u00f6leneken de, kendilerine bu konuda s\u00f6zl\u00fc olarak bilgi verildi\u011fini, ancak resmi bir yaz\u0131n\u0131n gelmedi\u011fini belirtti. D\u00f6leneken, resmi karar\u0131n ellerine ula\u015fmas\u0131 halinde g\u00f6r\u00fc\u015f belirtebileceklerini kaydetti.<\/p>\n<p style=\"text-align: justify;\"><strong>Olay <\/strong><\/p>\n<p style=\"text-align: justify;\">Edirne Belediyesi&#8217;nde 11 Aral\u0131k 2009 tarihinde Makine \u0130kmal Bak\u0131m ve Onar\u0131m Birimi \u015eefi \u00dcnal Kant&#8217;\u0131n odas\u0131ndaki oda parf\u00fcm\u00fc aletinin i\u00e7inde dinleme cihaz\u0131 bulunmu\u015f, cihaz\u0131n Edirne Emniyet M\u00fcd\u00fcrl\u00fc\u011f\u00fc&#8217;nce konuldu\u011fu ve operasyon sonras\u0131 unutuldu\u011fu a\u00e7\u0131klanm\u0131\u015ft\u0131.<\/p>\n<p style=\"text-align: justify;\">Edirne Belediye Ba\u015fkan\u0131 Hamdi Sedef\u00e7i&#8217;nin 8 Ocak 2010 tarihinde makam odas\u0131ndaki televizyonda ses kart\u0131, g\u00f6r\u00fcnt\u00fc kart\u0131, FM vericisi, g\u00f6r\u00fcnt\u00fc ve ses aktar\u0131c\u0131 komple sistem bulunmu\u015ftu.<\/p>\n<p style=\"text-align: justify;\">Bunun \u00fczerine Sedef\u00e7i, CHP Genel Ba\u015fkan Yard\u0131mc\u0131s\u0131 Y\u0131lmaz Ate\u015f, TBMM Telekulak ve Bilgi Teknolojileri Komisyon \u00dcyesi Tacidar Seyhan ile birlikte bas\u0131n toplant\u0131s\u0131 d\u00fczenlemi\u015f, ard\u0131ndan da su\u00e7 duyurusunda bulunmu\u015ftu.<\/p>\n<p style=\"text-align: justify;\"><span style=\"color: #888888;\">Haber1.com<\/span><\/p>\n","protected":false},"excerpt":{"rendered":"<p style=\"text-align: center;\">\n<p style=\"text-align: justify;\">Plazmadaki dinleme cihaz\u0131 mahkeme karar\u0131ym\u0131\u015f!<\/p>\n<p style=\"text-align: justify;\">Edirne Belediye Ba\u015fkan\u0131 Hamdi Sedef\u00e7i&#8217;nin makam odas\u0131ndaki televizyonda bulunan dinleme cihaz\u0131n\u0131n \u0130stanbul 13. A\u011f\u0131r Ceza Mahkemesi&#8217;nden al\u0131nan kararla konuldu\u011fu bildirildi. <\/p>\n","protected":false},"author":1,"featured_media":0,"comment_status":"open","ping_status":"closed","sticky":false,"template":"","format":"standard","meta":{"footnotes":""},"categories":[105],"tags":[],"class_list":["post-20318","post","type-post","status-publish","format-standard","hentry","category-gundem","odd"],"_links":{"self":[{"href":"http:\/\/www.korhanyilmaz.com\/index.php?rest_route=\/wp\/v2\/posts\/20318","targetHints":{"allow":["GET"]}}],"collection":[{"href":"http:\/\/www.korhanyilmaz.com\/index.php?rest_route=\/wp\/v2\/posts"}],"about":[{"href":"http:\/\/www.korhanyilmaz.com\/index.php?rest_route=\/wp\/v2\/types\/post"}],"author":[{"embeddable":true,"href":"http:\/\/www.korhanyilmaz.com\/index.php?rest_route=\/wp\/v2\/users\/1"}],"replies":[{"embeddable":true,"href":"http:\/\/www.korhanyilmaz.com\/index.php?rest_route=%2Fwp%2Fv2%2Fcomments&post=20318"}],"version-history":[{"count":0,"href":"http:\/\/www.korhanyilmaz.com\/index.php?rest_route=\/wp\/v2\/posts\/20318\/revisions"}],"wp:attachment":[{"href":"http:\/\/www.korhanyilmaz.com\/index.php?rest_route=%2Fwp%2Fv2%2Fmedia&parent=20318"}],"wp:term":[{"taxonomy":"category","embeddable":true,"href":"http:\/\/www.korhanyilmaz.com\/index.php?rest_route=%2Fwp%2Fv2%2Fcategories&post=20318"},{"taxonomy":"post_tag","embeddable":true,"href":"http:\/\/www.korhanyilmaz.com\/index.php?rest_route=%2Fwp%2Fv2%2Ftags&post=20318"}],"curies":[{"name":"wp","href":"https:\/\/api.w.org\/{rel}","templated":true}]}}