{"id":2030,"date":"2008-10-22T10:20:32","date_gmt":"2008-10-22T07:20:32","guid":{"rendered":"http:\/\/www.korhanyilmaz.com\/?p=2030"},"modified":"2008-10-22T10:20:32","modified_gmt":"2008-10-22T07:20:32","slug":"arsenal-feneri-tepeledi","status":"publish","type":"post","link":"http:\/\/www.korhanyilmaz.com\/?p=2030","title":{"rendered":"ARSENAL FENER&#8217;\u0130 TEPELED\u0130"},"content":{"rendered":"<p style=\"text-align: center;\"><img loading=\"lazy\" decoding=\"async\" class=\"size-medium wp-image-2031  aligncenter\" title=\"ARSENAL FENER'\u0130 TEPELED\u0130\" src=\"http:\/\/www.korhanyilmaz.com\/wp-content\/uploads\/2008\/10\/f895aff741c35042b9b6c127r-450x190.jpg\" alt=\"f895aff741c35042b9b6c127r\" width=\"450\" height=\"190\" \/><\/p>\n<p style=\"text-align: justify;\">D\u00fcnya bas\u0131n\u0131, \u015eampiyonlar Ligi&#8217;nde sahas\u0131nda oynad\u0131\u011f\u0131 ma\u00e7ta Fenerbah\u00e7e&#8217;nin Arsenal&#8217;e 5-2 yenilmesine geni\u015f yer ay\u0131rd\u0131.Reuters Haber Ajans\u0131 d\u00fcnk\u00fc kar\u015f\u0131la\u015fma ile ilgili olarak &#8220;Arsenal, Fenerbah\u00e7e&#8217;yi tepeledi&#8221; c\u00fcmleleriyle duyurdu.<\/p>\n<p>\u0130SPANYOL BASINI: &#8216;ARSENAL LU\u0130S&#8217;\u0130 G\u00d6M\u00dcYOR&#8217;\n<\/p>\n<p style=\"text-align: justify;\">\u0130spanyol bas\u0131n\u0131, \u015eampiyonlar Ligi&#8217;nde sahas\u0131nda oynad\u0131\u011f\u0131 ma\u00e7ta Fenerbah\u00e7e&#8217;nin Arsenal&#8217;e 5-2 yenilmesine geni\u015f yer ay\u0131r\u0131rken, farkl\u0131 yenilgiyle Aragones&#8217;in T\u00fcrkiye&#8217;deki maceras\u0131n\u0131n sonuna yakla\u015f\u0131ld\u0131\u011f\u0131 savunuldu.<!--more--><\/p>\n<p style=\"text-align: justify;\">&#8221;Arsenal, Luis&#8217;i g\u00f6m\u00fcyor&#8221; ve &#8221;Cesc (Fabregas), Luis&#8217;i u\u00e7urumun kenar\u0131na koyuyor&#8221; ba\u015fl\u0131klar\u0131n\u0131 atan Marca gazetesi, &#8221;Fenerbah\u00e7e, 15 ma\u00e7 sonra sahas\u0131na yeniliyor. Osmanl\u0131lar\u0131n defans\u0131 bir felaketti&#8221; yorumunda bulundu. Gazete, &#8221;Luis&#8217;in Avrupa-Asya maceras\u0131, evinde Arsenal kar\u015f\u0131s\u0131nda ald\u0131klar\u0131 korkun\u00e7 bozgundan sonra sona do\u011fru yakla\u015fabilir&#8221; ifadelerini kullanarak, Fenerbah\u00e7e&#8217;nin ald\u0131\u011f\u0131 yenilgiyle hemen hemen \u015eampiyonlar Ligi&#8217;nden elendi\u011fi ve art\u0131k lige y\u00f6nelece\u011fi savunuldu.<\/p>\n<p style=\"text-align: justify;\">AS gazetesi de &#8221;Fenerbah\u00e7e&#8217;nin orta sahan\u0131n ortas\u0131 ve kale aras\u0131ndaki g\u00fcvenlik koridoru Luis&#8217;i ip \u00fczerine koyuyor&#8221; ba\u015fl\u0131\u011f\u0131n\u0131 atarak, Fenerbah\u00e7e&#8217;nin sezon ba\u015f\u0131ndan bu yana orta sahan\u0131n ortas\u0131 ile kale aras\u0131na b\u00fcy\u00fck bo\u015fluklar b\u0131rak\u0131p golleri hep buradan yedi\u011fini belirtti. &#8221;D\u00fcn Fenerbah\u00e7e, Ikea&#8217;n\u0131n (Ma\u011fazan\u0131n b\u00fcy\u00fck giri\u015f kap\u0131s\u0131) giri\u015fine benziyordu&#8221; yorumunda bulunan AS, al\u0131nan farkl\u0131 yenilginin Luis&#8217;e &#8221;\u00e7\u0131k\u0131\u015f kap\u0131s\u0131n\u0131 g\u00f6sterdi\u011fini&#8221; iddia etti. Gazete, &#8221;Fenerbah\u00e7e&#8217;de kalaca\u011f\u0131m&#8221; diyen G\u00fciza i\u00e7in de &#8221;kimbilir belki de gitmeli&#8221; de\u011ferlendirmesini yapt\u0131.<\/p>\n<p style=\"text-align: justify;\">Sport gazetesi ise &#8221;Cesc&#8217;in Arsenal&#8217;i Luis&#8217;i derin u\u00e7urumun kenar\u0131na koyuyor&#8221; derken, gol ya\u011fmurundan sonra \u00f6n\u00fcm\u00fczdeki saatlerde Aragones&#8217;in g\u00f6revine son verilebilece\u011fini ileri s\u00fcrd\u00fc.<\/p>\n<p style=\"text-align: justify;\">Di\u011fer ulusal gazetelerden El Pais gazetesi &#8221;Cesc, Luis Aragones&#8217;i zora sokuyor&#8221;, ABC, &#8221;Arsenal, Fenerbah\u00e7e&#8217;ye zalimce davran\u0131yor ve Aragones&#8217;i hemen hemen kovdu&#8221;, El Mundo, &#8221;Cesc&#8217;in Arsenal&#8217;i, Aragones&#8217;i hassastan daha zor durumda b\u0131rak\u0131yor&#8221; ifadelerini kulland\u0131.<\/p>\n<p style=\"text-align: justify;\">GAL\u0130B\u0130YET \u0130NG\u0130L\u0130Z BASININDA ZAFER SARHO\u015eLU\u011eU YARATTI<\/p>\n<p style=\"text-align: justify;\">Fenerbah\u00e7e ile \u0130ngiltere&#8217;nin Arsenal tak\u0131mlar\u0131 aras\u0131nda oynanan ve 5-2 Arsenal&#8217;in galibiyetiyle sonu\u00e7lanan \u015eampiyonlar ligi kar\u015f\u0131la\u015fmas\u0131, \u0130ngiliz bas\u0131n\u0131nda zafer sarho\u015flu\u011fu yaratt\u0131.<\/p>\n<p style=\"text-align: justify;\">Ma\u00e7 sonucunu abart\u0131l\u0131 ba\u015fl\u0131klarla okurlar\u0131na duyuran \u0130ngiliz gazetelerinden The Daily Telegraph, sonucu tek c\u00fcmleyle &#8221;Arsenal&#8217;in 5 y\u0131ld\u0131zl\u0131 gecesi&#8221; olarak niteledi.<\/p>\n<p style=\"text-align: justify;\">Ramsey;in son ata\u011f\u0131n\u0131n bu sonucun m\u00fchr\u00fcn\u00fc vurdu\u011funu kaydeden Telegraph, \u0130stanbul;u ise do\u011funun bat\u0131yla bulu\u015ftu\u011fu m\u00fcthi\u015f kar\u015f\u0131tl\u0131klar\u0131 bar\u0131nd\u0131ran bir kent olarak betimledi.<\/p>\n<p style=\"text-align: justify;\">Tak\u0131m\u0131n att\u0131\u011f\u0131 golleri pozisyonlar\u0131yla birlikte okurlar\u0131na aktaran gazete, al\u0131nan galibiyetin tak\u0131m\u0131 (G) grubunun liderli\u011fine ta\u015f\u0131d\u0131\u011f\u0131n\u0131 ve Emirates;de Fenerbah\u00e7e;ye kar\u015f\u0131 al\u0131nacak ikinci bir galibiyetin i\u015faretlerini verdi\u011fini yazd\u0131. Gazete b\u00f6yle bir galibiyetin Arsenal;in \u015eampiyonlar Ligi&#8217;ne giden yoldaki durumunu sa\u011flamla\u015ft\u0131raca\u011f\u0131n\u0131 da kaydetti.<\/p>\n<p style=\"text-align: justify;\">The Times gazetesi de ba\u015fl\u0131\u011f\u0131nda Arsenal tak\u0131m\u0131 teknik direkt\u00f6r\u00fc Arsen Wenger;in d\u00fcnk\u00fc ma\u00e7ta gen\u00e7 silahlar\u0131n\u0131 patlatt\u0131\u011f\u0131 benzetmesine yer verdi. Arsenal;in ya\u015f ortalamas\u0131n\u0131n 22 oldu\u011funa i\u015faret edilen haberde, &#8221;Bu tak\u0131m\u0131n d\u00fcn ortaya koydu\u011fu 5 y\u0131ld\u0131zl\u0131 \u015fov, Arsenal menajerini mutlu etti&#8221; denildi.<\/p>\n<p style=\"text-align: justify;\">Wenger;in sonu\u00e7tan b\u00fcy\u00fck gurur duydu\u011funu da yazan Times, al\u0131nan sonucun Arsenal;i \u015eampiyonlar Ligi&#8217;nde ba\u015far\u0131 noktas\u0131na yakla\u015ft\u0131rd\u0131\u011f\u0131n\u0131 \u00f6ne s\u00fcrd\u00fc.<br \/>\nArsenal;in \u00f6n\u00fcndeki \u00fc\u00e7 ma\u00e7tan bir galibiyet daha \u00e7\u0131kartmak durumunda bulundu\u011fu hat\u0131rlatmas\u0131na da yer verilen haberde, &#8221;bu da muhtemelen Fenerbah\u00e7e;nin Emirates stadyumuna r\u00f6van\u015f kar\u015f\u0131la\u015fmas\u0131 ziyaretinde m\u00fcmk\u00fcn olabilecektir;; iddias\u0131na yer verildi.\n<\/p>\n<p style=\"text-align: justify;\">Wenger;in, Fenerbah\u00e7e;deki havaya ra\u011fmen hi\u00e7bir korku belirtisi g\u00f6stermeyen oyuncular\u0131 sayesinde en b\u00fcy\u00fck tatmini ya\u015fad\u0131\u011f\u0131 da belirtilen haberde, tak\u0131m\u0131n Fenerbah\u00e7e;nin 15 ma\u00e7t\u0131r yenilgisiz oynama rekorunu elinden alman\u0131n gururunu ya\u015fayabilece\u011fi de belirtildi.<\/p>\n<p style=\"text-align: justify;\">WENGER GURURLA GER\u0130YE BAKACAK<\/p>\n<p style=\"text-align: justify;\">The Guardian gazetesi de al\u0131nan sonucun oyuncular\u0131n\u0131n Arsen Wenger;e bug\u00fcn kutlayaca\u011f\u0131 59. ya\u015fg\u00fcn\u00fc i\u00e7in bir arma\u011fan oldu\u011funu yazd\u0131.<\/p>\n<p style=\"text-align: justify;\">Wenger;in asl\u0131nda geriye bakmaktan yana olmad\u0131\u011f\u0131n\u0131, ancak tak\u0131m\u0131n\u0131n Fenerbah\u00e7e;yi kendi \u015famatac\u0131 seyircisinin \u00f6n\u00fcnde nas\u0131l da\u011f\u0131tt\u0131\u011f\u0131n\u0131 hat\u0131rlay\u0131nca bunu gururla yapmaktan geri duramayaca\u011f\u0131n\u0131 yazd\u0131.<\/p>\n<p style=\"text-align: justify;\">D\u00fcn ak\u015fam savunmaya \u00e7ekilen Fenerbah\u00e7e;nin, Arsenal ma\u00e7\u0131ndan ald\u0131\u011f\u0131 yaralar\u0131n izlerini bir s\u00fcre ta\u015f\u0131yaca\u011f\u0131n\u0131 kaydeden Guardian, &#8221;;ve kesinlikle iki hafta i\u00e7inde Emirates;i ziyaret ettiklerinde bu yaralar\u0131n s\u0131z\u0131s\u0131n\u0131 yine hissedecekler&#8221; g\u00f6r\u00fc\u015f\u00fcne yer verdi.<\/p>\n<p style=\"text-align: justify;\">Arsenal;in zaman zaman baz\u0131 duraklamalar ya\u015fad\u0131\u011f\u0131, ancak genel olarak ma\u00e7\u0131n Arsen Wenger;in istedi\u011fi gibi gitti\u011fi de belirtilen yorumda, T\u00fcrk seyircinin zaman zaman donup kald\u0131\u011f\u0131, ancak oyunun bitiminde asalet g\u00f6sterip Arsenal;i alk\u0131\u015flad\u0131\u011f\u0131 belirtildi.<\/p>\n<p style=\"text-align: justify;\">Fenerbah\u00e7e;nin bu sezon ge\u00e7en sezondan farkl\u0131 bir duru\u015f sergiledi\u011fi, Aragones;in y\u00f6netimindeki tak\u0131m\u0131n ligde de bocalad\u0131\u011f\u0131 \u00f6ne s\u00fcr\u00fclen haberde, tak\u0131m\u0131n Avrupa;n\u0131n elitler m\u00fccadelesi hayallerinin ise \u015fimdi s\u00f6nm\u00fc\u015f g\u00f6r\u00fcnd\u00fc\u011f\u00fc iddias\u0131na yer verildi.<\/p>\n<p style=\"text-align: justify;\">FENERBAH\u00c7E KEND\u0130 BAH\u00c7ES\u0130NDE DA\u011eILDI<\/p>\n<p style=\"text-align: justify;\">Daily Mail gazetesi de Arsen Wenger;in korkusuz gen\u00e7 tak\u0131m\u0131n\u0131n Fenerbah\u00e7e;yi kendi &#8221;bah\u00e7esinde&#8221; 5-2 yenerek da\u011f\u0131tmas\u0131 sayesinde d\u00fcn &#8221;gururla dolup ta\u015ft\u0131\u011f\u0131n\u0131&#8221; kaydederken, Arsenal;in gen\u00e7 oyuncusu Theo;nun performans\u0131n\u0131 \u00f6vd\u00fc.<\/p>\n<p style=\"text-align: justify;\">Independent gazetesi de &#8221;Independent;in gen\u00e7 \u015fok silahlar\u0131n\u0131n Feherbah\u00e7e;yi dondurdu\u011fu;; yorumuna yer verirken Fenerbah\u00e7e;nin &#8221;Kad\u0131k\u00f6y;den \u00c7\u0131k\u0131\u015f Yok&#8221; slogan\u0131na &#8221;Cidden \u00f6yle mi? Arsenal 5 gol att\u0131, \u00fc\u00e7 puan\u0131 kapt\u0131 ve \u015eampiyonlar liginde son noktaya do\u011fru ho\u015f bir \u00e7\u0131k\u0131\u015f ger\u00e7ekle\u015ftirdi. Ho\u015f\u00e7akal Kad\u0131k\u00f6y ve \u00e7ok te\u015fekk\u00fcrler&#8230;;; diye alayc\u0131 bir dille yan\u0131t verdi.<\/p>\n<p style=\"text-align: justify;\">Haberde Arsenal;in Fenerbah\u00e7e;ye bu sonu\u00e7la Avrupa tak\u0131mlar\u0131yla oynanan ma\u00e7lar\u0131n 16.&#8217;s\u0131nda bir yenilgi ya\u015fatt\u0131\u011f\u0131na da dikkat \u00e7ekilirken, Fenerbah\u00e7e Teknik Direkt\u00f6r\u00fc Luis Aragones;in g\u00fc\u00e7 durumda kalaca\u011f\u0131 tahminine yer verildi.<\/p>\n<p style=\"text-align: justify;\">Ses duvar\u0131n\u0131n beklendi\u011fi gibi oldu\u011funu, ancak Fenerbah\u00e7e;nin gururunun yerle-bir edildi\u011fini yazan gazete, Fenerbah\u00e7e seyircisinin ma\u00e7tan saatlerce \u00f6nce yeni yap\u0131lan, etkileyici ve g\u00fcr\u00fclt\u00fcy\u00fc daha da fazla hissettiren bir \u015fekilde in\u015fa edilmi\u015f \u015e\u00fckr\u00fc Saraco\u011flu Stad\u0131&#8217;na gelmeye ba\u015flad\u0131\u011f\u0131n\u0131 bildirdi.<br \/>\n&#8221;Kalabal\u0131\u011f\u0131n susturulmas\u0131&#8221; deyiminin d\u00fcn Arsenal i\u00e7in ge\u00e7erli oldu\u011fu da belirtilen haber-yorumda, &#8221;Bunun en iyi yolu gol at\u0131p skor kaydetmekti. Arsenal de bunu bir dakikada iki kez ger\u00e7ekle\u015ftirdi&#8221; diye yazd\u0131.\n<\/p>\n<p style=\"text-align: justify;\">\u0130lk gol\u00fcn Fenerbah\u00e7e seyircisinde &#8221;\u015fok tabancas\u0131&#8221; etkisi yaratt\u0131\u011f\u0131n\u0131, o zaman sustuklar\u0131n\u0131 belirten Independent, ma\u00e7\u0131n pozisyonlar\u0131na da geni\u015f yer verdi.<\/p>\n<p style=\"text-align: justify;\">&#8221;FENERBAH\u00c7E, \u015eAHLANAN ARSENAL&#8217;E YEN\u0130LD\u0130&#8221;<\/p>\n<p style=\"text-align: justify;\">Avrupa Futbol Federasyonlar\u0131 Birli\u011fi (UEFA), Fenerbah\u00e7e&#8217;nin Arsenal&#8217;e 5-2&#8217;lik yenilgisini, &#8221;Fenerbah\u00e7e, \u015fahlanan Arsenal&#8217;e yenildi&#8221; ba\u015fl\u0131kl\u0131 haberiyle duyurdu.<\/p>\n<p style=\"text-align: justify;\">Fenerbah\u00e7e&#8217;nin, Avrupa \u015eampiyonlar Ligi (G) Grubu&#8217;nda \u0130ngiltere&#8217;nin Arsenal tak\u0131m\u0131na 5-2 yenilmesine ili\u015fkin, UEFA&#8217;n\u0131n internet sitesinde yer alan haberde, &#8221;Arsenal, Fenerbah\u00e7e&#8217;nin Avrupa kupalar\u0131nda, sahas\u0131ndaki 15 ma\u00e7l\u0131k yenilmezlik serisine, Adebayor ve Walcott&#8217;tan gelen erken gollerle son verdi&#8221; denildi.<\/p>\n<p style=\"text-align: justify;\">&#8221;Konuk tak\u0131m\u0131n ilk 2 gol\u00fc, benzer stillerde at\u0131ld\u0131. Silvestre&#8217;nin kendi kalesine att\u0131\u011f\u0131 gol ise Diaby&#8217;nin gol\u00fc sayesinde Arsenal&#8217;in h\u0131z\u0131n\u0131 kesmeye yetmedi&#8221; denilen haberde, sar\u0131-lacivertli tak\u0131m\u0131n b\u00fcy\u00fck \u00e7abalar\u0131na kar\u015f\u0131n, t\u00fcm bunlar\u0131n 22 dakikada ger\u00e7ekle\u015fti\u011fi anlat\u0131ld\u0131.<\/p>\n<p style=\"text-align: justify;\">Ma\u00e7\u0131n ikinci yar\u0131s\u0131nda, Arsenal&#8217;den Song&#8217;un, durumu 4-1 yapt\u0131\u011f\u0131 ifade edilen haberde, Fenerbah\u00e7eli G\u00fciza&#8217;n\u0131n 78. dakikada kaydetti\u011fi gol sonras\u0131nda, 17 ya\u015f\u0131ndaki Ramsey&#8217;in ma\u00e7a son noktay\u0131 koydu\u011fu, Arsenal&#8217;in de grubundaki liderli\u011fini s\u00fcrd\u00fcrd\u00fc\u011f\u00fc kaydedildi.<\/p>\n<p style=\"text-align: justify;\">Haberde ayr\u0131ca, Fenerbah\u00e7e Teknik Direkt\u00f6r\u00fc Luis Aragones&#8217;in ilk 11&#8217;de Maldonado&#8217;yu tercih edip, Kaz\u0131m&#8217;\u0131 oynatmad\u0131\u011f\u0131, \u00d6nder Turac\u0131&#8217;n\u0131n son anda sakatlanmas\u0131 \u00fczerine de yerine G\u00f6khan&#8217;\u0131 ald\u0131\u011f\u0131 belirtildi.<\/p>\n<p style=\"text-align: justify;\">Fenerbah\u00e7e taraftarlar\u0131n\u0131n, son dakikaya kadar umudu elden b\u0131rakmad\u0131\u011f\u0131 da ifade edilen haberde, konuk ekibin, Silvestre&#8217;nin kendi kalesine att\u0131\u011f\u0131 gole ra\u011fmen tempoyu asla d\u00fc\u015f\u00fcrmedi\u011fi ifade edildi.<\/p>\n<p style=\"text-align: justify;\">FIFA&#8217;NIN S\u0130TES\u0130NDE &#8221;G\u00dcN\u00dcN MA\u00c7I&#8221;<\/p>\n<p style=\"text-align: justify;\">Fenerbah\u00e7e-Arsenal ma\u00e7\u0131, Avrupa \u015eampiyonlar Ligi&#8217;ne ili\u015fkin Uluslararas\u0131 Futbol Federasyonlar\u0131 Birli\u011fi&#8217;nin (FIFA) internet sitesinde yer alan derleme haberde, &#8221;G\u00fcn\u00fcn ma\u00e7\u0131&#8221; alt ba\u015fl\u0131\u011f\u0131yla anlat\u0131ld\u0131.<\/p>\n<p style=\"text-align: justify;\">Arsenal&#8217;in h\u00fccum yetene\u011fine de\u011finilen haberde, \u0130ngiltere ekibinin &#8221;kabiliyet&#8221; ve &#8221;f\u0131rsat\u00e7\u0131l\u0131\u011f\u0131&#8221; birle\u015ftirerek, galibiyete ula\u015ft\u0131\u011f\u0131<br \/>\nkaydedildi.\n<\/p>\n<p style=\"text-align: justify;\">Konuk tak\u0131m\u0131n, hemen hemen her f\u0131rsat\u0131 lehlerine \u00e7evirmeyi ba\u015fard\u0131\u011f\u0131 ifade edilen haberde, &#8221;B\u00fcy\u00fck zarara ra\u011fmen, Luis Aragones&#8217;in adamlar\u0131 ba\u015flar\u0131n\u0131 asla e\u011fmedi. Ev sahibi tak\u0131m, risk almay\u0131 s\u00fcrd\u00fcrd\u00fc. Sonu\u00e7 daha da k\u00f6t\u00fc olabilirdi&#8221; g\u00f6r\u00fc\u015f\u00fcne yer verildi.<\/p>\n<p style=\"text-align: justify;\"><span style=\"color: #888888;\">( Sabah )<\/span><\/p>\n","protected":false},"excerpt":{"rendered":"<p style=\"text-align: center;\">\n<p style=\"text-align: justify;\">D\u00fcnya bas\u0131n\u0131, \u015eampiyonlar Ligi&#8217;nde sahas\u0131nda oynad\u0131\u011f\u0131 ma\u00e7ta Fenerbah\u00e7e&#8217;nin Arsenal&#8217;e 5-2 yenilmesine geni\u015f yer ay\u0131rd\u0131.Reuters Haber Ajans\u0131 d\u00fcnk\u00fc kar\u015f\u0131la\u015fma ile ilgili olarak &#8220;Arsenal, Fenerbah\u00e7e&#8217;yi tepeledi&#8221; c\u00fcmleleriyle duyurdu.<\/p>\n<p>\u0130SPANYOL BASINI: &#8216;ARSENAL LU\u0130S&#8217;\u0130 G\u00d6M\u00dcYOR&#8217; <\/p>\n<p style=\"text-align: justify;\">\u0130spanyol bas\u0131n\u0131, \u015eampiyonlar Ligi&#8217;nde sahas\u0131nda oynad\u0131\u011f\u0131 ma\u00e7ta Fenerbah\u00e7e&#8217;nin Arsenal&#8217;e 5-2 yenilmesine geni\u015f yer ay\u0131r\u0131rken, farkl\u0131 yenilgiyle <\/p>\n","protected":false},"author":1,"featured_media":0,"comment_status":"open","ping_status":"open","sticky":false,"template":"","format":"standard","meta":{"footnotes":""},"categories":[42],"tags":[],"class_list":["post-2030","post","type-post","status-publish","format-standard","hentry","category-spor","odd"],"_links":{"self":[{"href":"http:\/\/www.korhanyilmaz.com\/index.php?rest_route=\/wp\/v2\/posts\/2030","targetHints":{"allow":["GET"]}}],"collection":[{"href":"http:\/\/www.korhanyilmaz.com\/index.php?rest_route=\/wp\/v2\/posts"}],"about":[{"href":"http:\/\/www.korhanyilmaz.com\/index.php?rest_route=\/wp\/v2\/types\/post"}],"author":[{"embeddable":true,"href":"http:\/\/www.korhanyilmaz.com\/index.php?rest_route=\/wp\/v2\/users\/1"}],"replies":[{"embeddable":true,"href":"http:\/\/www.korhanyilmaz.com\/index.php?rest_route=%2Fwp%2Fv2%2Fcomments&post=2030"}],"version-history":[{"count":0,"href":"http:\/\/www.korhanyilmaz.com\/index.php?rest_route=\/wp\/v2\/posts\/2030\/revisions"}],"wp:attachment":[{"href":"http:\/\/www.korhanyilmaz.com\/index.php?rest_route=%2Fwp%2Fv2%2Fmedia&parent=2030"}],"wp:term":[{"taxonomy":"category","embeddable":true,"href":"http:\/\/www.korhanyilmaz.com\/index.php?rest_route=%2Fwp%2Fv2%2Fcategories&post=2030"},{"taxonomy":"post_tag","embeddable":true,"href":"http:\/\/www.korhanyilmaz.com\/index.php?rest_route=%2Fwp%2Fv2%2Ftags&post=2030"}],"curies":[{"name":"wp","href":"https:\/\/api.w.org\/{rel}","templated":true}]}}