{"id":20296,"date":"2010-03-09T17:23:10","date_gmt":"2010-03-09T15:23:10","guid":{"rendered":"http:\/\/www.korhanyilmaz.com\/?p=20296"},"modified":"2010-03-09T17:23:10","modified_gmt":"2010-03-09T15:23:10","slug":"kilicdaroglu-genel-af-onerisine-aciklik-getirdi","status":"publish","type":"post","link":"http:\/\/www.korhanyilmaz.com\/?p=20296","title":{"rendered":"K\u0131l\u0131\u00e7daro\u011flu genel af \u00f6nerisine a\u00e7\u0131kl\u0131k getirdi"},"content":{"rendered":"<p style=\"text-align: center;\"><a href=\"http:\/\/www.korhanyilmaz.com\/wp-content\/uploads\/2010\/03\/KILICDAROGLU2.jpg\"  class=\"lightview\"><img loading=\"lazy\" decoding=\"async\" class=\"aligncenter size-full wp-image-20297\" src=\"http:\/\/www.korhanyilmaz.com\/wp-content\/uploads\/2010\/03\/KILICDAROGLU2.jpg\" alt=\"\" width=\"307\" height=\"236\" \/><\/a><\/p>\n<p style=\"text-align: justify;\">CHP Grup Ba\u015fkanvekili Kemal K\u0131l\u0131\u00e7daro\u011flu, &#8220;Bug\u00fcnk\u00fc ko\u015fullarda bir genel aff\u0131n olabilece\u011fi gibi bir d\u00fc\u015f\u00fcnce s\u00f6z konusu de\u011fil. Bug\u00fcn ter\u00f6r var. Ter\u00f6r bitti mi ki biz bir aff\u0131 g\u00fcndeme getirmi\u015f olal\u0131m?&#8221; dedi. <!--more--><\/p>\n<p style=\"text-align: justify;\">K\u0131l\u0131\u00e7daro\u011flu, CHP Elaz\u0131\u011f il binas\u0131nda d\u00fczenledi\u011fi bas\u0131n toplant\u0131s\u0131nda gazetecilerin sorular\u0131n\u0131 yan\u0131tlad\u0131.<\/p>\n<p style=\"text-align: justify;\">Bir gazetecinin &#8220;Afla ilgili a\u00e7\u0131klamalar\u0131n\u0131za MHP ve AK Parti&#8217;den tepkiler geldi. Neler s\u00f6yleyeceksiniz?&#8221; sorusu \u00fczerine K\u0131l\u0131\u00e7daro\u011flu, &#8220;\u0130lk tepki bildi\u011fim kadar\u0131yla Say\u0131n B\u00fclent Ar\u0131n\u00e7&#8217;tan gelmi\u015fti. Say\u0131n Ar\u0131n\u00e7&#8217;\u0131 samimi s\u00f6ylemek gerekirse \u00e7ok ciddiye almad\u0131\u011f\u0131m i\u00e7in hi\u00e7bir yan\u0131t vermedim. Ama Say\u0131n Bah\u00e7eli&#8217;yi ben sayg\u0131n bir politikac\u0131 olarak kabul ederim. Onun \u00f6tesinde Say\u0131n Bah\u00e7eli benim s\u0131n\u0131f arkada\u015f\u0131m. Say\u0131n Bah\u00e7eli&#8217;nin Say\u0131n Ar\u0131n\u00e7 ile ayn\u0131 \u00e7izgiye d\u00fc\u015fmesini do\u011frusunu isterseniz \u00fcz\u00fcnt\u00fcyle kar\u015f\u0131lad\u0131m&#8221; dedi.<\/p>\n<p style=\"text-align: justify;\"><strong>&#8220;Af bir y\u00f6ntem de\u011fil&#8230;&#8221; <\/strong><\/p>\n<p style=\"text-align: justify;\">Ter\u00f6rle m\u00fccadelede aff\u0131n bir y\u00f6ntem olmad\u0131\u011f\u0131n\u0131 belirten K\u0131l\u0131\u00e7daro\u011flu, &#8220;Ter\u00f6r\u00fcn bitti\u011fi, silahlar\u0131n ko\u015fulsuz teslim edildi\u011fi, art\u0131k ter\u00f6r\u00fcn olmayaca\u011f\u0131, sevginin, bar\u0131\u015f\u0131n, karde\u015fli\u011fin egemen oldu\u011fu bir s\u00fcre\u00e7te kavgay\u0131 s\u00fcrd\u00fcrmenin hi\u00e7bir anlam\u0131n\u0131n olmad\u0131\u011f\u0131 bir s\u00fcre\u00e7te, bir toplumsal uzla\u015fman\u0131n gere\u011fi olarak ortaya \u00e7\u0131kt\u0131\u011f\u0131 zaman af s\u00f6z konusu olur. Biz bunu s\u00f6yledik. Yoksa bug\u00fcnk\u00fc ko\u015fullarda bir genel aff\u0131n olabilece\u011fi gibi bir d\u00fc\u015f\u00fcnce s\u00f6z konusu de\u011fil. Bug\u00fcn ter\u00f6r var. Ter\u00f6r bitti mi ki biz bir aff\u0131 g\u00fcndeme getirmi\u015f olal\u0131m?&#8221; dedi.<\/p>\n<p style=\"text-align: justify;\">K\u0131l\u0131\u00e7daro\u011flu, &#8220;Alt\u0131n\u0131 tekrar \u00e7iziyorum, birlikte, beraber olman\u0131n karde\u015f olman\u0131n, sosyal projenin vazge\u00e7ilmez bir ko\u015fulu olarak af g\u00fcndeme geldi\u011fi zaman bunun desteklenmesi gerekti\u011fini s\u00f6yledik. Toplumsal bar\u0131\u015f\u0131n bir \u00f6gesi ise s\u00f6yledi\u011fim ifade aynen oydu, toplumun bar\u0131\u015f\u0131n\u0131n bir unsuru, bir \u00f6gesi olarak g\u00fcndeme gelirse CHP affa evet diyecektir. Yoksa af ter\u00f6r\u00fc sonland\u0131rman\u0131n bir unsuru de\u011fildir. Say\u0131n Bah\u00e7eli&#8217;ye \u015funu s\u00f6ylemek isterim, Say\u0131n Bah\u00e7eli bir anlat\u0131m\u0131nda &#8216;Bu bir ABD dayatmas\u0131d\u0131r&#8217; diye bir ifade kullanm\u0131\u015f. CHP hi\u00e7bir dayatmaya ne bug\u00fcn ne bundan \u00f6nce hi\u00e7bir zaman boyun e\u011fmemi\u015ftir. CHP&#8217;nin genlerinde Kuvay\u0131milliye ruhu vard\u0131r&#8221; diye konu\u015ftu.<\/p>\n<p style=\"text-align: justify;\">K\u0131l\u0131\u00e7daro\u011flu, &#8220;May\u0131sta kurultay\u0131n\u0131z var, ba\u015fkanl\u0131\u011fa adayl\u0131\u011f\u0131n\u0131z\u0131 koyacak m\u0131s\u0131n\u0131z?&#8221; sorusu \u00fczerine &#8220;Bu soru \u00e7ok soruldu. Bizim bir genel ba\u015fkan\u0131m\u0131z var. Genel ba\u015fkan\u0131m\u0131zdan daha \u00f6\u011frenece\u011fimiz \u00e7ok \u015fey var&#8221; kar\u015f\u0131l\u0131\u011f\u0131n\u0131 verdi.<\/p>\n<p style=\"text-align: justify;\"><strong>K\u0131l\u0131\u00e7daro\u011flu ne demi\u015fti? <\/strong><\/p>\n<p style=\"text-align: justify;\">CHP Grup Ba\u015fkanvekili Kemal K\u0131l\u0131\u00e7daro\u011flu, &#8220;Toplumsal bar\u0131\u015f\u0131n bir par\u00e7as\u0131 olacaksa genel affa &#8216;evet&#8217; deriz&#8221; demi\u015fti. Bu s\u00f6zlere kar\u015f\u0131l\u0131k olarak Ba\u015fbakan Recep Tayyip Erdo\u011fan da, &#8220;CHP&#8217;nin ne dedi\u011fini anlamakta zorlan\u0131yorum&#8221; demi\u015fti.<\/p>\n<p style=\"text-align: justify;\"><span style=\"color: #888888;\">CNN T\u00dcRK<\/span><\/p>\n","protected":false},"excerpt":{"rendered":"<p style=\"text-align: center;\">\n<p style=\"text-align: justify;\">CHP Grup Ba\u015fkanvekili Kemal K\u0131l\u0131\u00e7daro\u011flu, &#8220;Bug\u00fcnk\u00fc ko\u015fullarda bir genel aff\u0131n olabilece\u011fi gibi bir d\u00fc\u015f\u00fcnce s\u00f6z konusu de\u011fil. Bug\u00fcn ter\u00f6r var. Ter\u00f6r bitti mi ki biz bir aff\u0131 g\u00fcndeme getirmi\u015f olal\u0131m?&#8221; dedi. <\/p>\n","protected":false},"author":1,"featured_media":0,"comment_status":"open","ping_status":"closed","sticky":false,"template":"","format":"standard","meta":{"footnotes":""},"categories":[105],"tags":[],"class_list":["post-20296","post","type-post","status-publish","format-standard","hentry","category-gundem","odd"],"_links":{"self":[{"href":"http:\/\/www.korhanyilmaz.com\/index.php?rest_route=\/wp\/v2\/posts\/20296","targetHints":{"allow":["GET"]}}],"collection":[{"href":"http:\/\/www.korhanyilmaz.com\/index.php?rest_route=\/wp\/v2\/posts"}],"about":[{"href":"http:\/\/www.korhanyilmaz.com\/index.php?rest_route=\/wp\/v2\/types\/post"}],"author":[{"embeddable":true,"href":"http:\/\/www.korhanyilmaz.com\/index.php?rest_route=\/wp\/v2\/users\/1"}],"replies":[{"embeddable":true,"href":"http:\/\/www.korhanyilmaz.com\/index.php?rest_route=%2Fwp%2Fv2%2Fcomments&post=20296"}],"version-history":[{"count":0,"href":"http:\/\/www.korhanyilmaz.com\/index.php?rest_route=\/wp\/v2\/posts\/20296\/revisions"}],"wp:attachment":[{"href":"http:\/\/www.korhanyilmaz.com\/index.php?rest_route=%2Fwp%2Fv2%2Fmedia&parent=20296"}],"wp:term":[{"taxonomy":"category","embeddable":true,"href":"http:\/\/www.korhanyilmaz.com\/index.php?rest_route=%2Fwp%2Fv2%2Fcategories&post=20296"},{"taxonomy":"post_tag","embeddable":true,"href":"http:\/\/www.korhanyilmaz.com\/index.php?rest_route=%2Fwp%2Fv2%2Ftags&post=20296"}],"curies":[{"name":"wp","href":"https:\/\/api.w.org\/{rel}","templated":true}]}}