{"id":1934,"date":"2008-10-17T09:27:15","date_gmt":"2008-10-17T06:27:15","guid":{"rendered":"http:\/\/www.korhanyilmaz.com\/?p=1934"},"modified":"2023-04-15T23:44:48","modified_gmt":"2023-04-15T20:44:48","slug":"sozlesmeliye-askerde-kolaylik-sansi","status":"publish","type":"post","link":"http:\/\/www.korhanyilmaz.com\/?p=1934","title":{"rendered":"S\u00f6zle\u015fmeliye, askerde kolayl\u0131k \u015fans\u0131"},"content":{"rendered":"<p style=\"text-align: center;\"><img loading=\"lazy\" decoding=\"async\" class=\"size-full wp-image-1935 aligncenter\" title=\"S\u00f6zle\u015fmeli \u00f6\u011fretmenlerin askerliklerini, asker \u00f6\u011fretmen olarak yapamalar\u0131 talebinin ve Milli Savunma Bakanl\u0131\u011f\u0131 taraf\u0131ndan reddedilmesi \u00fczerine konu yarg\u0131ya ta\u015f\u0131nd\u0131. .. \" src=\"http:\/\/www.korhanyilmaz.com\/wp-content\/uploads\/2008\/10\/c138e7e9cf86b147bdfa515cr.jpg\" alt=\"\" width=\"400\" height=\"186\" \/><\/p>\n<p style=\"text-align: justify;\">S\u00f6zle\u015fmeli \u00f6\u011fretmenlerin askerliklerini, kadrolu \u00f6\u011fretmenler gibi asker \u00f6\u011fretmen olarak yapamamalar\u0131 ve Milli Savunma Bakanl\u0131\u011f\u0131&#8217;n\u0131n da konu ile ilgili talebi reddetmesi \u00fczerine konu yarg\u0131ya ta\u015f\u0131nd\u0131. S\u00f6zle\u015fmeli \u00f6\u011fretmenlerin asker \u00f6\u011fretmenlik \u015fans\u0131, Dan\u0131\u015ftay taraf\u0131ndan verilecek karara ba\u011fl\u0131.<\/p>\n<p style=\"text-align: justify;\">Milli E\u011fitim Bakanl\u0131\u011f\u0131&#8217;n\u0131n, s\u00f6zle\u015fmeli \u00f6\u011fretmenlerin askerliklerini, kadrolu \u00f6\u011fretmenler gibi asker \u00f6\u011fretmen olarak yapmalar\u0131 ile ilgili Milli Savunma Bakanl\u0131\u011f\u0131&#8217;na yapt\u0131\u011f\u0131 teklifin reddedilmesi sonras\u0131nda T\u00fcrk E\u011fitim-Sen, konu\u015fu Dan\u0131\u015ftay&#8217;a ta\u015f\u0131d\u0131. <!--more--><\/p>\n<p style=\"text-align: justify;\">A\u00e7\u0131lan davada, Bakanl\u0131\u011f\u0131n valiliklere g\u00f6nderdi\u011fi ve s\u00f6zle\u015fmeli \u00f6\u011fretmenlerin asker \u00f6\u011fretmen olamayacaklar\u0131na dair tesis etti\u011fi 22 Ekim2008 tarihli i\u015flemin \u00f6ncelikle y\u00fcr\u00fctmesinin durdurulmas\u0131 ve devam\u0131nda iptali istendi.<\/p>\n<p style=\"text-align: justify;\"><strong>&#8220;MEB ZARUR\u0130 DURUMU YANLI\u015e ANLADI 50 B\u0130N S\u00d6ZLE\u015eMEL\u0130 \u00d6\u011eRETMEN ALDI&#8221;<\/strong><\/p>\n<p style=\"text-align: justify;\">Davan\u0131n gerek\u00e7esinde, s\u00f6zle\u015fmeli \u00f6\u011fretmen olarak istihdam edilen \u00f6\u011fretmenlerin kadrolu \u00f6\u011fretmenler de oldu\u011fu gibi Milli E\u011fitim Bakanl\u0131\u011f\u0131 emrinde asker \u00f6\u011fretmen olarak g\u00f6rev yapmalar\u0131n\u0131n hak ve adalet gere\u011fi oldu\u011fu belirtilerek, s\u00f6zle\u015fmeli \u00f6\u011fretmenli\u011fin &#8220;zaruri ve m\u00fcnhas\u0131r hallerde&#8221; g\u00f6revlendirilen i\u015f\u00e7i say\u0131lmayan kamu hizmeti g\u00f6revlisi oldu\u011funun alt\u0131 \u00e7izildi. Gerek\u00e7ede, &#8220;Bug\u00fcn gelinen noktada T\u00fcrkiye&#8217;de 50 bin civar\u0131nda s\u00f6zle\u015fmeli \u00f6\u011fretmenin olmas\u0131, maddenin &#8220;zaruri ve istisnai hallere m\u00fcnhas\u0131r olmak&#8217; derken neyi kastetti\u011finin Milli E\u011fitim Bakanl\u0131\u011f\u0131 taraf\u0131ndan fazla geni\u015f yorumland\u0131\u011f\u0131n\u0131 bizlere a\u00e7\u0131k\u00e7a g\u00f6stermektedir. Binlerce insan\u0131 s\u00f6zle\u015fmeli olarak i\u015f g\u00fcvencesinden yoksun ve d\u00fc\u015f\u00fck \u00fccretle \u00e7al\u0131\u015ft\u0131ran Milli E\u011fitim Bakanl\u0131\u011f\u0131 kadrolu, \u00e7al\u0131\u015fanlar ile s\u00f6zle\u015fmeliler aras\u0131nda hi\u00e7bir fark g\u00f6zetmediklerini s\u00f6ylemektedirler ancak uygulamalar\u0131 ile i\u015fin asl\u0131n\u0131n b\u00f6yle olmad\u0131\u011f\u0131n\u0131 her defas\u0131nda g\u00f6rmekteyiz. Dava konumuz asker \u00f6\u011fretmenlik mevzuunda da s\u00f6zle\u015fmeli \u00f6\u011fretmenlere yeniden b\u00fcy\u00fck haks\u0131zl\u0131k yap\u0131lm\u0131\u015f ve ikincil bir muameleye maruz b\u0131rak\u0131lm\u0131\u015flard\u0131r&#8221; denildi.<\/p>\n<p style=\"text-align: justify;\"><strong>S\u00d6ZLE\u015eMEL\u0130 \u00d6\u011eRETMENLER\u0130N ASKER \u00d6\u011eRETMEN OLAMAYACA\u011eI KANUNDA YOK<\/strong><\/p>\n<p style=\"text-align: justify;\">Gerek\u00e7ede, Yedek Subaylar ve Askeri Memurlar Kanunu&#8217;nun 3. maddesinde kimlerin yedek subay olarak g\u00f6rev yapabilece\u011finin a\u00e7\u0131kland\u0131\u011f\u0131na dikkat \u00e7ekilirken, &#8220;Bu kanunun hi\u00e7bir maddesinde s\u00f6zle\u015fmeli olarak \u00e7al\u0131\u015fan kamu g\u00f6revlilerinin ve dolay\u0131s\u0131yla s\u00f6zle\u015fmeli \u00f6\u011fretmenlerin asker \u00f6\u011fretmen olamayacaklar\u0131na dair bir ibare mevcut de\u011fildir&#8221; denildi. Gerek\u00e7ede, Askerlik Y\u00fck\u00fcml\u00fcl\u00fc\u011f\u00fcn\u00fc Milli E\u011fitim Bakanl\u0131\u011f\u0131 Emrinde Yerine Getirecekler Hakk\u0131nda Y\u00f6netmelik&#8221; de &#8220;\u00d6\u011fretmenlik yapacak yedek subay adaylar\u0131n\u0131n se\u00e7ilmesi&#8221; ba\u015fl\u0131\u011f\u0131na da dikkat \u00e7ekildi. S\u00f6z konusu y\u00f6netmelikte mesle\u011fi \u00f6\u011fretmen olup, hen\u00fcz bu g\u00f6reve ba\u015flamam\u0131\u015f olanlar\u0131n da asker \u00f6\u011fretmen olabilece\u011fine i\u015faret edilen gerek\u00e7ede, &#8220;S\u00f6zle\u015fmeli \u00f6\u011fretmenler \u00f6\u011fretmenlik g\u00f6revlerini Milli E\u011fitim Bakanl\u0131\u011f\u0131na ba\u011fl\u0131 olarak devam ettirmektedirler. Madde de hen\u00fcz g\u00f6reve ba\u015flamam\u0131\u015f \u00f6\u011fretmenlere, \u00f6\u011frenimleri itibariyle \u00f6\u011fretmenlik yapabileceklere ve hatta \u00f6\u011fretmen olabilecek \u00f6\u011frenimi g\u00f6rm\u00fc\u015f olup da istekli bulunmayanlara dahi asker \u00f6\u011fretmenlik hakk\u0131 verilmi\u015fken \u00f6\u011fretmenlik g\u00f6revini bilfiil icra eden s\u00f6zle\u015fmeli \u00f6\u011fretmenleri bu haktan yoksun b\u0131rakman\u0131n Anayasa&#8217;n\u0131n e\u015fitlik ilkesine ve hakkaniyete s\u0131\u011fmad\u0131\u011f\u0131 kanaatindeyiz&#8221; denildi.<\/p>\n<p style=\"text-align: justify;\"><span style=\"color: #888888;\">ANKA <\/span><\/p>\n","protected":false},"excerpt":{"rendered":"<p style=\"text-align: center;\">\n<p style=\"text-align: justify;\">S\u00f6zle\u015fmeli \u00f6\u011fretmenlerin askerliklerini, kadrolu \u00f6\u011fretmenler gibi asker \u00f6\u011fretmen olarak yapamamalar\u0131 ve Milli Savunma Bakanl\u0131\u011f\u0131&#8217;n\u0131n da konu ile ilgili talebi reddetmesi \u00fczerine konu yarg\u0131ya ta\u015f\u0131nd\u0131. S\u00f6zle\u015fmeli \u00f6\u011fretmenlerin asker \u00f6\u011fretmenlik \u015fans\u0131, Dan\u0131\u015ftay taraf\u0131ndan verilecek karara ba\u011fl\u0131.<\/p>\n<p style=\"text-align: justify;\">Milli E\u011fitim Bakanl\u0131\u011f\u0131&#8217;n\u0131n, s\u00f6zle\u015fmeli \u00f6\u011fretmenlerin askerliklerini, kadrolu \u00f6\u011fretmenler gibi asker \u00f6\u011fretmen olarak yapmalar\u0131 ile <\/p>\n","protected":false},"author":1,"featured_media":0,"comment_status":"open","ping_status":"open","sticky":false,"template":"","format":"standard","meta":{"footnotes":""},"categories":[7],"tags":[],"class_list":["post-1934","post","type-post","status-publish","format-standard","hentry","category-ekonomi","odd"],"_links":{"self":[{"href":"http:\/\/www.korhanyilmaz.com\/index.php?rest_route=\/wp\/v2\/posts\/1934","targetHints":{"allow":["GET"]}}],"collection":[{"href":"http:\/\/www.korhanyilmaz.com\/index.php?rest_route=\/wp\/v2\/posts"}],"about":[{"href":"http:\/\/www.korhanyilmaz.com\/index.php?rest_route=\/wp\/v2\/types\/post"}],"author":[{"embeddable":true,"href":"http:\/\/www.korhanyilmaz.com\/index.php?rest_route=\/wp\/v2\/users\/1"}],"replies":[{"embeddable":true,"href":"http:\/\/www.korhanyilmaz.com\/index.php?rest_route=%2Fwp%2Fv2%2Fcomments&post=1934"}],"version-history":[{"count":0,"href":"http:\/\/www.korhanyilmaz.com\/index.php?rest_route=\/wp\/v2\/posts\/1934\/revisions"}],"wp:attachment":[{"href":"http:\/\/www.korhanyilmaz.com\/index.php?rest_route=%2Fwp%2Fv2%2Fmedia&parent=1934"}],"wp:term":[{"taxonomy":"category","embeddable":true,"href":"http:\/\/www.korhanyilmaz.com\/index.php?rest_route=%2Fwp%2Fv2%2Fcategories&post=1934"},{"taxonomy":"post_tag","embeddable":true,"href":"http:\/\/www.korhanyilmaz.com\/index.php?rest_route=%2Fwp%2Fv2%2Ftags&post=1934"}],"curies":[{"name":"wp","href":"https:\/\/api.w.org\/{rel}","templated":true}]}}