{"id":1928,"date":"2008-10-17T09:16:56","date_gmt":"2008-10-17T06:16:56","guid":{"rendered":"http:\/\/www.korhanyilmaz.com\/?p=1928"},"modified":"2008-10-17T09:16:56","modified_gmt":"2008-10-17T06:16:56","slug":"aragonesgitsincom","status":"publish","type":"post","link":"http:\/\/www.korhanyilmaz.com\/?p=1928","title":{"rendered":"aragonesgitsin.com!"},"content":{"rendered":"<p><img loading=\"lazy\" decoding=\"async\" class=\"size-full wp-image-1929  alignleft\" title=\"aragones gitsin\" src=\"http:\/\/www.korhanyilmaz.com\/wp-content\/uploads\/2008\/10\/40d2a212ba10844b9bf3652cr.jpg\" alt=\"\" width=\"200\" height=\"346\" \/><\/p>\n<p style=\"text-align: justify;\">Fenerbah\u00e7e&#8217;de teknik direkt\u00f6r Luis Aragones&#8217;in gitmesini isteyen taraftarlar, web sitesi a\u00e7t\u0131. Sitede, \u0130spanyol hoca ve sar\u0131-lacivertli tak\u0131mla ilgili haberler yer al\u0131yor..<\/p>\n<p style=\"text-align: justify;\">Sezona k\u00f6t\u00fc ba\u015flayan Fenerbah\u00e7e&#8217;de, teknik direkt\u00f6r Luis Aragones&#8217;e duyulan tepki internete ta\u015f\u0131nd\u0131. Baz\u0131 sar\u0131-lacivertli taraftarlar, \u0130spanyol hocaya kar\u015f\u0131 web sitesi kurdu. Amac\u0131 adresinden de belli olan sitede (www.aragonesgitsin.com) Aragones ve Fenerbah\u00e7e ile ilgili haberler yer al\u0131yor.<\/p>\n<p style=\"text-align: justify;\">T\u00dcMER MET\u0130N BEL\u0130RS\u0130ZL\u0130\u011e\u0130<br \/>\n\u00d6te yandan sakatl\u0131\u011f\u0131 ge\u00e7en T\u00fcmer ve Semih, Kocaeli ma\u00e7\u0131 kadrosuna al\u0131nacak. T\u00fcmer&#8217;i 90 dakika oynatma konusunda emin olmayan \u0130spanyol hoca kesin karar\u0131n\u0131 bug\u00fcn ve yar\u0131nki idmanlara g\u00f6re verecek. Semih&#8217;in ise yedek soyunmas\u0131 bekleniyor. Milli tak\u0131mlar\u0131ndan d\u00f6nen G\u00fciza ve Lugano ise d\u00fcn ak\u015famki idman\u0131n sonuna yeti\u015ferek d\u00fcz ko\u015fu yapt\u0131lar.\n<\/p>\n<p style=\"text-align: justify;\"><span style=\"color: #888888;\">( Sabah )<\/span><\/p>\n","protected":false},"excerpt":{"rendered":"<\/p>\n<p style=\"text-align: justify;\">Fenerbah\u00e7e&#8217;de teknik direkt\u00f6r Luis Aragones&#8217;in gitmesini isteyen taraftarlar, web sitesi a\u00e7t\u0131. Sitede, \u0130spanyol hoca ve sar\u0131-lacivertli tak\u0131mla ilgili haberler yer al\u0131yor..<\/p>\n<p style=\"text-align: justify;\">Sezona k\u00f6t\u00fc ba\u015flayan Fenerbah\u00e7e&#8217;de, teknik direkt\u00f6r Luis Aragones&#8217;e duyulan tepki internete ta\u015f\u0131nd\u0131. Baz\u0131 sar\u0131-lacivertli taraftarlar, \u0130spanyol hocaya kar\u015f\u0131 web sitesi kurdu. Amac\u0131 adresinden de belli olan sitede (www.aragonesgitsin.com) Aragones <\/p>\n","protected":false},"author":1,"featured_media":0,"comment_status":"open","ping_status":"open","sticky":false,"template":"","format":"standard","meta":{"footnotes":""},"categories":[42],"tags":[],"class_list":["post-1928","post","type-post","status-publish","format-standard","hentry","category-spor","odd"],"_links":{"self":[{"href":"http:\/\/www.korhanyilmaz.com\/index.php?rest_route=\/wp\/v2\/posts\/1928","targetHints":{"allow":["GET"]}}],"collection":[{"href":"http:\/\/www.korhanyilmaz.com\/index.php?rest_route=\/wp\/v2\/posts"}],"about":[{"href":"http:\/\/www.korhanyilmaz.com\/index.php?rest_route=\/wp\/v2\/types\/post"}],"author":[{"embeddable":true,"href":"http:\/\/www.korhanyilmaz.com\/index.php?rest_route=\/wp\/v2\/users\/1"}],"replies":[{"embeddable":true,"href":"http:\/\/www.korhanyilmaz.com\/index.php?rest_route=%2Fwp%2Fv2%2Fcomments&post=1928"}],"version-history":[{"count":0,"href":"http:\/\/www.korhanyilmaz.com\/index.php?rest_route=\/wp\/v2\/posts\/1928\/revisions"}],"wp:attachment":[{"href":"http:\/\/www.korhanyilmaz.com\/index.php?rest_route=%2Fwp%2Fv2%2Fmedia&parent=1928"}],"wp:term":[{"taxonomy":"category","embeddable":true,"href":"http:\/\/www.korhanyilmaz.com\/index.php?rest_route=%2Fwp%2Fv2%2Fcategories&post=1928"},{"taxonomy":"post_tag","embeddable":true,"href":"http:\/\/www.korhanyilmaz.com\/index.php?rest_route=%2Fwp%2Fv2%2Ftags&post=1928"}],"curies":[{"name":"wp","href":"https:\/\/api.w.org\/{rel}","templated":true}]}}