{"id":1925,"date":"2008-10-16T10:05:27","date_gmt":"2008-10-16T07:05:27","guid":{"rendered":"http:\/\/www.korhanyilmaz.com\/?p=1925"},"modified":"2008-10-16T10:05:27","modified_gmt":"2008-10-16T07:05:27","slug":"b12-eksikligi-olumcul-olabilir","status":"publish","type":"post","link":"http:\/\/www.korhanyilmaz.com\/?p=1925","title":{"rendered":"B12 eksikli\u011fi \u00f6l\u00fcmc\u00fcl olabilir"},"content":{"rendered":"<p style=\"text-align: center;\"><img loading=\"lazy\" decoding=\"async\" class=\"size-full wp-image-1926   aligncenter\" title=\"B12 eksikli\u011fi \u00f6l\u00fcmc\u00fcl olabilir \" src=\"http:\/\/www.korhanyilmaz.com\/wp-content\/uploads\/2008\/10\/72ce83dc1a715d4bae2f3458r.jpg\" alt=\"\" width=\"200\" height=\"230\" \/><\/p>\n<p style=\"text-align: justify;\">B12 vitamini eksikli\u011fi alzheimer, bunama, depresyon osteoporoz gibi pek \u00e7ok hastal\u0131\u011fa neden oluyor. 40 ya\u015f\u0131ndan itibaren insana B12 takviyesi gerekiyor..<\/p>\n<p style=\"text-align: justify;\">Bug\u00fcne kadar \u00fczerinde \u00e7ok durulmayan, sadece &#8220;kans\u0131zl\u0131k&#8221; yapt\u0131\u011f\u0131na inan\u0131lan B12 eksikli\u011fi, t\u0131p d\u00fcnyas\u0131nda pek \u00e7ok kronik hastal\u0131\u011f\u0131n nedeni olarak kabul edilmeye ba\u015fland\u0131. Herald Tribune&#8217;de yer alan bir makaleye g\u00f6re 60 ya\u015flar\u0131ndaki 107 ya\u015fl\u0131 \u00fczerinde yap\u0131lan bir ara\u015ft\u0131rmada, B12 eksikli\u011finin beyin k\u00fc\u00e7\u00fclmesine neden oldu\u011fu ortaya \u00e7\u0131kt\u0131. Bu ara\u015ft\u0131rma t\u0131p d\u00fcnyas\u0131nda b\u00fcy\u00fck yank\u0131 uyand\u0131rd\u0131. Yap\u0131lan kan testleri v\u00fccuttaki B12 eksikli\u011fini g\u00f6steriyor. Ancak t\u0131p d\u00fcnyas\u0131 \u015fimdi yeni ara\u015ft\u0131rmalarla B12 seviyesinin normal de\u011ferinin asl\u0131nda d\u00fc\u015f\u00fck oldu\u011funu savunuyor. Kans\u0131zl\u0131\u011fa neden oldu\u011fu d\u00fc\u015f\u00fcn\u00fclen miktar\u0131n bile beyinde kal\u0131c\u0131 hasar yapabilece\u011fi \u00fczerinde duruyor.<!--more--><\/p>\n<p style=\"text-align: justify;\">ETTE BULUNUYOR<br \/>\nBir\u00e7ok doktor 50 ya\u015f\u0131n \u00fczerinde B12 al\u0131m\u0131n\u0131 art\u0131rmay\u0131 \u00f6neriyor. Fazlas\u0131n\u0131n kimseye zarar\u0131 olmad\u0131\u011f\u0131 \u00fczerinde duruluyor. Hayvansal g\u0131dalarda, k\u0131rm\u0131z\u0131 ette, B12 katk\u0131l\u0131 m\u00fcslilerde bulunan B12&#8217;yi \u00f6zellikle vejetaryen beslenen ki\u015filerin ek olarak almas\u0131 \u00f6neriliyor. D\u00fc\u015f\u00fck seviyede mide asidine sahip olanlar, gastrit hastalar\u0131, refl\u00fcs\u00fc bulunanlar B12 eksikli\u011fi i\u00e7in en b\u00fcy\u00fck risk grubunu olu\u015fturuyor. 65 ya\u015f \u00fczerindeki insanlar\u0131n y\u00fczde 30&#8217;unda bu vitaminin eksikli\u011fi bulunuyor. Uzmanlar bunu b\u00fcy\u00fck bir problem olarak yorumluyor, \u00e7\u00fcnk\u00fc ya\u015fl\u0131 insanlar\u0131n \u00e7o\u011funun bu sorunlar\u0131n\u0131n fark\u0131nda olmad\u0131\u011f\u0131, hatta doktorlar\u0131n\u0131n bile bunu sorun olarak g\u00f6rmedi\u011fi belirtiliyor.<\/p>\n<p><span style=\"color: #888888;\">( Sabah )<\/span><\/p>\n","protected":false},"excerpt":{"rendered":"<p style=\"text-align: center;\">\n<p style=\"text-align: justify;\">B12 vitamini eksikli\u011fi alzheimer, bunama, depresyon osteoporoz gibi pek \u00e7ok hastal\u0131\u011fa neden oluyor. 40 ya\u015f\u0131ndan itibaren insana B12 takviyesi gerekiyor..<\/p>\n<p style=\"text-align: justify;\">Bug\u00fcne kadar \u00fczerinde \u00e7ok durulmayan, sadece &#8220;kans\u0131zl\u0131k&#8221; yapt\u0131\u011f\u0131na inan\u0131lan B12 eksikli\u011fi, t\u0131p d\u00fcnyas\u0131nda pek \u00e7ok kronik hastal\u0131\u011f\u0131n nedeni olarak kabul edilmeye ba\u015fland\u0131. Herald Tribune&#8217;de yer alan bir makaleye <\/p>\n","protected":false},"author":1,"featured_media":0,"comment_status":"open","ping_status":"open","sticky":false,"template":"","format":"standard","meta":{"footnotes":""},"categories":[5],"tags":[],"class_list":["post-1925","post","type-post","status-publish","format-standard","hentry","category-saglik","odd"],"_links":{"self":[{"href":"http:\/\/www.korhanyilmaz.com\/index.php?rest_route=\/wp\/v2\/posts\/1925","targetHints":{"allow":["GET"]}}],"collection":[{"href":"http:\/\/www.korhanyilmaz.com\/index.php?rest_route=\/wp\/v2\/posts"}],"about":[{"href":"http:\/\/www.korhanyilmaz.com\/index.php?rest_route=\/wp\/v2\/types\/post"}],"author":[{"embeddable":true,"href":"http:\/\/www.korhanyilmaz.com\/index.php?rest_route=\/wp\/v2\/users\/1"}],"replies":[{"embeddable":true,"href":"http:\/\/www.korhanyilmaz.com\/index.php?rest_route=%2Fwp%2Fv2%2Fcomments&post=1925"}],"version-history":[{"count":0,"href":"http:\/\/www.korhanyilmaz.com\/index.php?rest_route=\/wp\/v2\/posts\/1925\/revisions"}],"wp:attachment":[{"href":"http:\/\/www.korhanyilmaz.com\/index.php?rest_route=%2Fwp%2Fv2%2Fmedia&parent=1925"}],"wp:term":[{"taxonomy":"category","embeddable":true,"href":"http:\/\/www.korhanyilmaz.com\/index.php?rest_route=%2Fwp%2Fv2%2Fcategories&post=1925"},{"taxonomy":"post_tag","embeddable":true,"href":"http:\/\/www.korhanyilmaz.com\/index.php?rest_route=%2Fwp%2Fv2%2Ftags&post=1925"}],"curies":[{"name":"wp","href":"https:\/\/api.w.org\/{rel}","templated":true}]}}