{"id":19221,"date":"2010-01-26T14:11:26","date_gmt":"2010-01-26T12:11:26","guid":{"rendered":"http:\/\/www.korhanyilmaz.com\/?p=19221"},"modified":"2010-01-26T14:11:26","modified_gmt":"2010-01-26T12:11:26","slug":"kumes-ruhsatiyla-villa-yapip-ingilizlere-sattilar","status":"publish","type":"post","link":"http:\/\/www.korhanyilmaz.com\/?p=19221","title":{"rendered":"K\u00fcmes ruhsat\u0131yla villa yap\u0131p \u0130ngilizlere satt\u0131lar!"},"content":{"rendered":"<p style=\"text-align: justify;\"><a href=\"http:\/\/www.korhanyilmaz.com\/wp-content\/uploads\/2010\/01\/017.jpg\"  class=\"lightview\"><img loading=\"lazy\" decoding=\"async\" class=\"aligncenter size-full wp-image-19240\" src=\"http:\/\/www.korhanyilmaz.com\/wp-content\/uploads\/2010\/01\/017.jpg\" alt=\"\" width=\"252\" height=\"189\" \/><\/a><\/p>\n<p style=\"text-align: justify;\">Kalkan\u2019da ak\u0131l almaz imar vurgunu! Kalamar koyundaki denize s\u0131f\u0131r zeytinlik tar\u0131m arazisini parselleyip \u2018k\u00fcmes\u2019 ruhsat\u0131yla villa yapt\u0131lar. Ard\u0131ndan da \u0130ngilizlere satt\u0131lar!<\/p>\n<p style=\"text-align: justify;\">K\u0131y\u0131 Yasas\u0131 hi\u00e7e say\u0131larak yap\u0131lan 34 villan\u0131n sahipleri aras\u0131nda eski AKP Milletvekili Hasan \u00d6zyer\u2019in \u015firketi de bulunuyor. \u00d6zyer, meclis \u00e7evre komisyonunda g\u00f6rev alm\u0131\u015ft\u0131.<!--more--><\/p>\n<p style=\"text-align: justify;\">Kalkan Kalamar koyundaki zeytinlikte yasalar hi\u00e7e say\u0131larak in\u015fa edilen 34 villa Kalkan\u2019\u0131 kar\u0131\u015ft\u0131rd\u0131. Eski ANAP ve AKP Mu\u011fla Milletvekili Hasan \u00d6zyer ve eski bir bakan\u0131n ad\u0131n\u0131n kar\u0131\u015ft\u0131\u011f\u0131 villa skandal\u0131 bir ba\u015fka ger\u00e7e\u011fi de ortaya \u00e7\u0131kard\u0131. D\u00fcnyay\u0131 y\u00f6neten \u00f6rg\u00fct olarak bilinen CFR\u2019nin \u00fcst d\u00fczey bir y\u00f6neticisiyle eski ABD Kongresi \u00fcyesi Solarz ve New York Times yazar\u0131 Bernstein\u2019\u0131n da ayn\u0131 koyda 10 d\u00f6n\u00fcm arazi ald\u0131\u011f\u0131 ortaya \u00e7\u0131kt\u0131. Avukat Tuncay Ko\u00e7, bu giri\u015fime izin verenlerin yarg\u0131lanmas\u0131 gerekti\u011fini s\u00f6ylerken, Belediye Ba\u015fkan\u0131 Karakurt ise, \u201cKalkan\u2019da imar s\u0131k\u0131nt\u0131s\u0131 \u00e7ok, teknik eleman yok\u201d dedi.<\/p>\n<div id=\"attachment_19223\" style=\"width: 200px\" class=\"wp-caption alignleft\"><a href=\"http:\/\/www.korhanyilmaz.com\/wp-content\/uploads\/2010\/02\/0022.jpg\"  class=\"lightview\"><img loading=\"lazy\" decoding=\"async\" aria-describedby=\"caption-attachment-19223\" class=\"size-full wp-image-19223\" style=\"margin-left: 10px; margin-right: 10px;\" src=\"http:\/\/www.korhanyilmaz.com\/wp-content\/uploads\/2010\/02\/0022.jpg\" alt=\"\" width=\"190\" height=\"188\" \/><\/a><p id=\"caption-attachment-19223\" class=\"wp-caption-text\">Eski ANAP ve AKP Milletvekili Hasan \u00d6zyer<\/p><\/div>\n<p style=\"text-align: justify;\">Eski ANAP ve AKP Milletvekili<strong> Hasan \u00d6zyer<\/strong>\u2019in \u015firketinin de aralar\u0131nda oldu\u011fu parsel sahipleri aras\u0131nda, eski bir bakan\u0131n da ad\u0131 ge\u00e7erken, b\u00f6lgenin imars\u0131z alan oldu\u011fu ortaya \u00e7\u0131kt\u0131. Ahmet Altu\u011f O\u011fuz ad\u0131na tapu kayd\u0131 bulunan be\u015fer d\u00f6n\u00fcml\u00fck sekiz parselin y\u00fczde elli hissesinin Mustafa Mumcu ad\u0131na kay\u0131tl\u0131 oldu\u011fu ancak Mumcu\u2019nun hisselerini sat\u0131\u015fa koydu\u011fu \u00f6\u011frenildi. Kalkan\u2019\u0131n eski belediye ba\u015fkan\u0131 Mustafa \u015ealvarl\u0131\u2019n\u0131n orta\u011f\u0131na ait olan bir \u015firketin de parselinin bulundu\u011fu cennet par\u00e7as\u0131 koydaki denize s\u0131f\u0131r arazide parseli bulunan \u00fcnl\u00fcler yaln\u0131zca T\u00fcrk siyasilerle s\u0131n\u0131rl\u0131 de\u011fil.<\/p>\n<p style=\"text-align: justify;\"><strong>CFR\u2019N\u0130N \u00dcNL\u00dc Y\u00d6NET\u0130C\u0130LER\u0130NDEN B\u0130R\u0130! <\/strong><\/p>\n<p style=\"text-align: justify;\">Kalkan\u2019da ya\u015fayan eski Amerikan Kongresi \u00dcyesi <strong>Stephan Solarz<\/strong> ve \u201c<span style=\"text-decoration: underline;\">D\u00fcnyay\u0131 y\u00f6neten \u00f6rg\u00fct<\/span>\u201d ya da d\u00fcnyan\u0131n derin devleti olarak bilinen <strong>CFR<\/strong>\u2019nin (Council on Foreign Reletions-D\u0131\u015f \u0130li\u015fkiler Konseyi) y\u00f6neticisi Jehuda Reinharz\u2019\u0131n da iki parselden olu\u015fan 10 bin metrekare arazisi bulunuyor. <strong>Solarz<\/strong> ve <strong>Reinharz\u2019<\/strong>\u0131n parselindeki villalar\u0131n in\u015faat\u0131 devam ediyor. Uzun s\u00fcre Amerikan Brandeis \u00dcniversitesi rekt\u00f6rl\u00fc\u011f\u00fcn\u00fc y\u00fcr\u00fcten <strong>Jehuda Reinharz<\/strong>, \u00f6nemli Yahudi tarih\u00e7ilerinden biri olarak biliniyor. Siyonist hareketin en ate\u015fli savunucular\u0131ndan olan Reinharz, bu \u00e7alar\u0131ndan dolay\u0131 \u0130srail Cumhurba\u015fkanl\u0131\u011f\u0131 ve parlamentosu \u00f6zel \u00f6d\u00fcllerine lay\u0131k g\u00f6r\u00fclm\u00fc\u015f.<\/p>\n<p style=\"text-align: justify;\"><strong>PATARA\u2019YI TANITTI, ARAZ\u0130Y\u0130 KAPTI! <\/strong><\/p>\n<p style=\"text-align: justify;\">Solarz ve Reinharz\u2019\u0131n parsel ortaklar\u0131 aras\u0131nda, New York Times Yazar\u0131 Richard Bernstein ve Margeret Marygriele ad\u0131nda bir kad\u0131n da bulunuyor. \u00dcnl\u00fc hissedarlar\u0131n toplam 10 d\u00f6n\u00fcml\u00fck iki parseldeki paylar\u0131, <strong>Solarz: %34<\/strong>, <strong>Reinharz: %11<\/strong>, <strong>Bernstein: %22 <\/strong>ve <strong>Marygriele: %33 <\/strong>olarak s\u0131ralan\u0131yor.<\/p>\n<p style=\"text-align: justify;\">1999 y\u0131l\u0131nda Kalkan\u2019dan ald\u0131\u011f\u0131 araziye yapt\u0131rd\u0131\u011f\u0131 l\u00fcks villaya yerle\u015fen ve y\u0131l\u0131n bir b\u00f6l\u00fcm\u00fcn\u00fc burada ge\u00e7iren Solarz, siyasi ili\u015fkilerinin yan\u0131 s\u0131ra emlak i\u015fi yapmas\u0131yla da biliniyor. Ge\u00e7ti\u011fimiz aylarda AKP\u2019nin K\u00fcrt a\u00e7\u0131l\u0131m\u0131n\u0131 destekledi\u011fini a\u00e7\u0131klayan Solarz\u2019\u0131n ayr\u0131ca Kalkan s\u0131rtlar\u0131nda yakla\u015f\u0131k 7 d\u00f6n\u00fcm arazisi daha bulunuyor. Solarz\u2019\u0131n hissedarlar\u0131ndan biri olan Richard Bernstein ise New York Times ele\u015ftirmenlerinden biri. Ortado\u011fu ve Asya \u00fczerine yapt\u0131\u011f\u0131 \u00e7al\u0131\u015fmalarla bilinen Bernstein\u2019in, \u201cDo\u011fu, Bat\u0131 ve Seks\u201d de d\u00e2hil olmak \u00fczere \u00e7ok say\u0131da kitab\u0131 bulunuyor. Bernstein, Solarz\u2019\u0131n \u00f6nerisiyle yazd\u0131\u011f\u0131 ve 19 Eyl\u00fcl 2005\u2019te New York Times\u2019ta yer alan \u201cAmerikan demokrasisinin k\u00f6klerinin Patara\u201dda oldu\u011funu \u00f6ne s\u00fcrd\u00fc\u011f\u00fc haberle ad\u0131ndan s\u00f6z ettirmi\u015fti. Haber, o g\u00fcnlerde T\u00fcrk bas\u0131n\u0131nda sevin\u00e7le kar\u015f\u0131lanm\u0131\u015ft\u0131.<\/p>\n<p style=\"text-align: justify;\"><strong>ESK\u0130 BA\u015eKAN\u2019IN ORTA\u011eI <\/strong><\/p>\n<p style=\"text-align: justify;\">2007 y\u0131l\u0131nda Kalkan\u2019\u0131n AKP\u2019li Belediye Ba\u015fkan\u0131 Mustafa \u015ealvarl\u0131 taraf\u0131ndan ruhsat verilen <strong>34 villan\u0131n<\/strong> her birinin bug\u00fcnk\u00fc de\u011ferinin <strong>3 milyon Dolar<\/strong> oldu\u011fu tahmin ediliyor. Yakla\u015f\u0131k 130 d\u00f6n\u00fcml\u00fck bir alan\u0131 kapsayan be\u015fer d\u00f6n\u00fcml\u00fck parsellerden \u00fc\u00e7\u00fcn\u00fcn tapu kay\u0131tlar\u0131nda eski AKP Mu\u011fla Milletvekili ve TBMM \u00c7evre Komisyonu \u00fcyeli\u011fi de yapan Hasan \u00d6zyer\u2019in kurucusu oldu\u011fu <strong>Fethiye merkezli Denizhan Gayrimenkul A.\u015e<\/strong>\u2019nin ad\u0131 ge\u00e7iyor. Ancak parsellerdeki aslan pay\u0131n\u0131 elinde bulunduran \u0130stanbul merkezli Ada Turizm Yat\u0131r\u0131mlar\u0131 A.\u015e\u2019nin de \u00d6zyer\u2019in paravan \u015firketi oldu\u011fu \u00f6ne s\u00fcr\u00fcl\u00fcyor. Parsellerden di\u011fer \u00fc\u00e7\u00fcn\u00fcn hissedar\u0131 ise Kalkan merkezli <strong>Kalamar \u0130n\u015faat ve Turizm Limited \u015eirketi<\/strong>. Bu \u015firketin de Kalkan\u2019\u0131n eski Belediye Ba\u015fkan\u0131 Mustafa \u015ealvarl\u0131\u2019n\u0131n ba\u015fkanl\u0131\u011f\u0131 d\u00f6neminde ticari i\u015flerini y\u00fcr\u00fcten orta\u011f\u0131 <strong>Ali Tun\u00e7 <\/strong>ve <strong>Ramazan Do\u011fan<\/strong>\u2019a ait. \u015ealvarl\u0131, DYP\u2019den AKP\u2019ye kat\u0131lan belediye ba\u015fkanlar\u0131 aras\u0131nda yer alm\u0131\u015ft\u0131.<\/p>\n<p style=\"text-align: justify;\"><strong>Y\u00d6NETMEL\u0130K NE D\u0130YOR? <\/strong><\/p>\n<p style=\"text-align: justify;\">Kalkan\u2019da tart\u0131\u015fma yaratan villalardan bir\u00e7o\u011funun yap\u0131la\u015fman\u0131n yasak oldu\u011fu k\u0131y\u0131lar\u0131 da tahrip etti\u011fi ortaya \u00e7\u0131kt\u0131. Her hangi bir yasal d\u00fczenleme yap\u0131lmadan y\u00fcz metrelik alan i\u00e7inde yap\u0131la\u015fmaya izin vermeyen K\u0131y\u0131 Yasas\u0131 delinerek villalar\u0131n \u00f6n\u00fcne havuz ve \u00f6zel iskele bile yap\u0131lm\u0131\u015f.<\/p>\n<p style=\"text-align: justify;\">Bay\u0131nd\u0131rl\u0131k ve \u0130sk\u00e2n Bakanl\u0131\u011f\u0131 \u201cPlans\u0131z Alanlar \u0130mar Y\u00f6netmeli\u011fi\u201dnin 63. maddesi; \u00fcst \u00f6l\u00e7ek plan\u0131 bulunmayan isk\u00e2n d\u0131\u015f\u0131 alanlardaki parsellerde, in\u015faat alan\u0131 katsay\u0131s\u0131 y\u00fczde be\u015ften fazla olamayaca\u011f\u0131n\u0131 h\u00fckme ba\u011fl\u0131yor. Y\u00f6netmelik, mand\u0131ra, k\u00fcmes ve tar\u0131msal \u00fcr\u00fcnlerin i\u015flenebilece\u011fi yap\u0131lara izin verirken, \u201cyap\u0131 in\u015faat alanlar\u0131 toplam\u0131 hi\u00e7bir ko\u015fulda (250) m2 yi ge\u00e7memek, sa\u00e7ak seviyelerinin tabii zeminden y\u00fcksekli\u011fi (6.50) m.yi ve 2 kat\u0131 a\u015fmamak, yola ve parsel s\u0131n\u0131rlar\u0131na (5.00) m.den fazla yakla\u015fmamak \u015fart\u0131 ile bir ailenin oturmas\u0131na mahsus ba\u011f ve sayfiye evleri, k\u0131r kahvesi, lokanta ve bu tesislerin m\u00fc\u015ftemilat binalar\u0131 yap\u0131labilir\u201d diyor. Ancak Kalamar koyundaki be\u015fer d\u00f6n\u00fcml\u00fck parsellere in\u015fa edilen villalar\u0131n bir k\u0131sm\u0131 \u00fc\u00e7 katl\u0131 ve y\u00fczde be\u015f s\u0131n\u0131r\u0131n\u0131 a\u015fm\u0131\u015f durumda oldu\u011fu ortaya \u00e7\u0131karken, baz\u0131 yap\u0131larda kat m\u00fclkiyeti tapusu bile \u00e7\u0131kart\u0131lm\u0131\u015f.<\/p>\n<p style=\"text-align: justify;\"><strong>AV. TUNCAY KO\u00c7: \u2018KALAMAR KOYU B\u0130R\u0130LER\u0130NE \u2018MEZE\u2019 YAPILMI\u015e!\u2019 <\/strong><\/p>\n<div id=\"attachment_19234\" style=\"width: 236px\" class=\"wp-caption alignleft\"><a href=\"http:\/\/www.korhanyilmaz.com\/wp-content\/uploads\/2010\/02\/0131.jpg\"  class=\"lightview\"><img loading=\"lazy\" decoding=\"async\" aria-describedby=\"caption-attachment-19234\" class=\"size-full wp-image-19234\" style=\"margin-left: 10px; margin-right: 10px;\" src=\"http:\/\/www.korhanyilmaz.com\/wp-content\/uploads\/2010\/02\/0131.jpg\" alt=\"\" width=\"226\" height=\"169\" \/><\/a><p id=\"caption-attachment-19234\" class=\"wp-caption-text\">\u00c7evre Avukat\u0131 Tuncay Ko\u00e7<\/p><\/div>\n<p style=\"text-align: justify;\">Kalkan\u2019daki imar skandal\u0131yla ilgili g\u00f6r\u00fc\u015flerine ba\u015fvurdu\u011fumuz \u00c7evre Avukat\u0131 Tuncay Ko\u00e7, yap\u0131lan uygulaman\u0131n, Anayasa\u2019n\u0131n 43. maddesiyle, K\u0131y\u0131 Kanununa ve \u0130mar Kanunu ile y\u00f6netmeli\u011fine ayk\u0131r\u0131 oldu\u011funu s\u00f6yledi. Kamunun kullan\u0131m\u0131nda olan bir koyun, tamamen kapat\u0131larak \u00f6zel m\u00fclkiyet haline getirildi\u011fini dile getiren Ko\u00e7, \u201c\u0130mar planlar\u0131 olmamas\u0131na ra\u011fmen villa tipi yap\u0131lar\u0131n Kalkan Belediyesinden ruhsat almas\u0131 ise d\u00f6nemin Belediye Ba\u015fkan\u0131 ve yetkililerinin g\u00f6revlerini k\u00f6t\u00fcye kulland\u0131\u011f\u0131 anlam\u0131na gelir. Kalamar koyu \u2018\u00f6nemli\u2019 birilerine meze yap\u0131lm\u0131\u015ft\u0131r. Acilen yap\u0131lar\u0131n ruhsatlar\u0131n\u0131n iptaliyle m\u00fch\u00fcrlenmesi gerekir. Akdeniz\u2019in bu g\u00fczel koyunda hi\u00e7bir kanun usul\u00fcne g\u00f6re uygulanmam\u0131\u015ft\u0131r. Bu yap\u0131lara izin verenlerin yarg\u0131lanmas\u0131 gerekir\u201d dedi.<\/p>\n<p style=\"text-align: justify;\"><strong>BELED\u0130YE BA\u015eKANI KARAKURT: SIKINTI \u00c7OK, ELEMAN YOK <\/strong><\/p>\n<p style=\"text-align: justify;\">Kalamar koyundaki imar skandal\u0131yla ilgili sorular\u0131m\u0131z\u0131 yan\u0131tlayan Kalkan Belediye Ba\u015fkan\u0131 Saim Karakurt, Kalamar koyu d\u00e2hil Kalkan\u2019\u0131n b\u00fct\u00fcn\u00fcnde imar konusunda bir inceleme yapamad\u0131klar\u0131n\u0131 belirterek \u015funlar\u0131 s\u00f6yledi: \u201c imar konusunu g\u00fcncelle\u015ftirerek say\u0131sal ortama aktard\u0131k. Ancak bu konuda net sonu\u00e7lar\u0131 g\u00f6rerek bir de\u011ferlendirme yapamad\u0131k. Her \u015feyden \u00f6nce teknik eleman\u0131m\u0131z yok. S\u0131k\u0131nt\u0131 yaln\u0131zca Kalamar koyunda de\u011fil, imar y\u00f6n\u00fcnden Kalkan\u2019\u0131n geneli s\u0131k\u0131nt\u0131l\u0131. A\u00e7\u0131lmamas\u0131 gereken yol a\u00e7\u0131l\u0131p konmu\u015f imar plan\u0131na.\u201d<\/p>\n<p style=\"text-align: justify;\">Kalamar koyundaki arazinin niteli\u011fiyle ilgili sorumuzu yan\u0131tlayan Karakurt, b\u00f6lgenin tar\u0131msal alan ve uygulama imar plan\u0131 d\u0131\u015f\u0131nda oldu\u011funu belirterek, \u201cburadaki ba\u015fvurunun binde be\u015f ko\u015fuluyla \u00e7\u00f6z\u00fcld\u00fc\u011f\u00fcn\u00fc san\u0131yorum. Yasaya g\u00f6re be\u015f d\u00f6n\u00fcml\u00fck tar\u0131msal alanlarda 250 metrekarelik konutlar yap\u0131labiliyor\u201d diye konu\u015ftu.<\/p>\n<p style=\"text-align: justify;\"><strong>HERKES SONUCUNA KATLANIR! <\/strong><\/p>\n<p style=\"text-align: justify;\">Koydaki arazi sahiplerinin kimli\u011fiyle ilgili fazla bilgiye sahip olmad\u0131\u011f\u0131n\u0131 s\u00f6yleyen Karakurt, \u201ckimi m\u00fcteahhitli\u011fini, kimi de vek\u00e2leten y\u00fcr\u00fct\u00fcyor i\u015fleri. Hasan \u00d6zyer\u2019in parsellerinin oldu\u011funu biliyorum ama bir\u00e7o\u011funu bilmiyorum. Yerli halktan baz\u0131lar\u0131n\u0131n da yeri var. K\u00fc\u00e7\u00fck yerlerde bu t\u00fcr \u015feyler oluyor\u201d dedi. Belediye y\u00f6netimini devrald\u0131ktan sonra Kalkan\u2019da mevzuata ters ne kadar yap\u0131la\u015fma oldu\u011funu bilmedi\u011fini dile getiren Karakurt, \u201cher \u015feyin kurallara uygun oldu\u011funu duyuyordum ama baz\u0131 konularda kurallara ne kadar uyuldu bilmiyordum. \u0130marl\u0131 alanlarda bile kurallara uyulmad\u0131\u011f\u0131na g\u00f6re, orada da uyulmad\u0131\u011f\u0131n\u0131 tahmin ediyorum\u201d dedi.<\/p>\n<p style=\"text-align: justify;\">Parsel sahiplerinin belediyeye bir d\u00fczeltme talebiyle gelip gelmedi\u011fini sordu\u011fumuz Karakurt, \u201cbize \u015fimdiye kadar bir talep gelmedi. Ancak yasal olarak \u00e7\u00f6z\u00fclme durumu varsa bu \u015fans\u0131 deneriz. Yoksa hem belediye hem de vatanda\u015f sonucuna katlan\u0131r\u201d diye konu\u015ftu.<\/p>\n<p style=\"text-align: center;\"><strong>FOTO\u011eRAFLAR:<\/strong><\/p>\n<p style=\"text-align: center;\"><strong><br \/>\n<\/strong><\/p>\n<div id=\"attachment_19222\" style=\"width: 322px\" class=\"wp-caption aligncenter\"><a href=\"http:\/\/www.korhanyilmaz.com\/wp-content\/uploads\/2010\/02\/0012.jpg\"  class=\"lightview\"><img loading=\"lazy\" decoding=\"async\" aria-describedby=\"caption-attachment-19222\" class=\"size-full wp-image-19222 \" src=\"http:\/\/www.korhanyilmaz.com\/wp-content\/uploads\/2010\/02\/0012.jpg\" alt=\"\" width=\"312\" height=\"232\" \/><\/a><p id=\"caption-attachment-19222\" class=\"wp-caption-text\">Be\u015f d\u00f6n\u00fcml\u00fck parsellere bir de\u011fil iki villa birden yap\u0131lm\u0131\u015f<\/p><\/div>\n<p style=\"text-align: center;\">\n<div id=\"attachment_19224\" style=\"width: 293px\" class=\"wp-caption aligncenter\"><a href=\"http:\/\/www.korhanyilmaz.com\/wp-content\/uploads\/2010\/02\/0031.jpg\"  class=\"lightview\"><img loading=\"lazy\" decoding=\"async\" aria-describedby=\"caption-attachment-19224\" class=\"size-full wp-image-19224  \" src=\"http:\/\/www.korhanyilmaz.com\/wp-content\/uploads\/2010\/02\/0031.jpg\" alt=\"\" width=\"283\" height=\"188\" \/><\/a><p id=\"caption-attachment-19224\" class=\"wp-caption-text\">\u0130n\u015faat\u0131 biten villalardan biri<\/p><\/div>\n<p style=\"text-align: center;\">\n<div id=\"attachment_19225\" style=\"width: 293px\" class=\"wp-caption aligncenter\"><a href=\"http:\/\/www.korhanyilmaz.com\/wp-content\/uploads\/2010\/02\/0042.jpg\"  class=\"lightview\"><img loading=\"lazy\" decoding=\"async\" aria-describedby=\"caption-attachment-19225\" class=\"size-full wp-image-19225 \" src=\"http:\/\/www.korhanyilmaz.com\/wp-content\/uploads\/2010\/02\/0042.jpg\" alt=\"\" width=\"283\" height=\"188\" \/><\/a><p id=\"caption-attachment-19225\" class=\"wp-caption-text\">\u0130skele<\/p><\/div>\n<p style=\"text-align: center;\">\n<div id=\"attachment_19226\" style=\"width: 286px\" class=\"wp-caption aligncenter\"><a href=\"http:\/\/www.korhanyilmaz.com\/wp-content\/uploads\/2010\/02\/0051.jpg\"  class=\"lightview\"><img loading=\"lazy\" decoding=\"async\" aria-describedby=\"caption-attachment-19226\" class=\"size-full wp-image-19226 \" src=\"http:\/\/www.korhanyilmaz.com\/wp-content\/uploads\/2010\/02\/0051.jpg\" alt=\"\" width=\"276\" height=\"196\" \/><\/a><p id=\"caption-attachment-19226\" class=\"wp-caption-text\">\u0130\u015fte k\u0131y\u0131 yasas\u0131 b\u00f6yle delinmi\u015f<\/p><\/div>\n<p style=\"text-align: center;\">\n<div id=\"attachment_19227\" style=\"width: 350px\" class=\"wp-caption aligncenter\"><a href=\"http:\/\/www.korhanyilmaz.com\/wp-content\/uploads\/2010\/02\/0061.jpg\"  class=\"lightview\"><img loading=\"lazy\" decoding=\"async\" aria-describedby=\"caption-attachment-19227\" class=\"size-full wp-image-19227 \" src=\"http:\/\/www.korhanyilmaz.com\/wp-content\/uploads\/2010\/02\/0061.jpg\" alt=\"\" width=\"340\" height=\"246\" \/><\/a><p id=\"caption-attachment-19227\" class=\"wp-caption-text\">Jehuda - Clinton<\/p><\/div>\n<p style=\"text-align: center;\">\n<div id=\"attachment_19228\" style=\"width: 390px\" class=\"wp-caption aligncenter\"><a href=\"http:\/\/www.korhanyilmaz.com\/wp-content\/uploads\/2010\/02\/0071.jpg\"  class=\"lightview\"><img loading=\"lazy\" decoding=\"async\" aria-describedby=\"caption-attachment-19228\" class=\"size-full wp-image-19228 \" src=\"http:\/\/www.korhanyilmaz.com\/wp-content\/uploads\/2010\/02\/0071.jpg\" alt=\"\" width=\"380\" height=\"254\" \/><\/a><p id=\"caption-attachment-19228\" class=\"wp-caption-text\">Jehuda reinharz<\/p><\/div>\n<p style=\"text-align: center;\">\n<div id=\"attachment_19229\" style=\"width: 286px\" class=\"wp-caption aligncenter\"><a href=\"http:\/\/www.korhanyilmaz.com\/wp-content\/uploads\/2010\/02\/0081.jpg\"  class=\"lightview\"><img loading=\"lazy\" decoding=\"async\" aria-describedby=\"caption-attachment-19229\" class=\"size-full wp-image-19229 \" src=\"http:\/\/www.korhanyilmaz.com\/wp-content\/uploads\/2010\/02\/0081.jpg\" alt=\"\" width=\"276\" height=\"207\" \/><\/a><p id=\"caption-attachment-19229\" class=\"wp-caption-text\">Kalamar Koyu<\/p><\/div>\n<p style=\"text-align: center;\">\n<div id=\"attachment_19230\" style=\"width: 435px\" class=\"wp-caption aligncenter\"><a href=\"http:\/\/www.korhanyilmaz.com\/wp-content\/uploads\/2010\/02\/0091.jpg\"  class=\"lightview\"><img loading=\"lazy\" decoding=\"async\" aria-describedby=\"caption-attachment-19230\" class=\"size-full wp-image-19230 \" src=\"http:\/\/www.korhanyilmaz.com\/wp-content\/uploads\/2010\/02\/0091.jpg\" alt=\"\" width=\"425\" height=\"186\" \/><\/a><p id=\"caption-attachment-19230\" class=\"wp-caption-text\">Kalamar koyu uydudan g\u00f6r\u00fcn\u00fcm<\/p><\/div>\n<p style=\"text-align: center;\">\n<div id=\"attachment_19231\" style=\"width: 258px\" class=\"wp-caption aligncenter\"><a href=\"http:\/\/www.korhanyilmaz.com\/wp-content\/uploads\/2010\/02\/0101.jpg\"  class=\"lightview\"><img loading=\"lazy\" decoding=\"async\" aria-describedby=\"caption-attachment-19231\" class=\"size-full wp-image-19231 \" src=\"http:\/\/www.korhanyilmaz.com\/wp-content\/uploads\/2010\/02\/0101.jpg\" alt=\"\" width=\"248\" height=\"197\" \/><\/a><p id=\"caption-attachment-19231\" class=\"wp-caption-text\">Kalkan belediye ba\u015fkan\u0131 Saim Karakurt sorular\u0131m\u0131z\u0131 yan\u0131tlad\u0131<\/p><\/div>\n<p style=\"text-align: center;\">\n<div id=\"attachment_19232\" style=\"width: 425px\" class=\"wp-caption aligncenter\"><a href=\"http:\/\/www.korhanyilmaz.com\/wp-content\/uploads\/2010\/02\/0111.jpg\"  class=\"lightview\"><img loading=\"lazy\" decoding=\"async\" aria-describedby=\"caption-attachment-19232\" class=\"size-full wp-image-19232 \" src=\"http:\/\/www.korhanyilmaz.com\/wp-content\/uploads\/2010\/02\/0111.jpg\" alt=\"\" width=\"415\" height=\"578\" \/><\/a><p id=\"caption-attachment-19232\" class=\"wp-caption-text\">Parsel tapusu ada turizm<\/p><\/div>\n<p style=\"text-align: center;\">\n<div id=\"attachment_19233\" style=\"width: 322px\" class=\"wp-caption aligncenter\"><a href=\"http:\/\/www.korhanyilmaz.com\/wp-content\/uploads\/2010\/02\/0121.jpg\"  class=\"lightview\"><img loading=\"lazy\" decoding=\"async\" aria-describedby=\"caption-attachment-19233\" class=\"size-full wp-image-19233 \" src=\"http:\/\/www.korhanyilmaz.com\/wp-content\/uploads\/2010\/02\/0121.jpg\" alt=\"\" width=\"312\" height=\"234\" \/><\/a><p id=\"caption-attachment-19233\" class=\"wp-caption-text\">Solarz&#39;la 2005 y\u0131l\u0131nda kalkan&#39;daki villas\u0131nda konu\u015fmu\u015ftuk<\/p><\/div>\n<p style=\"text-align: center;\">\n<p style=\"text-align: center;\">\n<div id=\"attachment_19235\" style=\"width: 293px\" class=\"wp-caption aligncenter\"><a href=\"http:\/\/www.korhanyilmaz.com\/wp-content\/uploads\/2010\/02\/014.jpg\"  class=\"lightview\"><img loading=\"lazy\" decoding=\"async\" aria-describedby=\"caption-attachment-19235\" class=\"size-full wp-image-19235  \" src=\"http:\/\/www.korhanyilmaz.com\/wp-content\/uploads\/2010\/02\/014.jpg\" alt=\"\" width=\"283\" height=\"188\" \/><\/a><p id=\"caption-attachment-19235\" class=\"wp-caption-text\">Villadan k\u0131y\u0131ya indirilen yol ve \u00f6zel iskele<\/p><\/div>\n<p style=\"text-align: center;\">\n<p style=\"text-align: center;\">\n<p style=\"text-align: center;\">\n<div id=\"attachment_19236\" style=\"width: 368px\" class=\"wp-caption aligncenter\"><a href=\"http:\/\/www.korhanyilmaz.com\/wp-content\/uploads\/2010\/02\/015.jpg\"  class=\"lightview\"><img loading=\"lazy\" decoding=\"async\" aria-describedby=\"caption-attachment-19236\" class=\"size-full wp-image-19236 \" src=\"http:\/\/www.korhanyilmaz.com\/wp-content\/uploads\/2010\/02\/015.jpg\" alt=\"\" width=\"358\" height=\"170\" \/><\/a><p id=\"caption-attachment-19236\" class=\"wp-caption-text\">Villalar\u0131n bitmi\u015f halini g\u00f6steren uygulama<\/p><\/div>\n<p style=\"text-align: center;\">\n<p style=\"text-align: center;\">\n<p style=\"text-align: center;\">\n<div id=\"attachment_19237\" style=\"width: 290px\" class=\"wp-caption aligncenter\"><a href=\"http:\/\/www.korhanyilmaz.com\/wp-content\/uploads\/2010\/02\/016.jpg\"  class=\"lightview\"><img loading=\"lazy\" decoding=\"async\" aria-describedby=\"caption-attachment-19237\" class=\"size-full wp-image-19237 \" src=\"http:\/\/www.korhanyilmaz.com\/wp-content\/uploads\/2010\/02\/016.jpg\" alt=\"\" width=\"280\" height=\"210\" \/><\/a><p id=\"caption-attachment-19237\" class=\"wp-caption-text\">Yasalarla korumaya al\u0131nan k\u0131y\u0131ya beton d\u00f6kt\u00fcler<\/p><\/div>\n<p style=\"text-align: center;\">\n<p style=\"text-align: center;\">\n<p style=\"text-align: center;\"><a href=\"http:\/\/www.acikgazete.com\/editorden\/2010\/01\/26\/kumes-ruhsatiyla-villa-yapip-ingilizlere-sattilar.htm?aid=33358\" target=\"_blank\"><span style=\"color: #888888;\">Haber Kayna\u011f\u0131 : Yusuf Yavuz &#8211; A\u00e7\u0131k Gazete<\/span><\/a><\/p>\n","protected":false},"excerpt":{"rendered":"<p style=\"text-align: justify;\">\n<p style=\"text-align: justify;\">Kalkan\u2019da ak\u0131l almaz imar vurgunu! Kalamar koyundaki denize s\u0131f\u0131r zeytinlik tar\u0131m arazisini parselleyip \u2018k\u00fcmes\u2019 ruhsat\u0131yla villa yapt\u0131lar. Ard\u0131ndan da \u0130ngilizlere satt\u0131lar!<\/p>\n<p style=\"text-align: justify;\">K\u0131y\u0131 Yasas\u0131 hi\u00e7e say\u0131larak yap\u0131lan 34 villan\u0131n sahipleri aras\u0131nda eski AKP Milletvekili Hasan \u00d6zyer\u2019in \u015firketi de bulunuyor. \u00d6zyer, meclis \u00e7evre komisyonunda g\u00f6rev alm\u0131\u015ft\u0131.<\/p>\n","protected":false},"author":1,"featured_media":0,"comment_status":"open","ping_status":"closed","sticky":false,"template":"","format":"standard","meta":{"footnotes":""},"categories":[105],"tags":[],"class_list":["post-19221","post","type-post","status-publish","format-standard","hentry","category-gundem","odd"],"_links":{"self":[{"href":"http:\/\/www.korhanyilmaz.com\/index.php?rest_route=\/wp\/v2\/posts\/19221","targetHints":{"allow":["GET"]}}],"collection":[{"href":"http:\/\/www.korhanyilmaz.com\/index.php?rest_route=\/wp\/v2\/posts"}],"about":[{"href":"http:\/\/www.korhanyilmaz.com\/index.php?rest_route=\/wp\/v2\/types\/post"}],"author":[{"embeddable":true,"href":"http:\/\/www.korhanyilmaz.com\/index.php?rest_route=\/wp\/v2\/users\/1"}],"replies":[{"embeddable":true,"href":"http:\/\/www.korhanyilmaz.com\/index.php?rest_route=%2Fwp%2Fv2%2Fcomments&post=19221"}],"version-history":[{"count":0,"href":"http:\/\/www.korhanyilmaz.com\/index.php?rest_route=\/wp\/v2\/posts\/19221\/revisions"}],"wp:attachment":[{"href":"http:\/\/www.korhanyilmaz.com\/index.php?rest_route=%2Fwp%2Fv2%2Fmedia&parent=19221"}],"wp:term":[{"taxonomy":"category","embeddable":true,"href":"http:\/\/www.korhanyilmaz.com\/index.php?rest_route=%2Fwp%2Fv2%2Fcategories&post=19221"},{"taxonomy":"post_tag","embeddable":true,"href":"http:\/\/www.korhanyilmaz.com\/index.php?rest_route=%2Fwp%2Fv2%2Ftags&post=19221"}],"curies":[{"name":"wp","href":"https:\/\/api.w.org\/{rel}","templated":true}]}}