{"id":1919,"date":"2008-10-17T08:56:06","date_gmt":"2008-10-17T05:56:06","guid":{"rendered":"http:\/\/www.korhanyilmaz.com\/?p=1919"},"modified":"2008-10-17T08:56:06","modified_gmt":"2008-10-17T05:56:06","slug":"sitem-ve-tesekkur","status":"publish","type":"post","link":"http:\/\/www.korhanyilmaz.com\/?p=1919","title":{"rendered":"Sitem ve te\u015fekk\u00fcr"},"content":{"rendered":"<p style=\"text-align: center;\"><img loading=\"lazy\" decoding=\"async\" class=\"size-full wp-image-1920   aligncenter\" title=\"Fatih Terim\" src=\"http:\/\/www.korhanyilmaz.com\/wp-content\/uploads\/2008\/10\/2d64445b53389d4c898a4b90x.jpg\" alt=\"\" width=\"475\" height=\"250\" \/><\/p>\n<p style=\"text-align: justify;\">Estonya ma\u00e7\u0131 sonras\u0131 soyunma odas\u0131nda futbolcular\u0131na seslenen Terim, &#8220;Bu kadar ka\u00e7ar m\u0131?&#8221; diye sitem ettikten sonra &#8220;Ama m\u00fccadeleniz i\u00e7in de size te\u015fekk\u00fcr ediyorum&#8221; dedi..<\/p>\n<p style=\"text-align: justify;\">Milli Tak\u0131m, D\u00fcnya Kupas\u0131 grup elemelerinde Estonya deplasman\u0131ndan beraberlikle d\u00f6nerken, ma\u00e7 sonras\u0131 soyunma odas\u0131nda h\u00fcz\u00fcn vard\u0131. Zay\u0131f rakibi kar\u015f\u0131s\u0131nda \u00f6zellikle ikinci yar\u0131da m\u00fcthi\u015f bir m\u00fccadele sergileyen; toplam 16 korner kullan\u0131p, 23 \u015fut \u00e7eken; \u00e7ok say\u0131da net f\u0131rsat\u0131 kullanamayan milliler, grup birincili\u011fini \u00e7ok zora sokarken, ikincili\u011fi de tehlikeye att\u0131. 90 dakika bitti\u011finde soyunma odas\u0131na giden ay-y\u0131ld\u0131zl\u0131 futbolcular\u0131n a\u011fz\u0131n\u0131 b\u0131\u00e7ak a\u00e7m\u0131yordu. Teknik direkt\u00f6r Fatih Terim i\u00e7eri girdi\u011finde ilk s\u00f6z\u00fc, &#8220;Bu kadar gol ka\u00e7ar m\u0131?&#8221; oldu.<!--more--><\/p>\n<p style=\"text-align: justify;\">BUNU TELAF\u0130 ETMEL\u0130Y\u0130Z<br \/>\nTecr\u00fcbeli hoca bu sitemin ard\u0131ndan da, &#8220;Sizler elinizden geleni yapt\u0131n\u0131z. Bu kadar pozisyona ra\u011fmen bir gol atamad\u0131k. Bunu \u015fanss\u0131zl\u0131\u011f\u0131m\u0131za ba\u011fl\u0131yorum. Sonu\u00e7ta ortaya koydu\u011funuz m\u00fccadele i\u00e7in hepinize te\u015fekk\u00fcr ediyorum. Kazanmay\u0131 istediniz, bunun i\u00e7in sava\u015ft\u0131n\u0131z ama talihsiz bir s\u00fcrpriz ya\u015fad\u0131k. Grupta en \u00f6nemli rakibimiz \u0130spanya&#8230; Onlarla oynayaca\u011f\u0131m\u0131z ma\u00e7larda bu kay\u0131plar\u0131 telafi etmeliyiz. Biz birinci ya da ikinci olarak D\u00fcnya Kupas\u0131 finallerine gidece\u011fiz&#8221; dedi.<\/p>\n<p>HER YERDE KAZANAB\u0130L\u0130R\u0130Z<br \/>\nArd\u0131ndan soyunma odas\u0131ndan \u00e7\u0131kan Terim, kendisini yakla\u015f\u0131k 20 dakika bekleyen bas\u0131n mensuplar\u0131n\u0131n kar\u015f\u0131s\u0131na \u00e7\u0131kt\u0131 ve umutlu oldu\u011funu \u015fu s\u00f6zlerle dile getirdi: &#8220;Hi\u00e7bir karamsarl\u0131\u011f\u0131m yok. Bel\u00e7ika&#8217;y\u0131, \u0130spanya&#8217;y\u0131, Bosna&#8217;y\u0131 kendi sahalar\u0131nda yenebiliriz. Avrupa \u015eampiyonas\u0131 \u00f6ncesinde de baz\u0131 p\u00fcr\u00fczlerle kar\u015f\u0131la\u015ft\u0131m ama sonunda gittik. Hala en iyi ikinci konumunday\u0131z.&#8221;<\/p>\n<p>&#8216;\u0130MZADA SORUN YOK&#8217;<br \/>\nFederasyon Ba\u015fkanvekili L\u00fctfi Ar\u0131bo\u011fan d\u00fcn bir panelde yapt\u0131\u011f\u0131 a\u00e7\u0131klamada, Estonya beraberli\u011finin farkl\u0131 d\u00fc\u015f\u00fcncelere sebep olmamas\u0131 gerekti\u011fini belirterek, &#8220;Terim ile aram\u0131zda sorun yok. S\u00f6zle\u015fmesi s\u00fcr\u00fcyor. Uzatma konusu da \u00f6n\u00fcm\u00fczdeki g\u00fcnlerde biter&#8221; dedi.\n<\/p>\n<p style=\"text-align: justify;\"><span style=\"color: #888888;\">( Sabah )<\/span><\/p>\n","protected":false},"excerpt":{"rendered":"<p style=\"text-align: center;\">\n<p style=\"text-align: justify;\">Estonya ma\u00e7\u0131 sonras\u0131 soyunma odas\u0131nda futbolcular\u0131na seslenen Terim, &#8220;Bu kadar ka\u00e7ar m\u0131?&#8221; diye sitem ettikten sonra &#8220;Ama m\u00fccadeleniz i\u00e7in de size te\u015fekk\u00fcr ediyorum&#8221; dedi..<\/p>\n<p style=\"text-align: justify;\">Milli Tak\u0131m, D\u00fcnya Kupas\u0131 grup elemelerinde Estonya deplasman\u0131ndan beraberlikle d\u00f6nerken, ma\u00e7 sonras\u0131 soyunma odas\u0131nda h\u00fcz\u00fcn vard\u0131. Zay\u0131f rakibi kar\u015f\u0131s\u0131nda \u00f6zellikle ikinci yar\u0131da m\u00fcthi\u015f bir <\/p>\n","protected":false},"author":1,"featured_media":0,"comment_status":"open","ping_status":"open","sticky":false,"template":"","format":"standard","meta":{"footnotes":""},"categories":[42],"tags":[],"class_list":["post-1919","post","type-post","status-publish","format-standard","hentry","category-spor","odd"],"_links":{"self":[{"href":"http:\/\/www.korhanyilmaz.com\/index.php?rest_route=\/wp\/v2\/posts\/1919","targetHints":{"allow":["GET"]}}],"collection":[{"href":"http:\/\/www.korhanyilmaz.com\/index.php?rest_route=\/wp\/v2\/posts"}],"about":[{"href":"http:\/\/www.korhanyilmaz.com\/index.php?rest_route=\/wp\/v2\/types\/post"}],"author":[{"embeddable":true,"href":"http:\/\/www.korhanyilmaz.com\/index.php?rest_route=\/wp\/v2\/users\/1"}],"replies":[{"embeddable":true,"href":"http:\/\/www.korhanyilmaz.com\/index.php?rest_route=%2Fwp%2Fv2%2Fcomments&post=1919"}],"version-history":[{"count":0,"href":"http:\/\/www.korhanyilmaz.com\/index.php?rest_route=\/wp\/v2\/posts\/1919\/revisions"}],"wp:attachment":[{"href":"http:\/\/www.korhanyilmaz.com\/index.php?rest_route=%2Fwp%2Fv2%2Fmedia&parent=1919"}],"wp:term":[{"taxonomy":"category","embeddable":true,"href":"http:\/\/www.korhanyilmaz.com\/index.php?rest_route=%2Fwp%2Fv2%2Fcategories&post=1919"},{"taxonomy":"post_tag","embeddable":true,"href":"http:\/\/www.korhanyilmaz.com\/index.php?rest_route=%2Fwp%2Fv2%2Ftags&post=1919"}],"curies":[{"name":"wp","href":"https:\/\/api.w.org\/{rel}","templated":true}]}}