{"id":191,"date":"2008-03-31T09:12:08","date_gmt":"2008-03-31T07:12:08","guid":{"rendered":"http:\/\/www.korhanyilmaz.com\/?p=440"},"modified":"2008-03-31T09:12:08","modified_gmt":"2008-03-31T07:12:08","slug":"erdogan-israil-suriye-barisi-icin-araci-olmus","status":"publish","type":"post","link":"http:\/\/www.korhanyilmaz.com\/?p=191","title":{"rendered":"Erdo\u011fan, \u0130srail-Suriye bar\u0131\u015f\u0131 i\u00e7in arac\u0131 olmu\u015f"},"content":{"rendered":"<p style=\"text-align: center;\"><img loading=\"lazy\" decoding=\"async\" class=\"alignnone size-medium wp-image-441\" title=\"fft17_mf16519\" src=\"http:\/\/www.korhanyilmaz.com\/wp-content\/uploads\/2008\/03\/fft17_mf16519.jpg\" alt=\"\" width=\"207\" height=\"270\" \/><\/p>\n<p class=\"MG_b\" style=\"margin-left: 5px; text-align: justify;\">\u0130srail Ba\u015fbakan\u0131 Ehud Olmert\u2019in Suriye Devlet Ba\u015fkan\u0131 Be\u015far Esad\u2019a, m\u00fczakere masas\u0131na oturulmas\u0131 i\u00e7in \u00e7o\u011fu Ba\u015fbakan Tayyip Erdo\u011fan arac\u0131l\u0131\u011f\u0131yla 20 mesaj g\u00f6nderdi\u011fi bildirildi.<\/p>\n<div style=\"margin-left: 5px; text-align: justify;\">\n<p>\u0130srail Ba\u015fbakan\u0131 Ehud Olmert\u2019in son bir y\u0131lda Suriye Devlet Ba\u015fkan\u0131 Be\u015far Esad\u2019a 20 kadar mesaj g\u00f6nderdi\u011fi ve \u0130srail\u2019in Suriye ile temas kurma \u00e7abalar\u0131n\u0131n \u00e7o\u011funun Ba\u015fbakan Recep Tayyip Erdo\u011fan\u2019\u0131n arac\u0131l\u0131\u011f\u0131yla yap\u0131ld\u0131\u011f\u0131 belirtildi.<br \/>\n\u0130srail g\u00fcvenlik kabinesinde yer alan bir bakan\u0131n, kimli\u011finin a\u00e7\u0131klanmamas\u0131 ko\u015fuluyla \u0130srail gazetesi Haaretz\u2019e yapt\u0131\u011f\u0131 a\u00e7\u0131klamaya g\u00f6re, Olmert, Esad\u2019a g\u00f6nderdi\u011fi mesajlarla, Suriye ile bar\u0131\u015f g\u00f6r\u00fc\u015fmelerine yeniden ba\u015flanmas\u0131 i\u00e7in zemin yoklamay\u0131 ama\u00e7l\u0131yordu. Ancak Esad\u2019\u0131n \u0130srail\u2019in her giri\u015fimine olumsuz yan\u0131t verdi\u011fi, iki \u00fclke aras\u0131nda arac\u0131l\u0131k yapan ki\u015filerin her seferinde elleri bo\u015f d\u00f6nd\u00fckleri belirtildi.<br \/>\n\u0130srail-Suriye aras\u0131nda temas kurma \u00e7al\u0131\u015fmalar\u0131nda en fazla ba\u015fvurulan ki\u015finin Ba\u015fbakan Erdo\u011fan oldu\u011fu, ancak Erdo\u011fan\u2019\u0131n yan\u0131 s\u0131ra ABD Kongresi \u00fcyeleri ile baz\u0131 Avrupal\u0131 yetkililerin de arac\u0131l\u0131k yapt\u0131\u011f\u0131 kaydedildi.<!--more--><br \/>\n\u0130srailli bakan, \u201cEl\u00e7ilerin hepsi \u015eam\u2019dan elleri bo\u015f d\u00f6nd\u00fc. Esad\u2019\u0131n, Suriye rejiminde \u0130sraille g\u00f6r\u00fc\u015fmeye kar\u015f\u0131 olan ve \u0130ran ile ittifak\u0131 bozmak istemeyen \u00fcst d\u00fczey fig\u00fcrlerin esiri oldu\u011fu izlenimini edindik\u201d dedi. Bakan, \u0130srail\u2019in mesajlar\u0131n\u0131 Suriye\u2019ye ileten yabanc\u0131 yetkililerin, Esad\u2019\u0131n ofisinde \u0130ran Cumhurba\u015fkan\u0131 Mahmud Ahmedinecad ile Hizbullah lideri Hasan Nasrallah\u2019\u0131n foto\u011fraflar\u0131n\u0131 g\u00f6r\u00fcp \u015fa\u015f\u0131rd\u0131klar\u0131n\u0131 s\u00f6yledi.<br \/>\nSuriye ile temas kurma giri\u015fiminin ba\u015far\u0131s\u0131z olmas\u0131n\u0131n ard\u0131ndan \u0130srail Ba\u015fbakan\u0131 Olmert\u2019in, \u015fu anda \u015eam y\u00f6netimi ile m\u00fczakerelere ba\u015flanmas\u0131n\u0131n m\u00fcmk\u00fcn olmad\u0131\u011f\u0131 g\u00f6r\u00fc\u015f\u00fcne vard\u0131\u011f\u0131 belirtildi.<br \/>\n\u0130srail Savunma Bakan\u0131 Ehud Barak da, ge\u00e7en cuma g\u00fcn\u00fc Avrupal\u0131 b\u00fcy\u00fckel\u00e7ilerle yapt\u0131\u011f\u0131 g\u00f6r\u00fc\u015fmede, \u201cSonunda \u0130srail Suriye ile ya sava\u015f meydan\u0131nda ya da m\u00fczakere masas\u0131nda bulu\u015facak. \u0130srail Suriye ile m\u00fczakerelerin ba\u015flamas\u0131n\u0131 ve bu \u00fclkenin a\u015f\u0131r\u0131 u\u00e7tan \u00e7\u0131kar\u0131lmas\u0131n\u0131 d\u0131\u015f siyasetinin ana hedefi olarak de\u011ferlendirmektedir\u201d dedi.<\/p>\n<p style=\"text-align: justify;\"><strong>Rice \u0130srail\u2019de<\/strong><br \/>\nBu arada ABD D\u0131\u015fi\u015fleri Bakan\u0131 Condoleezza Rice, \u00f6nceki g\u00fcn \u0130srail\u2019e giderek bir ay i\u00e7inde ikinci kez b\u00f6lgeyi ziyaret etmi\u015f oldu. Rice d\u00fcn \u0130srail D\u0131\u015fi\u015fleri Bakan\u0131 Tzipi Livni ile g\u00f6r\u00fc\u015fmesinin Filistin devletinin ya\u015fama ge\u00e7irilmesi i\u00e7in taraflara ortak sorumluluk d\u00fc\u015ft\u00fc\u011f\u00fcn\u00fc s\u00f6yledi. Rice, Filistinlilerin ekonomik s\u0131k\u0131nt\u0131lar\u0131n\u0131n, \u0130srail\u2019in de g\u00fcvenlikle ilgili endi\u015felerinin giderilmesi i\u00e7in her iki taraf\u0131n da anlaml\u0131 ad\u0131mlar atmas\u0131n\u0131 umdu\u011funu belirtti.<br \/>\nTzipi Livni de Filistinliler taraf\u0131ndan g\u00fcvenlikle ilgili ad\u0131mlar at\u0131lmas\u0131 halinde \u0130srail taraf\u0131n\u0131n harekete ge\u00e7meye haz\u0131r oldu\u011funu s\u00f6yledi. <span style=\"color: #888888;\">Kaynak: Milliyet \u011eazetesi<\/span><\/p>\n<\/div>\n","protected":false},"excerpt":{"rendered":"<p style=\"text-align: center;\">\n<p class=\"MG_b\" style=\"margin-left: 5px; text-align: justify;\">\u0130srail Ba\u015fbakan\u0131 Ehud Olmert\u2019in Suriye Devlet Ba\u015fkan\u0131 Be\u015far Esad\u2019a, m\u00fczakere masas\u0131na oturulmas\u0131 i\u00e7in \u00e7o\u011fu Ba\u015fbakan Tayyip Erdo\u011fan arac\u0131l\u0131\u011f\u0131yla 20 mesaj g\u00f6nderdi\u011fi bildirildi.<\/p>\n<p>\u0130srail Ba\u015fbakan\u0131 Ehud Olmert\u2019in son bir y\u0131lda Suriye Devlet Ba\u015fkan\u0131 Be\u015far Esad\u2019a 20 kadar mesaj g\u00f6nderdi\u011fi ve \u0130srail\u2019in Suriye ile temas kurma \u00e7abalar\u0131n\u0131n \u00e7o\u011funun Ba\u015fbakan <\/p>\n","protected":false},"author":1,"featured_media":0,"comment_status":"open","ping_status":"open","sticky":false,"template":"","format":"standard","meta":{"footnotes":""},"categories":[3],"tags":[],"class_list":["post-191","post","type-post","status-publish","format-standard","hentry","category-dunya","odd"],"_links":{"self":[{"href":"http:\/\/www.korhanyilmaz.com\/index.php?rest_route=\/wp\/v2\/posts\/191","targetHints":{"allow":["GET"]}}],"collection":[{"href":"http:\/\/www.korhanyilmaz.com\/index.php?rest_route=\/wp\/v2\/posts"}],"about":[{"href":"http:\/\/www.korhanyilmaz.com\/index.php?rest_route=\/wp\/v2\/types\/post"}],"author":[{"embeddable":true,"href":"http:\/\/www.korhanyilmaz.com\/index.php?rest_route=\/wp\/v2\/users\/1"}],"replies":[{"embeddable":true,"href":"http:\/\/www.korhanyilmaz.com\/index.php?rest_route=%2Fwp%2Fv2%2Fcomments&post=191"}],"version-history":[{"count":0,"href":"http:\/\/www.korhanyilmaz.com\/index.php?rest_route=\/wp\/v2\/posts\/191\/revisions"}],"wp:attachment":[{"href":"http:\/\/www.korhanyilmaz.com\/index.php?rest_route=%2Fwp%2Fv2%2Fmedia&parent=191"}],"wp:term":[{"taxonomy":"category","embeddable":true,"href":"http:\/\/www.korhanyilmaz.com\/index.php?rest_route=%2Fwp%2Fv2%2Fcategories&post=191"},{"taxonomy":"post_tag","embeddable":true,"href":"http:\/\/www.korhanyilmaz.com\/index.php?rest_route=%2Fwp%2Fv2%2Ftags&post=191"}],"curies":[{"name":"wp","href":"https:\/\/api.w.org\/{rel}","templated":true}]}}