{"id":18935,"date":"2010-02-06T16:46:31","date_gmt":"2010-02-06T14:46:31","guid":{"rendered":"http:\/\/www.korhanyilmaz.com\/?p=18935"},"modified":"2010-02-06T16:46:31","modified_gmt":"2010-02-06T14:46:31","slug":"butun-etnik-kimliklerden-ozur-diliyorum","status":"publish","type":"post","link":"http:\/\/www.korhanyilmaz.com\/?p=18935","title":{"rendered":"&#039;B\u00fct\u00fcn etnik kimliklerden \u00f6z\u00fcr diliyorum&#039;"},"content":{"rendered":"<p style=\"text-align: justify;\"><a href=\"http:\/\/www.korhanyilmaz.com\/wp-content\/uploads\/2010\/02\/baydemir.jpg\"  class=\"lightview\"><img loading=\"lazy\" decoding=\"async\" class=\"aligncenter size-full wp-image-18936\" src=\"http:\/\/www.korhanyilmaz.com\/wp-content\/uploads\/2010\/02\/baydemir.jpg\" alt=\"\" width=\"350\" height=\"210\" \/><\/a><\/p>\n<p style=\"text-align: justify;\"><strong>Osman Baydemir \u2018Mezopotamya 1\u2019inci \u0130nan\u00e7 \u00c7al\u0131\u015ftay\u0131\u2019nda konu\u015ftu<\/strong><\/p>\n<p style=\"text-align: justify;\">Mardin\u2019de farkl\u0131 dinler ve k\u00fclt\u00fcrlerden insanlar\u0131n bulu\u015ftu\u011fu \u2018Mezopotamya 1\u2019inci \u0130nan\u00e7 \u00c7al\u0131\u015ftay\u0131\u2019nda konu\u015fan Diyarbak\u0131r B\u00fcy\u00fck\u015fehir Belediye Ba\u015fkan\u0131 BDP&#8217;li Osman Baydemir, G\u00fcneydo\u011fu\u2019da ya\u015fayan b\u00fct\u00fcn etnik kimliklerden \u00f6z\u00fcr dile\u011fini belirtti. Baydemir, \u201cB\u00fcy\u00fck ac\u0131 ve trajedi ya\u015fad\u0131n\u0131z. G\u00f6\u00e7 etmek zorunda kald\u0131n\u0131z. Ama bereketi de, bar\u0131\u015f\u0131 da beraberinizde g\u00f6t\u00fcrd\u00fcn\u00fcz. Ge\u00e7mi\u015fle y\u00fczle\u015fmemi\u015f gerekir\u201d dedi. <!--more--><\/p>\n<p style=\"text-align: justify;\">Demokratik Toplum Kongresi (DTK) taraf\u0131ndan Mardin\u2019de d\u00fczenlenen \u2018Mezopotamya 1\u2019inci \u0130nan\u00e7 \u00c7al\u0131\u015ftay\u0131\u2019na aralar\u0131nda akademisyenler, Alevi, Yezidi, S\u00fcryani, Ermeni, \u0130slam ve H\u0131ristiyan inan\u00e7lar\u0131ndaki yakla\u015f\u0131k 70 ki\u015fi kat\u0131ld\u0131. \u0130ki g\u00fcn s\u00fcrecek \u00e7al\u0131\u015ftayda, \u2018Mezopotamya men\u015feili inan\u00e7lar\u0131n ve k\u00fclt\u00fcrlerin tarihi ge\u00e7mi\u015fi ve g\u00fcn\u00fcm\u00fcze etkisi\u2019, \u2018Farkl\u0131 inan\u00e7lar\u0131n ve k\u00fclt\u00fcrlerin bir arada ya\u015famas\u0131 ve inanca DTK\u2019n\u0131n yakla\u015f\u0131m\u0131\u2019, \u2018T\u00fcrkiye\u2019de laiklik anlay\u0131\u015f\u0131n\u0131n \u00e7arp\u0131kl\u0131\u011f\u0131 ve DTK\u2019n\u0131n laiklik anlay\u0131\u015f\u0131\u2019 ba\u015fl\u0131klar\u0131 alt\u0131nda tart\u0131\u015fmalar y\u00fcr\u00fct\u00fclecek.<\/p>\n<p style=\"text-align: justify;\"><strong>BAYDEM\u0130R: ETN\u0130K K\u0130ML\u0130KLERDEN \u00d6Z\u00dcR D\u0130L\u0130YORUM<\/strong><\/p>\n<p style=\"text-align: justify;\">\u00c7al\u0131\u015ftay\u0131n a\u00e7\u0131l\u0131\u015f\u0131nda konu\u015fan Diyarbak\u0131r B\u00fcy\u00fck\u015fehir Belediye Ba\u015fkan\u0131 Osman Baydemir, konu\u015fmas\u0131na \u201cBu co\u011frafyada ya\u015fayan b\u00fct\u00fcn etnik kimliklerden \u00f6z\u00fcr diliyorum\u201d diyerek ba\u015flad\u0131. Mardin\u2019de bir araya gelmenin ay\u0131rt edici \u00f6zelli\u011fi bulundu\u011funu belirten Baydemir, \u201cKud\u00fcs m\u00fc Mardin\u2019den etkilenmi\u015f, Mardin mi Kud\u00fcs\u2019ten etkilenmi\u015f\u2019 tart\u0131\u015fmalar\u0131 tart\u0131\u015f\u0131ladursun, biz burada bu k\u00fclt\u00fcrlerle bir aradaysak bizce Kud\u00fcs etkilenmi\u015ftir. Bir ka\u00e7 ki\u015fiyi reddetmek, birilerini kabul etmek olmamal\u0131\u201d dedi.<\/p>\n<p style=\"text-align: justify;\"><strong>LA\u0130KL\u0130K ZENG\u0130NL\u0130KL\u0130KLER\u0130 KABUL ETMEKT\u0130R<\/strong><\/p>\n<p style=\"text-align: justify;\">Devletin birinci g\u00f6revinin ve zorunlulu\u011funun b\u00fct\u00fcn zenginlikleri kabul etmek oldu\u011funu ifade eden Baydemir \u015f\u00f6yle konu\u015ftu:<\/p>\n<p style=\"text-align: justify;\">\u201cHerkese kar\u015f\u0131 e\u015fit mesafede olmak gerek. Bana g\u00f6re laiklik budur. Malesef bu \u00fclke bundan olduk\u00e7a uzak. \u0130nan\u00e7lar aras\u0131ndaki ili\u015fkilerde adil olmak gerekti\u011fini d\u00fc\u015f\u00fcn\u00fcyorum. Di\u011fer etnik kimliklerimize y\u00f6nelik k\u00fcf\u00fcrl\u00fc davran\u0131\u015f bi\u00e7imleri vard\u0131r. Bunlar\u0131 ay\u0131klamak i\u00e7in h\u0131zla \u00e7al\u0131\u015fmak gerekir. Kendi ad\u0131ma s\u00f6ylemek gerekirse, kaybedilmi\u015f dedelerin torunu olarak, daha fazla ge\u00e7 kalmamam\u0131z gerekir. \u0130nsanlar g\u00f6\u00e7 etmek zorunda kald\u0131lar bu co\u011frafyadan. Bug\u00fcn kentim Diyarbak\u0131r\u2019da, Ermeni say\u0131s\u0131 y\u00fczde 1-2&#8217;yi ge\u00e7memektedir. Eskiden yap\u0131lan n\u00fcfus say\u0131mlar\u0131nda y\u00fczde 40 civar\u0131nda n\u00fcfuslar\u0131 vard\u0131. Bu trajediyi hafifletmez. Bu co\u011frafyada ya\u015fayan b\u00fct\u00fcn etnik kimlikler, sizler b\u00fcy\u00fck ac\u0131 ve trajedi ya\u015fad\u0131n\u0131z. G\u00f6\u00e7 etmek zorunda kald\u0131n\u0131z. Ama eminim siz kaybetmediniz, biz kaybettik. Bereketi de, bar\u0131\u015f\u0131 da beraberinizde g\u00f6t\u00fcrd\u00fcn\u00fcz. Ge\u00e7mi\u015fle y\u00fczle\u015fmemi\u015f gerekir. Hepimizin yapaca\u011f\u0131 \u00e7ok \u015fey var\u201d<\/p>\n<p style=\"text-align: justify;\"><span style=\"color: #888888;\">Kaynak : Haber1.com<\/span><\/p>\n","protected":false},"excerpt":{"rendered":"<p style=\"text-align: justify;\">\n<p style=\"text-align: justify;\">Osman Baydemir \u2018Mezopotamya 1\u2019inci \u0130nan\u00e7 \u00c7al\u0131\u015ftay\u0131\u2019nda konu\u015ftu<\/p>\n<p style=\"text-align: justify;\">Mardin\u2019de farkl\u0131 dinler ve k\u00fclt\u00fcrlerden insanlar\u0131n bulu\u015ftu\u011fu \u2018Mezopotamya 1\u2019inci \u0130nan\u00e7 \u00c7al\u0131\u015ftay\u0131\u2019nda konu\u015fan Diyarbak\u0131r B\u00fcy\u00fck\u015fehir Belediye Ba\u015fkan\u0131 BDP&#8217;li Osman Baydemir, G\u00fcneydo\u011fu\u2019da ya\u015fayan b\u00fct\u00fcn etnik kimliklerden \u00f6z\u00fcr dile\u011fini belirtti. Baydemir, \u201cB\u00fcy\u00fck ac\u0131 ve trajedi ya\u015fad\u0131n\u0131z. G\u00f6\u00e7 etmek zorunda kald\u0131n\u0131z. Ama bereketi de, bar\u0131\u015f\u0131 <\/p>\n","protected":false},"author":1,"featured_media":0,"comment_status":"open","ping_status":"closed","sticky":false,"template":"","format":"standard","meta":{"footnotes":""},"categories":[105],"tags":[],"class_list":["post-18935","post","type-post","status-publish","format-standard","hentry","category-gundem","odd"],"_links":{"self":[{"href":"http:\/\/www.korhanyilmaz.com\/index.php?rest_route=\/wp\/v2\/posts\/18935","targetHints":{"allow":["GET"]}}],"collection":[{"href":"http:\/\/www.korhanyilmaz.com\/index.php?rest_route=\/wp\/v2\/posts"}],"about":[{"href":"http:\/\/www.korhanyilmaz.com\/index.php?rest_route=\/wp\/v2\/types\/post"}],"author":[{"embeddable":true,"href":"http:\/\/www.korhanyilmaz.com\/index.php?rest_route=\/wp\/v2\/users\/1"}],"replies":[{"embeddable":true,"href":"http:\/\/www.korhanyilmaz.com\/index.php?rest_route=%2Fwp%2Fv2%2Fcomments&post=18935"}],"version-history":[{"count":0,"href":"http:\/\/www.korhanyilmaz.com\/index.php?rest_route=\/wp\/v2\/posts\/18935\/revisions"}],"wp:attachment":[{"href":"http:\/\/www.korhanyilmaz.com\/index.php?rest_route=%2Fwp%2Fv2%2Fmedia&parent=18935"}],"wp:term":[{"taxonomy":"category","embeddable":true,"href":"http:\/\/www.korhanyilmaz.com\/index.php?rest_route=%2Fwp%2Fv2%2Fcategories&post=18935"},{"taxonomy":"post_tag","embeddable":true,"href":"http:\/\/www.korhanyilmaz.com\/index.php?rest_route=%2Fwp%2Fv2%2Ftags&post=18935"}],"curies":[{"name":"wp","href":"https:\/\/api.w.org\/{rel}","templated":true}]}}