{"id":18845,"date":"2010-02-04T16:12:52","date_gmt":"2010-02-04T14:12:52","guid":{"rendered":"http:\/\/www.korhanyilmaz.com\/?p=18845"},"modified":"2010-02-04T16:12:52","modified_gmt":"2010-02-04T14:12:52","slug":"hukumetten-iscilere-sok-suclama","status":"publish","type":"post","link":"http:\/\/www.korhanyilmaz.com\/?p=18845","title":{"rendered":"H\u00fck\u00fcmetten i\u015f\u00e7ilere \u015fok su\u00e7lama"},"content":{"rendered":"<p style=\"text-align: justify;\"><a href=\"http:\/\/www.korhanyilmaz.com\/wp-content\/uploads\/2010\/02\/S\u0130MSEK.jpg\"  class=\"lightview\"><img loading=\"lazy\" decoding=\"async\" class=\"aligncenter size-full wp-image-18866\" src=\"http:\/\/www.korhanyilmaz.com\/wp-content\/uploads\/2010\/02\/S\u0130MSEK.jpg\" alt=\"\" width=\"320\" height=\"100\" \/><\/a><\/p>\n<p style=\"text-align: justify;\">Maliye Bakan\u0131 Mehmet \u015eim\u015fek, Tekel i\u015f\u00e7ilerinin eylemine ili\u015fkin \u201cHak arama mukaddestir, ancak bu hak arama m\u00fccadelesi h\u00fck\u00fcmete kar\u015f\u0131 komploya d\u00f6n\u00fc\u015fm\u00fc\u015ft\u00fcr, siyasi istikrar\u0131 bozmaya y\u00f6nelik eyleme d\u00f6n\u00fc\u015fm\u00fc\u015ft\u00fcr\u201d dedi. <!--more--><\/p>\n<p style=\"text-align: justify;\">TV 24\u2019te bir programa kat\u0131lan Maliye Bakan\u0131 \u015eim\u015fek, Tekel i\u015f\u00e7ilerinin Ankara\u2019da yakla\u015f\u0131k 50 g\u00fcnd\u00fcr s\u00fcrd\u00fcrd\u00fc\u011f\u00fc eylem ve sendikalar\u0131n bir g\u00fcnl\u00fck i\u015f b\u0131rakma eylemine ili\u015fkin de\u011ferlendirmelerde bulundu.<\/p>\n<p style=\"text-align: justify;\">Eylemlere ili\u015fkin sendikalar\u0131 ele\u015ftiren \u015eim\u015fek, sendikalar\u0131n Tekel i\u015f\u00e7ilerinden \u00e7ok kendi \u00e7\u0131karlar\u0131n\u0131 d\u00fc\u015f\u00fcnd\u00fc\u011f\u00fcn\u00fc, Tekel i\u015f\u00e7ilerinin 4\/C\u2019ye ge\u00e7mesiyle birlikte sendikalar\u0131n y\u0131ll\u0131k 4,9 milyon liral\u0131k gelir kayb\u0131na u\u011frayaca\u011f\u0131n\u0131 bildirdi.<\/p>\n<p style=\"text-align: justify;\">Tekel i\u015f\u00e7ilerin eylemlerine neden olan 4\/C stat\u00fcs\u00fc ile ilgili \u00e7ok \u00f6nemli iyile\u015ftirmeler yap\u0131ld\u0131\u011f\u0131na dikkati \u00e7eken Bakan \u015eim\u015fek, yap\u0131lan d\u00fczenleme ile 4\/C stat\u00fcs\u00fcnde \u00e7al\u0131\u015fan i\u015f\u00e7ilerin \u00fccretlerinde ortalama y\u00fczde 27\u2019lik art\u0131\u015f yap\u0131ld\u0131\u011f\u0131n\u0131 kaydetti.<\/p>\n<p style=\"text-align: justify;\">Ayr\u0131ca, y\u0131ll\u0131k 10 ay olan \u00e7al\u0131\u015fma s\u00fcresi 11 aya, y\u0131ll\u0131k 11 g\u00fcn olan \u00fccretli izin s\u00fcresi de 22 g\u00fcne \u00e7\u0131kar\u0131ld\u0131\u011f\u0131na i\u015faret eden \u015eim\u015fek, yap\u0131lan zamla ilkokul mezunu bir i\u015f\u00e7inin \u00fccreti 770 liraya y\u00fckseldi\u011fini ifade etti.<\/p>\n<p style=\"text-align: justify;\"><strong><em>\u201cMEMUR YAPSAK Y\u0130NE EYLEM YAPARLAR\u201d <\/em><\/strong><\/p>\n<p style=\"text-align: justify;\">Tekel i\u015f\u00e7ilerinin eylemlerinin yap\u0131lan t\u00fcm iyile\u015ftirmelere ra\u011fmen devam etmesinin, \u201chak arama m\u00fccadelesi\u201d olarak g\u00f6r\u00fclemeyece\u011fini bildiren \u015eim\u015fek, burada as\u0131l sorunun i\u015f\u00e7ilerin \u00fccret kayb\u0131ndan \u00e7ok, sendikalar\u0131n \u00fcye kayb\u0131 oldu\u011funu kaydetti.<\/p>\n<p style=\"text-align: justify;\">Yakla\u015f\u0131k 8 bin 300 i\u015f\u00e7inin 4\/C\u2019li olarak \u00e7al\u0131\u015fmas\u0131 halinde as\u0131l kayb\u0131n sendikalarda olaca\u011f\u0131n\u0131 ifade eden \u015eim\u015fek, \u201cBiz Tekel i\u015f\u00e7ilerin hepsini memur bile yapsak, yine eylemler devam eder. \u00c7\u00fcnk\u00fc burada, sendikalar\u0131n b\u00fcy\u00fck kayb\u0131 olacak. Bug\u00fcn Tekel i\u015f\u00e7isi ayl\u0131k olarak sendikaya yakla\u015f\u0131k 50 lira aidat \u00f6d\u00fcyor. \u0130\u015f\u00e7ilerin hepsinin 4\/C\u2019li olmas\u0131 ile birlikte sendikalar y\u0131ll\u0131k 4,9 milyon liral\u0131k gelir kayb\u0131na u\u011frayacak. Ayr\u0131ca, yine sendikalar 8 bin 300 i\u015f\u00e7iden olacak\u201d diye konu\u015ftu.<\/p>\n<p style=\"text-align: justify;\">\u201cEYLEM HAK ARAMAKTAN \u00c7IKTI\u201d<\/p>\n<p style=\"text-align: justify;\">\u015eim\u015fek, sendikalar\u0131n Tekel i\u015f\u00e7ilerinin hak kay\u0131plar\u0131yla \u00e7ok fazla ilgilenmedi\u011fini bildirerek, \u015funlar\u0131 kaydetti:<\/p>\n<p style=\"text-align: justify;\">\u201cBurada i\u015f\u00e7iler yanl\u0131\u015f y\u00f6nlendiriliyor. \u0130\u015f\u00e7ileri ister Hakkari\u2019ye g\u00f6nderin, isterseniz asgari \u00fccretle \u00e7al\u0131\u015ft\u0131r\u0131n. Sendikalar\u0131 \u00e7ok fazla ilgilendirmiyor. Onlar\u0131n s\u0131k\u0131nt\u0131s\u0131, \u00fcye ve gelir kayb\u0131d\u0131r. Hak arama kutsald\u0131r, mukaddestir. Ancak, Tekel i\u015f\u00e7ilerin eylemi hak aramaktan \u00e7\u0131km\u0131\u015ft\u0131r. H\u00fck\u00fcmete kar\u015f\u0131 komploya d\u00f6n\u00fc\u015fm\u00fc\u015ft\u00fcr. Siyasi istikrara tehdit etmeye ba\u015flam\u0131\u015ft\u0131r.\u201d<\/p>\n<p style=\"text-align: justify;\"><strong><em>\u201c\u0130\u015e\u00c7\u0130LER BAT\u2019IN TEKL\u0130F\u0130N\u0130 KABUL ETMED\u0130\u201d <\/em><\/strong><\/p>\n<p style=\"text-align: justify;\">Tekel\u2019in \u00f6zelle\u015ftirme s\u00fcrecinin kendi h\u00fck\u00fcmetleri d\u00f6neminde ba\u015flamad\u0131\u011f\u0131na i\u015faret eden \u015eim\u015fek, Tekel\u2019in, d\u00f6nemin ba\u015fbakan\u0131 B\u00fclent Ecevit zaman\u0131nda, MHP\u2019nin de koalisyon orta\u011f\u0131 h\u00fck\u00fcmet d\u00f6neminde \u00f6zelle\u015ftirme kapsam\u0131na al\u0131nd\u0131\u011f\u0131n\u0131 hat\u0131rlatt\u0131.<\/p>\n<p style=\"text-align: justify;\">\u00d6zelle\u015ftirme s\u00fcrecinde ise Tekel\u2019i sat\u0131n alan BAT \u015firketinin, Tekel i\u015f\u00e7ilerine i\u015f teklifinde bulundu\u011funu belirten \u015eim\u015fek, \u201c\u015eirket, i\u015f\u00e7ilere y\u00fczde 10 zam, \u00fc\u00e7 y\u0131l i\u015f garantisi, ta\u015f\u0131ma masraflar\u0131n\u0131 kar\u015f\u0131lama ve kira yard\u0131m\u0131 \u00f6nermi\u015ftir. Yakla\u015f\u0131k 12 bin i\u015f\u00e7iden sadece 150-200 i\u015f\u00e7i bu teklifi kabul ederek \u015firket ad\u0131na \u00e7al\u0131\u015fmaya ba\u015flam\u0131\u015ft\u0131r. Geri kalan i\u015f\u00e7iler ise, devlette kalmay\u0131 tercih etmi\u015ftir\u201d diye konu\u015ftu.<\/p>\n<p style=\"text-align: justify;\">Ankara\u2019da eylem yapan i\u015f\u00e7ilerin d\u0131\u015f\u0131nda bir \u00e7ok Tekel i\u015f\u00e7isinin 4\/C\u2019de \u00e7al\u0131\u015fmak i\u00e7in ba\u015fvuruda bulundu\u011funa dikkati \u00e7eken \u015eim\u015fek, ilk iki g\u00fcnde 450 i\u015f\u00e7inin 4\/C\u2019li \u00e7al\u0131\u015fmak i\u00e7in ba\u015fvuruda bulundu\u011fu bildirdi.<\/p>\n<p style=\"text-align: justify;\">\u015eim\u015fek ayr\u0131ca, yakla\u015f\u0131k 4 bin 500 i\u015f\u00e7inin de hesaplar\u0131na yat\u0131r\u0131lan paray\u0131 \u00e7ekti\u011fini ifade ederek, \u015funlar\u0131 s\u00f6yledi:<\/p>\n<p style=\"text-align: justify;\">\u201c4\/C\u2019li \u00e7al\u0131\u015fmak i\u00e7in erken ba\u015fvuran i\u015f\u00e7iler, 15 \u015eubat\u2019ta maa\u015f alma hakk\u0131 elde edecekler. B\u00f6ylece, \u00fccret kayb\u0131 olmayacak. Ayr\u0131ca, ilk ba\u015fvuran i\u015f\u00e7ilerin ayn\u0131 ilde g\u00f6revlendirme imkan\u0131 daha \u00e7ok olacak. \u00c7\u00fcnk\u00fc, ayn\u0131 ilde kamu kurumlar\u0131n personel ihtiyac\u0131, s\u00f6z konusu ilde bulunan Tekel i\u015f\u00e7ilerinin say\u0131s\u0131na yeterli gelmiyor. Bu nedenle erken ba\u015fvuruda bulunmak b\u00fcy\u00fck \u00f6nem ta\u015f\u0131yor.\u201d<\/p>\n<p style=\"text-align: justify;\"><span style=\"color: #888888;\">Kaynak : Haber1.com<\/span><\/p>\n","protected":false},"excerpt":{"rendered":"<p style=\"text-align: justify;\">\n<p style=\"text-align: justify;\">Maliye Bakan\u0131 Mehmet \u015eim\u015fek, Tekel i\u015f\u00e7ilerinin eylemine ili\u015fkin \u201cHak arama mukaddestir, ancak bu hak arama m\u00fccadelesi h\u00fck\u00fcmete kar\u015f\u0131 komploya d\u00f6n\u00fc\u015fm\u00fc\u015ft\u00fcr, siyasi istikrar\u0131 bozmaya y\u00f6nelik eyleme d\u00f6n\u00fc\u015fm\u00fc\u015ft\u00fcr\u201d dedi. <\/p>\n","protected":false},"author":1,"featured_media":0,"comment_status":"open","ping_status":"closed","sticky":false,"template":"","format":"standard","meta":{"footnotes":""},"categories":[105],"tags":[],"class_list":["post-18845","post","type-post","status-publish","format-standard","hentry","category-gundem","odd"],"_links":{"self":[{"href":"http:\/\/www.korhanyilmaz.com\/index.php?rest_route=\/wp\/v2\/posts\/18845","targetHints":{"allow":["GET"]}}],"collection":[{"href":"http:\/\/www.korhanyilmaz.com\/index.php?rest_route=\/wp\/v2\/posts"}],"about":[{"href":"http:\/\/www.korhanyilmaz.com\/index.php?rest_route=\/wp\/v2\/types\/post"}],"author":[{"embeddable":true,"href":"http:\/\/www.korhanyilmaz.com\/index.php?rest_route=\/wp\/v2\/users\/1"}],"replies":[{"embeddable":true,"href":"http:\/\/www.korhanyilmaz.com\/index.php?rest_route=%2Fwp%2Fv2%2Fcomments&post=18845"}],"version-history":[{"count":0,"href":"http:\/\/www.korhanyilmaz.com\/index.php?rest_route=\/wp\/v2\/posts\/18845\/revisions"}],"wp:attachment":[{"href":"http:\/\/www.korhanyilmaz.com\/index.php?rest_route=%2Fwp%2Fv2%2Fmedia&parent=18845"}],"wp:term":[{"taxonomy":"category","embeddable":true,"href":"http:\/\/www.korhanyilmaz.com\/index.php?rest_route=%2Fwp%2Fv2%2Fcategories&post=18845"},{"taxonomy":"post_tag","embeddable":true,"href":"http:\/\/www.korhanyilmaz.com\/index.php?rest_route=%2Fwp%2Fv2%2Ftags&post=18845"}],"curies":[{"name":"wp","href":"https:\/\/api.w.org\/{rel}","templated":true}]}}