{"id":18838,"date":"2010-02-04T15:33:31","date_gmt":"2010-02-04T13:33:31","guid":{"rendered":"http:\/\/www.korhanyilmaz.com\/?p=18838"},"modified":"2010-02-04T15:33:31","modified_gmt":"2010-02-04T13:33:31","slug":"skandal-atamaya-koskten-onay","status":"publish","type":"post","link":"http:\/\/www.korhanyilmaz.com\/?p=18838","title":{"rendered":"Skandal atamaya K\u00f6\u015fk&#039;ten onay"},"content":{"rendered":"<p style=\"text-align: center;\"><a href=\"http:\/\/www.korhanyilmaz.com\/wp-content\/uploads\/2010\/02\/ATAMA.jpg\"  class=\"lightview\"><img loading=\"lazy\" decoding=\"async\" class=\"size-full wp-image-18839 aligncenter\" src=\"http:\/\/www.korhanyilmaz.com\/wp-content\/uploads\/2010\/02\/ATAMA.jpg\" alt=\"\" width=\"350\" height=\"210\" \/><\/a><\/p>\n<p style=\"text-align: justify;\">Y\u00d6K&#8217;\u00fcn hakk\u0131nda profes\u00f6rl\u00fc\u011f\u00fc ile ilgili soru\u015fturma y\u00fcr\u00fctt\u00fc\u011f\u00fc rekt\u00f6r aday\u0131, Abant \u0130zzet Baysal \u00dcniversitesi&#8217;nde rekt\u00f6r olarak atand\u0131.<\/p>\n<p style=\"text-align: justify;\">Y\u00d6K&#8217;\u00fcn \u00fcniversitedeki se\u00e7imlerde en \u00e7ok oy alan aday yerine birinci s\u0131raya y\u00fckseltti\u011fi Hayri \u00c7o\u015fkun hakk\u0131nda halen soru\u015fturma devam ediyor.<!--more--><\/p>\n<p style=\"text-align: justify;\">Y\u00d6K&#8217;\u00fcn haz\u0131rlad\u0131\u011f\u0131 listedeki skandal \u0130zzet Baysal Vakf\u0131 Ba\u015fkan\u0131 Ahmet Baysal taraf\u0131ndan da dile getirilmi\u015f ve Cumhurba\u015fkan\u0131 G\u00fcl&#8217;den randevu talebi olumsuz kar\u015f\u0131lanm\u0131\u015ft\u0131.<\/p>\n<p style=\"text-align: justify;\">K\u0131r\u0131kkale \u00dcniversitesi Rekt\u00f6rl\u00fc\u011f\u00fcne Prof. Dr. Ekrem Y\u0131ld\u0131z, Abant \u0130zzet Baysal \u00dcniversitesi Rekt\u00f6rl\u00fc\u011f\u00fcne ise Prof. Dr. Hayri Co\u015fkun atand\u0131.<\/p>\n<p style=\"text-align: justify;\">Cumhurba\u015fkanl\u0131\u011f\u0131 Bas\u0131n Merkezinden yap\u0131lan a\u00e7\u0131klamaya g\u00f6re, Cumhurba\u015fkan\u0131 Abdullah G\u00fcl, T\u00fcrkiye Cumhuriyeti Anayasas\u0131\u2019n\u0131n 130. ve 2547 Say\u0131l\u0131 Y\u00fcksek\u00f6\u011fretim Kanunu\u2019nun 13. maddeleri uyar\u0131nca, Y\u00fcksek\u00f6\u011fretim Kurulunun \u00f6nerdi\u011fi adaylar aras\u0131ndan K\u0131r\u0131kkale \u00dcniversitesi Rekt\u00f6rl\u00fc\u011f\u00fcne Prof. Dr. Ekrem Y\u0131ld\u0131z\u2019\u0131, Abant \u0130zzet Baysal \u00dcniversitesi Rekt\u00f6rl\u00fc\u011f\u00fcne ise Prof. Dr. Hayri Co\u015fkun\u2019u atad\u0131.<\/p>\n<p style=\"text-align: justify;\"><span style=\"color: #888888;\">Kaynak : Haber1.com<\/span><\/p>\n","protected":false},"excerpt":{"rendered":"<p style=\"text-align: center;\">\n<p style=\"text-align: justify;\">Y\u00d6K&#8217;\u00fcn hakk\u0131nda profes\u00f6rl\u00fc\u011f\u00fc ile ilgili soru\u015fturma y\u00fcr\u00fctt\u00fc\u011f\u00fc rekt\u00f6r aday\u0131, Abant \u0130zzet Baysal \u00dcniversitesi&#8217;nde rekt\u00f6r olarak atand\u0131.<\/p>\n<p style=\"text-align: justify;\">Y\u00d6K&#8217;\u00fcn \u00fcniversitedeki se\u00e7imlerde en \u00e7ok oy alan aday yerine birinci s\u0131raya y\u00fckseltti\u011fi Hayri \u00c7o\u015fkun hakk\u0131nda halen soru\u015fturma devam ediyor.<\/p>\n","protected":false},"author":1,"featured_media":0,"comment_status":"open","ping_status":"closed","sticky":false,"template":"","format":"standard","meta":{"footnotes":""},"categories":[105],"tags":[222,90,223,229,225,93],"class_list":["post-18838","post","type-post","status-publish","format-standard","hentry","category-gundem","tag-abant-izzet-baysal-universitesi","tag-abdullah-gul","tag-ahmet-baysal","tag-ekrem-yildiz","tag-hayri-coskun","tag-yok","odd"],"_links":{"self":[{"href":"http:\/\/www.korhanyilmaz.com\/index.php?rest_route=\/wp\/v2\/posts\/18838","targetHints":{"allow":["GET"]}}],"collection":[{"href":"http:\/\/www.korhanyilmaz.com\/index.php?rest_route=\/wp\/v2\/posts"}],"about":[{"href":"http:\/\/www.korhanyilmaz.com\/index.php?rest_route=\/wp\/v2\/types\/post"}],"author":[{"embeddable":true,"href":"http:\/\/www.korhanyilmaz.com\/index.php?rest_route=\/wp\/v2\/users\/1"}],"replies":[{"embeddable":true,"href":"http:\/\/www.korhanyilmaz.com\/index.php?rest_route=%2Fwp%2Fv2%2Fcomments&post=18838"}],"version-history":[{"count":0,"href":"http:\/\/www.korhanyilmaz.com\/index.php?rest_route=\/wp\/v2\/posts\/18838\/revisions"}],"wp:attachment":[{"href":"http:\/\/www.korhanyilmaz.com\/index.php?rest_route=%2Fwp%2Fv2%2Fmedia&parent=18838"}],"wp:term":[{"taxonomy":"category","embeddable":true,"href":"http:\/\/www.korhanyilmaz.com\/index.php?rest_route=%2Fwp%2Fv2%2Fcategories&post=18838"},{"taxonomy":"post_tag","embeddable":true,"href":"http:\/\/www.korhanyilmaz.com\/index.php?rest_route=%2Fwp%2Fv2%2Ftags&post=18838"}],"curies":[{"name":"wp","href":"https:\/\/api.w.org\/{rel}","templated":true}]}}