{"id":18829,"date":"2010-02-04T14:04:04","date_gmt":"2010-02-04T12:04:04","guid":{"rendered":"http:\/\/www.korhanyilmaz.com\/?p=18829"},"modified":"2010-02-04T14:04:04","modified_gmt":"2010-02-04T12:04:04","slug":"erdogan-haksiz-ve-ideolojik-bir-eylem","status":"publish","type":"post","link":"http:\/\/www.korhanyilmaz.com\/?p=18829","title":{"rendered":"Erdo\u011fan: &quot;Haks\u0131z ve ideolojik bir eylem&quot;"},"content":{"rendered":"<p style=\"text-align: center;\"><a href=\"http:\/\/www.korhanyilmaz.com\/wp-content\/uploads\/2010\/02\/erdogan.jpg\"  class=\"lightview\"><img loading=\"lazy\" decoding=\"async\" class=\"size-full wp-image-18830 aligncenter\" src=\"http:\/\/www.korhanyilmaz.com\/wp-content\/uploads\/2010\/02\/erdogan.jpg\" alt=\"\" width=\"292\" height=\"203\" \/><\/a><\/p>\n<p style=\"text-align: justify;\">Ba\u015fbakan Recep Tayyip Erdo\u011fan, TEKEL i\u015f\u00e7ilerine destek i\u00e7in yap\u0131lan i\u015f b\u0131rakma eylemi ile ilgili olarak, &#8220;Haks\u0131z ve ideolojik bir eylemdir&#8221; dedi. A\u00e7l\u0131k grevindeki i\u015f\u00e7ilere CHP&#8217;li \u00c7etin Soysal&#8217;\u0131n da kat\u0131lmas\u0131n\u0131 ise Ba\u015fbakan, &#8220;Onlar\u0131n a\u00e7l\u0131klar\u0131na ben pek ald\u0131rm\u0131yorum. \u00c7ok \u00f6nemli \u015feyler de\u011fil&#8221; s\u00f6zleriyle de\u011ferlendirdi.<!--more--><\/p>\n<p style=\"text-align: justify;\">Bas\u0131n mensuplar\u0131na a\u00e7\u0131klamalarda bulunan Ba\u015fbakan,  TEKEL i\u015f\u00e7ilerinin eylemine y\u00f6nelik olarak, &#8220;Bu eyleme alet olanlar var. TEKEL i\u015f\u00e7ili\u011fi ile ilgili olmayanlar da eylemde&#8221; diye konu\u015ftu.<\/p>\n<p style=\"text-align: justify;\">&#8220;Bir i\u015fyeri kapand\u0131\u011f\u0131 zaman i\u015f hukukuna y\u00f6nelik olarak, orada \u00e7al\u0131\u015fanlar\u0131n k\u0131dem ve ihbar tazminatlar\u0131 verilir ve i\u015f biter&#8221; diyen Erdo\u011fan, &#8220;Bizler i\u015f hukununun gereklerinin de d\u0131\u015f\u0131na \u00e7\u0131karak, Bakanlar Kurulu karar\u0131yla da, sendikalarla da mutab\u0131k kalarak, 4\/C uygulamas\u0131n\u0131 \u00f6zelle\u015ftirme kapsam\u0131 i\u00e7inde yap\u0131yoruz. TEKEL i\u015f\u00e7ilerimiz \u00f6zelle\u015ftirme kapsam\u0131 i\u00e7inde bile de\u011fil. Biz bunlar\u0131 da 4\/C kapsam\u0131na ald\u0131k&#8221; ifadelerini kulland\u0131.<\/p>\n<p style=\"text-align: justify;\">Ba\u015fbakan, &#8220;4\/C kapsam\u0131ndakiler asgari \u00fccretle \u00e7al\u0131\u015f\u0131rken, bu arkada\u015flara 100 lira daha fazla \u00f6demek suretiyle bu ad\u0131m\u0131 att\u0131k. \u0130hbar ve k\u0131dem tazminatlar\u0131 da toplamda 20 ile 80 bin lira aras\u0131nda tutuyor. Ay\u0131n 31&#8217;i itibar\u0131yla bu tazminatlar\u0131 banka hesaplar\u0131na yat\u0131rd\u0131k. \u015eu anda 4 bin 500 TEKEL i\u015f\u00e7isi yatan paralar\u0131n\u0131 al\u0131p, kendi hesaplar\u0131na yat\u0131rm\u0131\u015f ve faizini almakta&#8230;&#8221; dedi.<\/p>\n<p style=\"text-align: justify;\">&#8220;Eylem hayat\u0131 etkilemedi. Ben akl\u0131selimin hakim oldu\u011funu g\u00f6r\u00fcyorum&#8221; diyen Ba\u015fbakan Erdo\u011fan, TEKEL i\u015f\u00e7ilerine de seslendi ve &#8220;Bu yanl\u0131\u015f oyuna ve tuza\u011fa gelmeyin. Bu zamana kadar i\u015f\u00e7imizin yan\u0131nda oldu\u011fumuz gibi yine yanlar\u0131nda olaca\u011f\u0131z&#8221; dedi.<\/p>\n<p style=\"text-align: justify;\">Bir\u00e7ok i\u015fsizin oldu\u011fu bir \u00fclkede TEKEL i\u015f\u00e7ilerine birtak\u0131m imkanlar sa\u011flamaya \u00e7al\u0131\u015ft\u0131klar\u0131n\u0131 ifade eden Erdo\u011fan, &#8220;TEKEL i\u015f\u00e7isi \u00fczerinden AK Parti&#8217;yi i\u015f\u00e7i d\u00fc\u015fman\u0131 gibi g\u00f6stermek insafs\u0131zl\u0131k&#8221; \u015feklinde konu\u015ftu.<\/p>\n<p style=\"text-align: justify;\">Yasalar\u0131 \u00e7i\u011fneyen olursa yapt\u0131r\u0131m uygulanaca\u011f\u0131n\u0131 da belirten Erdo\u011fan, 4\/C stat\u00fcs\u00fcn\u00fc kabul eden i\u015f\u00e7i say\u0131s\u0131n\u0131n 400&#8217;\u00fcn \u00fczerine \u00e7\u0131kt\u0131\u011f\u0131n\u0131 vurgulad\u0131.<\/p>\n<p style=\"text-align: justify;\">Erdo\u011fan, bir gazetecinin, &#8221;CHP&#8217;li \u00c7etin Soysal da TEKEL i\u015f\u00e7ilerinin a\u00e7l\u0131k grevine destek verdi. Nas\u0131l de\u011ferlendiriyorsunuz?&#8221; \u015feklindeki sorusuna da &#8220;Onlar\u0131n a\u00e7l\u0131klar\u0131na ben pek ald\u0131rm\u0131yorum. \u00c7ok \u00f6nemli \u015feyler de\u011fil&#8221; yan\u0131t\u0131n\u0131 verdi.<\/p>\n<p style=\"text-align: justify;\"><span style=\"color: #888888;\">CNN T\u00dcRK<\/span><\/p>\n","protected":false},"excerpt":{"rendered":"<p style=\"text-align: center;\">\n<p style=\"text-align: justify;\">Ba\u015fbakan Recep Tayyip Erdo\u011fan, TEKEL i\u015f\u00e7ilerine destek i\u00e7in yap\u0131lan i\u015f b\u0131rakma eylemi ile ilgili olarak, &#8220;Haks\u0131z ve ideolojik bir eylemdir&#8221; dedi. A\u00e7l\u0131k grevindeki i\u015f\u00e7ilere CHP&#8217;li \u00c7etin Soysal&#8217;\u0131n da kat\u0131lmas\u0131n\u0131 ise Ba\u015fbakan, &#8220;Onlar\u0131n a\u00e7l\u0131klar\u0131na ben pek ald\u0131rm\u0131yorum. \u00c7ok \u00f6nemli \u015feyler de\u011fil&#8221; s\u00f6zleriyle de\u011ferlendirdi.<\/p>\n","protected":false},"author":1,"featured_media":0,"comment_status":"open","ping_status":"closed","sticky":false,"template":"","format":"standard","meta":{"footnotes":""},"categories":[105],"tags":[],"class_list":["post-18829","post","type-post","status-publish","format-standard","hentry","category-gundem","odd"],"_links":{"self":[{"href":"http:\/\/www.korhanyilmaz.com\/index.php?rest_route=\/wp\/v2\/posts\/18829","targetHints":{"allow":["GET"]}}],"collection":[{"href":"http:\/\/www.korhanyilmaz.com\/index.php?rest_route=\/wp\/v2\/posts"}],"about":[{"href":"http:\/\/www.korhanyilmaz.com\/index.php?rest_route=\/wp\/v2\/types\/post"}],"author":[{"embeddable":true,"href":"http:\/\/www.korhanyilmaz.com\/index.php?rest_route=\/wp\/v2\/users\/1"}],"replies":[{"embeddable":true,"href":"http:\/\/www.korhanyilmaz.com\/index.php?rest_route=%2Fwp%2Fv2%2Fcomments&post=18829"}],"version-history":[{"count":0,"href":"http:\/\/www.korhanyilmaz.com\/index.php?rest_route=\/wp\/v2\/posts\/18829\/revisions"}],"wp:attachment":[{"href":"http:\/\/www.korhanyilmaz.com\/index.php?rest_route=%2Fwp%2Fv2%2Fmedia&parent=18829"}],"wp:term":[{"taxonomy":"category","embeddable":true,"href":"http:\/\/www.korhanyilmaz.com\/index.php?rest_route=%2Fwp%2Fv2%2Fcategories&post=18829"},{"taxonomy":"post_tag","embeddable":true,"href":"http:\/\/www.korhanyilmaz.com\/index.php?rest_route=%2Fwp%2Fv2%2Ftags&post=18829"}],"curies":[{"name":"wp","href":"https:\/\/api.w.org\/{rel}","templated":true}]}}