{"id":18825,"date":"2010-02-04T13:59:22","date_gmt":"2010-02-04T11:59:22","guid":{"rendered":"http:\/\/www.korhanyilmaz.com\/?p=18825"},"modified":"2010-02-04T13:59:22","modified_gmt":"2010-02-04T11:59:22","slug":"yeni-kimlikler-geliyor","status":"publish","type":"post","link":"http:\/\/www.korhanyilmaz.com\/?p=18825","title":{"rendered":"Yeni kimlikler geliyor"},"content":{"rendered":"<p style=\"text-align: center;\"><a href=\"http:\/\/www.korhanyilmaz.com\/wp-content\/uploads\/2010\/02\/kimlik.jpg\"  class=\"lightview\"><img loading=\"lazy\" decoding=\"async\" class=\"size-full wp-image-18826 aligncenter\" src=\"http:\/\/www.korhanyilmaz.com\/wp-content\/uploads\/2010\/02\/kimlik.jpg\" alt=\"\" width=\"350\" height=\"210\" \/><\/a><\/p>\n<p style=\"text-align: justify;\">A\u0130HM&#8217;in karar\u0131 ile yeni kimliklerin bas\u0131m\u0131na ba\u015fland\u0131 Ba\u015fbakan Erdo\u011fan, A\u0130HM&#8217;nin &#8220;din hanesi kalks\u0131n&#8221; karar\u0131 i\u00e7in &#8220;Anormal de\u011fil&#8221; dedi. \u0130\u00e7i\u015fleri Bakanl\u0131\u011f\u0131, karar do\u011frultusunda yeni kimliklerin bas\u0131m\u0131 i\u00e7in haz\u0131rl\u0131\u011fa ba\u015flad\u0131.<\/p>\n<p style=\"text-align: justify;\">Avrupa \u0130nsan Haklar\u0131 Mahkemesi&#8217;nin (A\u0130HM) \u00f6nceki g\u00fcn kald\u0131r\u0131lmas\u0131na karar verdi\u011fi, n\u00fcfus c\u00fczdanlar\u0131nda &#8220;dini&#8221; hanesi Ankara&#8217;n\u0131n g\u00fcndemine oturdu. <!--more--><\/p>\n<p style=\"text-align: justify;\">Sabah&#8217;\u0131n haberine g\u00f6re, \u0130\u00e7i\u015fleri Bakanl\u0131\u011f\u0131, A\u0130HM&#8217;nin resmi karan\u0131n\u0131n gelmesinden sonra bu konuda bir ad\u0131m atmaya haz\u0131rlan\u0131yor. Bir s\u00fcredir \u0130\u00e7i\u015fleri Bakanl\u0131\u011f\u0131 g\u00fcndeminde de olan \u00e7al\u0131\u015fmaya g\u00f6re ilk etapta n\u00fcfus c\u00fczdan\u0131n\u0131n de\u011fi\u015ftirmek isteyenlere \u00f6ncelik verilecek, ikinci a\u015famada ise &#8220;dini&#8221; hanesi olmayan n\u00fcfus c\u00fczdanlar\u0131n\u0131n bas\u0131m\u0131 ger\u00e7ekle\u015ftirilecek.&#8221;<\/p>\n<p style=\"text-align: justify;\"><strong><em>Anormal bir karar de\u011fil&#8221;<\/em><\/strong><\/p>\n<p style=\"text-align: justify;\">Ba\u015fbakan Recep Tayyip Erdo\u011fan, d\u00fcn kat\u0131ld\u0131\u011f\u0131 bir konferansta A\u0130HM&#8217;nin &#8220;dini&#8221; hanesi ile ilgili karar\u0131 ile ilgili olarak sorulan &#8220;Avrupa \u0130nsan Haklar\u0131 Mahkemesi&#8217;nin verdi\u011fi karar\u0131, laikli\u011fin bir gere\u011fi olarak de\u011ferlendirir misiniz? \u0130nsan haklar\u0131yla ilgili bir karar m\u0131d\u0131r?&#8221; sorusuna \u015fu yan\u0131t\u0131 verdi: &#8220;A\u0130HM&#8217;nin verdi\u011fi son karar, Anayasa Mahkememizin de bu noktadaki att\u0131\u011f\u0131 ad\u0131mla paralellik arz eden bir konu. N\u00fcfus ka\u011f\u0131tlar\u0131nda din ile ilgili s\u00fctunun olup olmamas\u0131 \u00e7ok \u015feyi de\u011fi\u015ftirmez. Burada A\u0130HM&#8217;nin vermi\u015f oldu\u011fu karar\u0131 ben anormal bir karar olarak g\u00f6rm\u00fcyorum. Yani bu oradan kald\u0131r\u0131labilir \u00e7ok da \u00f6nemli de\u011fil.&#8221; A\u0130HM&#8217;nin karar\u0131, D\u0131\u015fi\u015fleri&#8217;nin de g\u00fcndeminde olan konular aras\u0131nda yer al\u0131yor. D\u0131\u015fi\u015fleri Bakanl\u0131\u011f\u0131 kaynaklar\u0131, &#8220;Karar din hanesine Alevi yaz\u0131lmas\u0131n\u0131 de\u011fil, din hanesinin kald\u0131r\u0131lmas\u0131n\u0131 \u00f6ng\u00f6r\u00fcyor. Din hanesi korunursa bu da ayr\u0131mc\u0131l\u0131k te\u015fkil edecek. Bu konuda A\u0130HM&#8217;nin \u00f6nceki kararlar\u0131 da incelemeye al\u0131nd\u0131.<\/p>\n<p style=\"text-align: justify;\">Bunlardan bir tanesi Yunanistan ile ilgili. Benzer bir karar\u0131n ard\u0131ndan Yunanistan, din hanesini kald\u0131r\u0131nca kilise mahkemeye itiraz etmi\u015f. Ancak kabul edilmemi\u015f. A\u0130HM kararlar\u0131 T\u00fcrkiye i\u00e7in i\u00e7tihat olu\u015fturur&#8221; dedi. Yetkili, mahkeme karar\u0131na itiraz edip edilmeyece\u011finin de\u011ferlendirildi\u011fini belirtirken, Frans\u0131zca yay\u0131nlanan kararlar\u0131n \u00e7evirisinin en az \u00fc\u00e7 hafta i\u00e7erisinde adalet Bakanl\u0131\u011f\u0131&#8217;na sunulaca\u011f\u0131n\u0131, itirazlar\u0131n ise 3 ay i\u00e7erisinde yap\u0131labilece\u011fini hat\u0131rlatt\u0131.<\/p>\n<p style=\"text-align: justify;\"><strong><em>&#8220;Sessiz devrim&#8221;<\/em><\/strong><\/p>\n<p style=\"text-align: justify;\">A\u0130HM&#8217;nin &#8216;din hanesi&#8217; karar\u0131na dayanak olan ba\u015fvuruyu yapan \u0130zmirli Sinan I\u015f\u0131k, gelinen noktay\u0131 &#8220;Sessiz devrim&#8221; olarak nitelendirdi. N\u00fcfus c\u00fczdan\u0131ndaki din hanesine &#8220;Alevi&#8221; yazd\u0131rmak isteyen ancak bu y\u00f6ndeki ba\u015fvuru ve a\u00e7t\u0131\u011f\u0131 davalar reddedilince bu hanenin din ve vicdan \u00f6zg\u00fcrl\u00fc\u011f\u00fcne ayk\u0131r\u0131 oldu\u011funun tespiti i\u00e7in A\u0130HM&#8217;ye ba\u015fvuran I\u015f\u0131k, ba\u015fvuruyu laiklik ad\u0131na yapt\u0131\u011f\u0131n\u0131 s\u00f6yledi. I\u015f\u0131k, dava a\u015famas\u0131nda ya\u015fad\u0131klar\u0131n\u0131 \u015f\u00f6yle anlatt\u0131: &#8220;Erzincan- Tercan do\u011fumluyum. K\u00f6y\u00fcm\u00fcn tamam\u0131 Alevi, T\u00fcrkiye&#8217;de dava a\u00e7t\u0131\u011f\u0131mda buradaki mahkeme benim ger\u00e7ekten Alevi olup olmad\u0131\u011f\u0131m\u0131 ara\u015ft\u0131rd\u0131. Ba\u015flarda &#8216;ya ba\u015f\u0131m\u0131za bir \u015fey gelirse&#8217; diye e\u015fim tepki g\u00f6sterdi ama sonra biraz daha anlay\u0131\u015fla kar\u015f\u0131lad\u0131. \u00dcyesi bulundu\u011fum Alevi derne\u011finin ba\u015fkan\u0131 bile beni dernekten kovdu. Bir\u00e7ok internet sitesinde tehdide varan yaz\u0131lar yer ald\u0131. Bizzat mektuplar g\u00f6nderildi. Bu yaz\u0131lar\u0131n baz\u0131lar\u0131 da kendilerinin Alevi oldu\u011funu s\u00f6yleyenlerdi. Bu yaz\u0131lar ve gelen mektuplarda daha \u00e7ok &#8216;biz din hanesine Alevi yazd\u0131r\u0131rsak i\u015ften at\u0131l\u0131rsak, \u00f6ld\u00fcr\u00fcl\u00fcrsek ne olacak&#8217; gibi kayg\u0131lar vard\u0131. Tehditler de ald\u0131m. \u00d6zellikle gelen mektuplarda, &#8216;sadece seni de\u011fil t\u00fcm aileni ortadan kald\u0131rmak gerekir&#8217; gibi tehditler yer al\u0131yordu.&#8221; Konak Belediyesi&#8217;nde i\u015f\u00e7i kadrosunda bulunan ve belediyeye ait k\u00fct\u00fcphanede g\u00f6rev yapan Sinan I\u015f\u0131k karar\u0131 da \u015f\u00f6yle de\u011ferlendirdi: &#8220;\u00d6ncelikle m\u00fcthi\u015f bir karar. Abartt\u0131\u011f\u0131m d\u00fc\u015f\u00fcn\u00fclebilir ama bana g\u00f6re bu bir sessiz devrimdir. Ben 48 ya\u015f\u0131nday\u0131m ve bu karar\u0131 \u00e7ocuklar\u0131ma \u00f6v\u00fcn\u00e7 kayna\u011f\u0131 olarak miras b\u0131rakaca\u011f\u0131m. Devlet \u015fimdi karar\u0131n gere\u011fini yerine getirmelidir.&#8221;<\/p>\n<p style=\"text-align: justify;\"><span style=\"color: #888888;\">Kaynak : Haber1.com<\/span><\/p>\n","protected":false},"excerpt":{"rendered":"<p style=\"text-align: center;\">\n<p style=\"text-align: justify;\">A\u0130HM&#8217;in karar\u0131 ile yeni kimliklerin bas\u0131m\u0131na ba\u015fland\u0131 Ba\u015fbakan Erdo\u011fan, A\u0130HM&#8217;nin &#8220;din hanesi kalks\u0131n&#8221; karar\u0131 i\u00e7in &#8220;Anormal de\u011fil&#8221; dedi. \u0130\u00e7i\u015fleri Bakanl\u0131\u011f\u0131, karar do\u011frultusunda yeni kimliklerin bas\u0131m\u0131 i\u00e7in haz\u0131rl\u0131\u011fa ba\u015flad\u0131.<\/p>\n<p style=\"text-align: justify;\">Avrupa \u0130nsan Haklar\u0131 Mahkemesi&#8217;nin (A\u0130HM) \u00f6nceki g\u00fcn kald\u0131r\u0131lmas\u0131na karar verdi\u011fi, n\u00fcfus c\u00fczdanlar\u0131nda &#8220;dini&#8221; hanesi Ankara&#8217;n\u0131n g\u00fcndemine oturdu. <\/p>\n","protected":false},"author":1,"featured_media":0,"comment_status":"open","ping_status":"closed","sticky":false,"template":"","format":"standard","meta":{"footnotes":""},"categories":[105],"tags":[],"class_list":["post-18825","post","type-post","status-publish","format-standard","hentry","category-gundem","odd"],"_links":{"self":[{"href":"http:\/\/www.korhanyilmaz.com\/index.php?rest_route=\/wp\/v2\/posts\/18825","targetHints":{"allow":["GET"]}}],"collection":[{"href":"http:\/\/www.korhanyilmaz.com\/index.php?rest_route=\/wp\/v2\/posts"}],"about":[{"href":"http:\/\/www.korhanyilmaz.com\/index.php?rest_route=\/wp\/v2\/types\/post"}],"author":[{"embeddable":true,"href":"http:\/\/www.korhanyilmaz.com\/index.php?rest_route=\/wp\/v2\/users\/1"}],"replies":[{"embeddable":true,"href":"http:\/\/www.korhanyilmaz.com\/index.php?rest_route=%2Fwp%2Fv2%2Fcomments&post=18825"}],"version-history":[{"count":0,"href":"http:\/\/www.korhanyilmaz.com\/index.php?rest_route=\/wp\/v2\/posts\/18825\/revisions"}],"wp:attachment":[{"href":"http:\/\/www.korhanyilmaz.com\/index.php?rest_route=%2Fwp%2Fv2%2Fmedia&parent=18825"}],"wp:term":[{"taxonomy":"category","embeddable":true,"href":"http:\/\/www.korhanyilmaz.com\/index.php?rest_route=%2Fwp%2Fv2%2Fcategories&post=18825"},{"taxonomy":"post_tag","embeddable":true,"href":"http:\/\/www.korhanyilmaz.com\/index.php?rest_route=%2Fwp%2Fv2%2Ftags&post=18825"}],"curies":[{"name":"wp","href":"https:\/\/api.w.org\/{rel}","templated":true}]}}