{"id":18816,"date":"2010-02-04T12:30:10","date_gmt":"2010-02-04T10:30:10","guid":{"rendered":"http:\/\/www.korhanyilmaz.com\/?p=18816"},"modified":"2010-02-04T12:30:10","modified_gmt":"2010-02-04T10:30:10","slug":"cemil-cicek-oglunun-sigara-sirketi-ortakligina-ne-dedi","status":"publish","type":"post","link":"http:\/\/www.korhanyilmaz.com\/?p=18816","title":{"rendered":"Cemil \u00c7i\u00e7ek, o\u011flunun sigara \u015firketi ortakl\u0131\u011f\u0131na ne dedi?"},"content":{"rendered":"<p style=\"text-align: center;\"><a href=\"http:\/\/www.korhanyilmaz.com\/wp-content\/uploads\/2010\/02\/C\u0130CEK.jpg\"  class=\"lightview\"><img loading=\"lazy\" decoding=\"async\" class=\"aligncenter size-full wp-image-18817\" src=\"http:\/\/www.korhanyilmaz.com\/wp-content\/uploads\/2010\/02\/C\u0130CEK.jpg\" alt=\"\" width=\"350\" height=\"210\" \/><\/a><\/p>\n<p style=\"text-align: justify;\">Necati do\u011fru&#8217;nun &#8220;Bakan \u00c7i\u00e7ek&#8217;in o\u011fluna var, TEKEL i\u015f\u00e7isine yok&#8221; ba\u015fl\u0131kl\u0131 yaz\u0131s\u0131na H\u00fck\u00fcmet S\u00f6zc\u00fcs\u00fc Cemil \u00c7i\u00e7ek&#8217;ten ilgin\u00e7 bir yan\u0131t geldi.<\/p>\n<p style=\"text-align: justify;\">Bakan \u00c7i\u00e7ek&#8217;in o\u011flu ismini d\u00fcn sildirdi!<\/p>\n<p style=\"text-align: justify;\">A\u00e7\u0131kl\u0131k a\u00e7\u0131kl\u0131\u011f\u0131, saydaml\u0131k saydaml\u0131\u011f\u0131, ayd\u0131nl\u0131k ayd\u0131nl\u0131\u011f\u0131 kovalar. Haber, haberi \u00e7a\u011f\u0131r\u0131r. Fikrini takip etmeyen fikirsiz olur. Haberinin devam\u0131n\u0131 merak etmeyen habersiz kal\u0131r. Haber, kendi devam\u0131n\u0131 getirir. <!--more--><\/p>\n<p style=\"text-align: justify;\">Getirdi.<\/p>\n<p style=\"text-align: justify;\">Eski devlet bakanlar\u0131ndan ve iktidardaki h\u00fck\u00fcmetin s\u00f6zc\u00fcs\u00fc Cemil \u00c7i\u00e7ek, beni d\u00fcn bu k\u00f6\u015fede yazd\u0131\u011f\u0131m; \u201cBakan \u00c7i\u00e7ek\u2019in o\u011fluna var, TEKEL i\u015f\u00e7isine yok\u201d ba\u015fl\u0131kl\u0131 yaz\u0131m\u0131n takip\u00e7isi olarak arad\u0131.<\/p>\n<p style=\"text-align: justify;\">Bilgi verdi, dedi ki:<\/p>\n<p style=\"text-align: justify;\">O\u011flum ismini sildirdi.<\/p>\n<p style=\"text-align: justify;\">Ben de dedim ki:<\/p>\n<p style=\"text-align: justify;\">Say\u0131n Bakan, nas\u0131l olur; ben \u00f6nceki g\u00fcn (sal\u0131) devlet \u015firketi Sigara Sanayii \u0130\u015fletmeleri ve Ticareti A. \u015e\u2019nin internet sitesine girdim bakt\u0131m. Sizin o\u011flunuz Ahmet \u00c7a\u011fr\u0131 \u00c7i\u00e7ek, Y\u00f6netim Kurulu \u00fcyeleri listesinde 5. s\u0131rada yer al\u0131yor. \u00c7\u0131kt\u0131 (print) da ald\u0131m, i\u015fte liste \u00f6n\u00fcmde duruyor. Dilerseniz size fakslayay\u0131m.<\/p>\n<p style=\"text-align: justify;\">Bakan, izin istedi.<\/p>\n<p style=\"text-align: justify;\">O\u011flumla konu\u015fay\u0131m dedi.<\/p>\n<p style=\"text-align: justify;\">Telefonu kapatt\u0131.<\/p>\n<p style=\"text-align: justify;\">10 dakika sonra yeniden arad\u0131. Dedi ki; \u201cY\u00f6netim Kurulu \u00fcyeli\u011finden ayr\u0131lm\u0131\u015ft\u0131, ismini listeden silmemi\u015fler; konu\u015ftu, silecekler.\u201d<\/p>\n<p style=\"text-align: justify;\">***<\/p>\n<p style=\"text-align: justify;\">Hat\u0131rlatay\u0131m; d\u00fcnk\u00fc yaz\u0131m, vah\u015fi bir kapitalistin ve \u201cneoliberal\u201d diyorlar, ipek yumu\u015fakl\u0131\u011f\u0131 k\u0131l\u0131\u011f\u0131na girmi\u015f yeni liberal i\u015fverenlerin bile yapmaktan utanaca\u011f\u0131 \u015fekilde vicdan\u0131 bir yana b\u0131rak\u0131p, \u00f6zelle\u015ftirmenin ana hukuki \u00f6z\u00fcne v\u00fccut \u00e7al\u0131m\u0131 atarak, TEKEL i\u015f\u00e7ilerinin kap\u0131 d\u0131\u015f\u0131na konulmas\u0131, H\u00fck\u00fcmet S\u00f6zc\u00fcs\u00fc Cemil \u00c7i\u00e7ek\u2019in o\u011flunun ise fabrikalar\u0131 \u0130ngiliz-Amerikan \u015firketine sat\u0131ld\u0131\u011f\u0131 i\u00e7in yapacak hi\u00e7bir i\u015fi kalmam\u0131\u015f \u201ciktidar arpal\u0131\u011f\u0131 tabela \u015firketi haline d\u00f6n\u00fc\u015fm\u00fc\u015f\u201d Sigara Sanayii A. \u015e\u2019ye Y\u00f6netim Kurulu \u00fcyesi olarak atanmas\u0131 \u00fczerineydi.<\/p>\n<p style=\"text-align: justify;\">D\u00fcn Bakan bana anlat\u0131yor:<\/p>\n<p style=\"text-align: justify;\">O\u011flumun e\u011fitimi yeterlidir.<\/p>\n<p style=\"text-align: justify;\">\u0130\u015fsiz mi kals\u0131n!<\/p>\n<p style=\"text-align: justify;\">\u00d6zel \u015firketten istiyorlar.<\/p>\n<p style=\"text-align: justify;\">4 misli maa\u015f veriyorlar.<\/p>\n<p style=\"text-align: justify;\">Laf olur diye gitmiyor.<\/p>\n<p style=\"text-align: justify;\">Devlette \u00e7al\u0131\u015f\u0131yor.<\/p>\n<p style=\"text-align: justify;\">Atama kanunlara uygundur.<\/p>\n<p style=\"text-align: justify;\">***<\/p>\n<p style=\"text-align: justify;\">Yasalara uygun olabilir ama \u201cvicdana\u201d uygun de\u011fil. 12 bin yaprak t\u00fct\u00fcn i\u015f\u00e7isi, devletin di\u011fer kurumlar\u0131nda herhangi bir yerde i\u015fe yerle\u015ftirilip, ayn\u0131 maa\u015f ve ayn\u0131 haklarla \u00e7al\u0131\u015ft\u0131r\u0131lmay\u0131p kap\u0131 d\u0131\u015f\u0131na konulurken, iktidar partisinde bakanl\u0131k yapm\u0131\u015f bir partilinin o\u011flunun Y\u00f6netim Kurulu\u2019na al\u0131nmas\u0131, maa\u015f\u0131n\u0131n yan\u0131s\u0131ra her ay hakk\u0131huzur \u00f6denmesi, \u015fof\u00f6rl\u00fc makam arabas\u0131 tahsis edilmesi etik de\u011fil.<\/p>\n<p style=\"text-align: justify;\">Halk\u0131 kand\u0131r\u0131yorsunuz.<\/p>\n<p style=\"text-align: justify;\">Yani vah\u015fi \u00f6zelle\u015ftirmenin milad\u0131 haline gelmi\u015f Tayyip Erdo\u011fan H\u00fck\u00fcmeti\u2019nin kadrolar\u0131n\u0131 doldurdu\u011fu \u00d6zelle\u015ftirme \u0130daresi, 72.5 milyonluk milleti aldat\u0131yor. \u00d6zelle\u015ftirme Kanunu, \u201c\u00f6zelle\u015fecek devlet fabrikalar\u0131nda \u00e7al\u0131\u015fanlar ayn\u0131 \u00f6zl\u00fck haklar\u0131 ile devletin ba\u015fka kurumlar\u0131nda i\u015fe yerle\u015ftirilir\u201d diye \u00e7\u0131km\u0131\u015ft\u0131. Kanuna, bu iktidar zaman\u0131nda (2004 y\u0131l\u0131nda) ge\u00e7ici 18. madde eklenmesiyle 657 Say\u0131l\u0131 Devlet Memurlar\u0131 Kanunu\u2019nda 4C olarak an\u0131lan \u201cge\u00e7ici personel stat\u00fcs\u00fc\u201d peydahland\u0131. TEKEL i\u015f\u00e7ileri i\u015fte bu yeni peydahlanan \u201c4C maddesine\u201d sokularak ve \u201csize devletin kasas\u0131n\u0131 soydurtmam\u201d diye a\u015fa\u011f\u0131lan\u0131p hakaret edilerek, cami avlusuna b\u0131rak\u0131lm\u0131\u015f babas\u0131 belirsiz pi\u00e7 \u00e7ocuklar gibi d\u0131\u015far\u0131ya at\u0131l\u0131yor. Bakan\u2019\u0131n o\u011flunu ise Y\u00f6netim Kurulu \u00fcyesi yap\u0131yorlar.<\/p>\n<p style=\"text-align: justify;\">***<\/p>\n<p style=\"text-align: justify;\">Vicdan\u0131 olan sorar:<\/p>\n<p style=\"text-align: justify;\">\u00d6zelle\u015ftirme sonras\u0131 12 bin TEKEL i\u015f\u00e7isi i\u015fsiz kalmas\u0131n diye D\u00fcnya Bankas\u0131\u2019n\u0131n da uygulamay\u0131 kabullenip parasal destek vermesiyle \u201ci\u015f\u00e7iyi e\u011fitimden ge\u00e7irerek devletin di\u011fer birimlerinde i\u015fe yerle\u015ftirme program\u0131\u201d ni\u00e7in yap\u0131lmad\u0131?<\/p>\n<p style=\"text-align: justify;\">Bu program\u0131 kim engelledi?<\/p>\n<p style=\"text-align: justify;\">Bu vicdans\u0131z engeli kim icat etti? \u00d6zelle\u015ftirme \u0130daresi\u2019nde 2004 y\u0131l\u0131nda yasaya ge\u00e7ici 18. maddeyi eklemeyi ak\u0131l eden uzman kim? Ad\u0131 ne? O da m\u0131 y\u00f6netim kurulu \u00fcyesi?<\/p>\n<p style=\"text-align: justify;\">A\u00e7\u0131kl\u0131k, a\u00e7\u0131kl\u0131\u011f\u0131 \u00e7a\u011f\u0131r\u0131r.<\/p>\n<p style=\"text-align: justify;\">Ayd\u0131nl\u0131k, ayd\u0131nl\u0131\u011f\u0131 getirir.<\/p>\n<p style=\"text-align: justify;\">Haber, haberi kovalar.<\/p>\n<p style=\"text-align: justify;\">Soruma cevap isterim!<\/p>\n<p style=\"text-align: justify;\"><strong><em>Necati Do\u011fru<\/em><\/strong><\/p>\n<p style=\"text-align: justify;\"><span style=\"color: #888888;\">Kaynak : Haber1.com<\/span><\/p>\n","protected":false},"excerpt":{"rendered":"<p style=\"text-align: center;\">\n<p style=\"text-align: justify;\">Necati do\u011fru&#8217;nun &#8220;Bakan \u00c7i\u00e7ek&#8217;in o\u011fluna var, TEKEL i\u015f\u00e7isine yok&#8221; ba\u015fl\u0131kl\u0131 yaz\u0131s\u0131na H\u00fck\u00fcmet S\u00f6zc\u00fcs\u00fc Cemil \u00c7i\u00e7ek&#8217;ten ilgin\u00e7 bir yan\u0131t geldi.<\/p>\n<p style=\"text-align: justify;\">Bakan \u00c7i\u00e7ek&#8217;in o\u011flu ismini d\u00fcn sildirdi!<\/p>\n<p style=\"text-align: justify;\">A\u00e7\u0131kl\u0131k a\u00e7\u0131kl\u0131\u011f\u0131, saydaml\u0131k saydaml\u0131\u011f\u0131, ayd\u0131nl\u0131k ayd\u0131nl\u0131\u011f\u0131 kovalar. Haber, haberi \u00e7a\u011f\u0131r\u0131r. Fikrini takip etmeyen fikirsiz olur. Haberinin devam\u0131n\u0131 merak etmeyen habersiz kal\u0131r. <\/p>\n","protected":false},"author":1,"featured_media":0,"comment_status":"open","ping_status":"closed","sticky":false,"template":"","format":"standard","meta":{"footnotes":""},"categories":[105],"tags":[],"class_list":["post-18816","post","type-post","status-publish","format-standard","hentry","category-gundem","odd"],"_links":{"self":[{"href":"http:\/\/www.korhanyilmaz.com\/index.php?rest_route=\/wp\/v2\/posts\/18816","targetHints":{"allow":["GET"]}}],"collection":[{"href":"http:\/\/www.korhanyilmaz.com\/index.php?rest_route=\/wp\/v2\/posts"}],"about":[{"href":"http:\/\/www.korhanyilmaz.com\/index.php?rest_route=\/wp\/v2\/types\/post"}],"author":[{"embeddable":true,"href":"http:\/\/www.korhanyilmaz.com\/index.php?rest_route=\/wp\/v2\/users\/1"}],"replies":[{"embeddable":true,"href":"http:\/\/www.korhanyilmaz.com\/index.php?rest_route=%2Fwp%2Fv2%2Fcomments&post=18816"}],"version-history":[{"count":0,"href":"http:\/\/www.korhanyilmaz.com\/index.php?rest_route=\/wp\/v2\/posts\/18816\/revisions"}],"wp:attachment":[{"href":"http:\/\/www.korhanyilmaz.com\/index.php?rest_route=%2Fwp%2Fv2%2Fmedia&parent=18816"}],"wp:term":[{"taxonomy":"category","embeddable":true,"href":"http:\/\/www.korhanyilmaz.com\/index.php?rest_route=%2Fwp%2Fv2%2Fcategories&post=18816"},{"taxonomy":"post_tag","embeddable":true,"href":"http:\/\/www.korhanyilmaz.com\/index.php?rest_route=%2Fwp%2Fv2%2Ftags&post=18816"}],"curies":[{"name":"wp","href":"https:\/\/api.w.org\/{rel}","templated":true}]}}