{"id":18812,"date":"2010-02-04T13:20:07","date_gmt":"2010-02-04T11:20:07","guid":{"rendered":"http:\/\/www.korhanyilmaz.com\/?p=18812"},"modified":"2010-02-04T13:20:07","modified_gmt":"2010-02-04T11:20:07","slug":"emasya-protokolu-kaldirildi","status":"publish","type":"post","link":"http:\/\/www.korhanyilmaz.com\/?p=18812","title":{"rendered":"EMASYA Protokol\u00fc kald\u0131r\u0131ld\u0131"},"content":{"rendered":"<p style=\"text-align: center;\"><a href=\"http:\/\/www.korhanyilmaz.com\/wp-content\/uploads\/2010\/02\/EMASYA.jpg\"  class=\"lightview\"><img loading=\"lazy\" decoding=\"async\" class=\"aligncenter size-full wp-image-18813\" src=\"http:\/\/www.korhanyilmaz.com\/wp-content\/uploads\/2010\/02\/EMASYA.jpg\" alt=\"\" width=\"307\" height=\"236\" \/><\/a><\/p>\n<p style=\"text-align: justify;\">1997 y\u0131l\u0131nda Genelkurmay Ba\u015fkanl\u0131\u011f\u0131 ile \u0130\u00e7i\u015fleri Bakanl\u0131\u011f\u0131 aras\u0131nda imzalanan ve askere toplumsal olaylara m\u00fcdahale yetkisi veren Emniyet Asayi\u015f Yard\u0131mla\u015fma Protokol\u00fc (EMASYA), bug\u00fcn itibar\u0131yla y\u00fcr\u00fcrl\u00fckten kald\u0131r\u0131ld\u0131.<\/p>\n<p style=\"text-align: justify;\">EMASYA, \u015eemdinli&#8217;deki Umut Kitabevi&#8217;nin bombalanmas\u0131n\u0131n ard\u0131ndan astsubay\u0131n ifadesiyle kamuoyunun g\u00fcndemine girmi\u015fti. Protokol, T\u00fcrkiye&#8217;nin g\u00fcndemine ise Balyoz Eylem Plan\u0131 iddialar\u0131yla oturdu. Zira, plan\u0131 haz\u0131rlad\u0131\u011f\u0131 iddia edilen d\u00f6nemin 1. Ordu Komutan\u0131 Orgeneral \u00c7etin Do\u011fan, EMASYA&#8217;y\u0131 dayanak g\u00f6sterdi. <!--more--><\/p>\n<p style=\"text-align: justify;\">T\u00fcrkiye, EMASYA ile 1997 y\u0131l\u0131nda, 28 \u015eubat s\u00fcrecinden hemen sonra tan\u0131\u015ft\u0131. Protokole \u0130\u00e7i\u015fleri Bakanl\u0131\u011f\u0131 ile Genelkurmay Ba\u015fkanl\u0131\u011f\u0131 imza att\u0131. Protokol\u00fcn alt\u0131na Genelkurmay ad\u0131na \u00c7etin Do\u011fan imza att\u0131.<\/p>\n<p style=\"text-align: justify;\">27 maddeden olu\u015fan protokol, askere Vali&#8217;nin izniyle \u015fehirlerdeki toplumsal olaylara m\u00fcdahale etme imkan\u0131 tan\u0131yor.<\/p>\n<p style=\"text-align: justify;\"><strong><em>Vali izni olmaks\u0131z\u0131n&#8230; <\/em><\/strong><\/p>\n<p style=\"text-align: justify;\">Ancak protokol\u00fcn bir maddesi, izne bile gerek olmaks\u0131z\u0131n askere harekete ge\u00e7ebilme yetkisi veriyor. Ola\u011fan\u00fcst\u00fc bir durum alg\u0131lamas\u0131 varsa &#8211; \u00f6rne\u011fin ter\u00f6r \u015f\u00fcphesi &#8211; o noktada asker m\u00fclki idare amiri, yani vali veya kaymakamdan izin almadan da olaylara el koyabiliyor.<\/p>\n<p style=\"text-align: justify;\">\u00d6zellikle G\u00fcneydo\u011fu&#8217;da ter\u00f6r tehdidi nedeniyle EMASYA protokol\u00fcn\u00fcn s\u0131k s\u0131k uyguland\u0131\u011f\u0131 iddia ediliyor.<\/p>\n<p style=\"text-align: justify;\">Hatta bir y\u0131l i\u00e7inde toplumsal olaylar\u0131n \u00e7\u0131kabilece\u011fi g\u00fcnler de \u00f6nden tespit ediliyor. Ordu i\u00e7indeki EMASYA birliklerinin bu kritik tarihlerde \u00e7ar\u015f\u0131 izinleri kald\u0131r\u0131l\u0131yor. Birlikler k\u0131\u015fla i\u00e7inde haz\u0131rl\u0131kl\u0131 bir bi\u00e7imde g\u00fcn boylu bekliyor.<\/p>\n<p style=\"text-align: justify;\">&#8220;Askerin \u00e7evik kuvveti&#8221; de denilen bu birliklerin el koyma yetkisi de var. Gerekli hallerde, kamu kurumlar\u0131n\u0131n her t\u00fcrl\u00fc ara\u00e7-gere\u00e7 ve malzemesi, EMASYA komutanlar\u0131n\u0131n emrine verilebiliyor.<\/p>\n<p style=\"text-align: justify;\">13 y\u0131ld\u0131r uygulanan ama nerelerde ve nas\u0131l uyguland\u0131\u011f\u0131 konusunda net bilgi olmayan protokol, bug\u00fcn itibar\u0131yla y\u00fcr\u00fcrl\u00fckten kald\u0131r\u0131ld\u0131.<\/p>\n<p style=\"text-align: justify;\"><span style=\"color: #888888;\">CNN T\u00dcRK<\/span><\/p>\n","protected":false},"excerpt":{"rendered":"<p style=\"text-align: center;\">\n<p style=\"text-align: justify;\">1997 y\u0131l\u0131nda Genelkurmay Ba\u015fkanl\u0131\u011f\u0131 ile \u0130\u00e7i\u015fleri Bakanl\u0131\u011f\u0131 aras\u0131nda imzalanan ve askere toplumsal olaylara m\u00fcdahale yetkisi veren Emniyet Asayi\u015f Yard\u0131mla\u015fma Protokol\u00fc (EMASYA), bug\u00fcn itibar\u0131yla y\u00fcr\u00fcrl\u00fckten kald\u0131r\u0131ld\u0131.<\/p>\n<p style=\"text-align: justify;\">EMASYA, \u015eemdinli&#8217;deki Umut Kitabevi&#8217;nin bombalanmas\u0131n\u0131n ard\u0131ndan astsubay\u0131n ifadesiyle kamuoyunun g\u00fcndemine girmi\u015fti. Protokol, T\u00fcrkiye&#8217;nin g\u00fcndemine ise Balyoz Eylem Plan\u0131 iddialar\u0131yla oturdu. Zira, plan\u0131 haz\u0131rlad\u0131\u011f\u0131 <\/p>\n","protected":false},"author":1,"featured_media":0,"comment_status":"open","ping_status":"closed","sticky":false,"template":"","format":"standard","meta":{"footnotes":""},"categories":[105],"tags":[],"class_list":["post-18812","post","type-post","status-publish","format-standard","hentry","category-gundem","odd"],"_links":{"self":[{"href":"http:\/\/www.korhanyilmaz.com\/index.php?rest_route=\/wp\/v2\/posts\/18812","targetHints":{"allow":["GET"]}}],"collection":[{"href":"http:\/\/www.korhanyilmaz.com\/index.php?rest_route=\/wp\/v2\/posts"}],"about":[{"href":"http:\/\/www.korhanyilmaz.com\/index.php?rest_route=\/wp\/v2\/types\/post"}],"author":[{"embeddable":true,"href":"http:\/\/www.korhanyilmaz.com\/index.php?rest_route=\/wp\/v2\/users\/1"}],"replies":[{"embeddable":true,"href":"http:\/\/www.korhanyilmaz.com\/index.php?rest_route=%2Fwp%2Fv2%2Fcomments&post=18812"}],"version-history":[{"count":0,"href":"http:\/\/www.korhanyilmaz.com\/index.php?rest_route=\/wp\/v2\/posts\/18812\/revisions"}],"wp:attachment":[{"href":"http:\/\/www.korhanyilmaz.com\/index.php?rest_route=%2Fwp%2Fv2%2Fmedia&parent=18812"}],"wp:term":[{"taxonomy":"category","embeddable":true,"href":"http:\/\/www.korhanyilmaz.com\/index.php?rest_route=%2Fwp%2Fv2%2Fcategories&post=18812"},{"taxonomy":"post_tag","embeddable":true,"href":"http:\/\/www.korhanyilmaz.com\/index.php?rest_route=%2Fwp%2Fv2%2Ftags&post=18812"}],"curies":[{"name":"wp","href":"https:\/\/api.w.org\/{rel}","templated":true}]}}