{"id":18675,"date":"2010-01-31T09:57:00","date_gmt":"2010-01-31T07:57:00","guid":{"rendered":"http:\/\/www.korhanyilmaz.com\/?p=18675"},"modified":"2010-01-31T09:57:00","modified_gmt":"2010-01-31T07:57:00","slug":"veli-kucukten-itiraf-gibi-savunma","status":"publish","type":"post","link":"http:\/\/www.korhanyilmaz.com\/?p=18675","title":{"rendered":"Veli K\u00fc\u00e7\u00fck&#039;ten itiraf gibi savunma"},"content":{"rendered":"<p style=\"text-align: center;\"><a href=\"http:\/\/www.korhanyilmaz.com\/wp-content\/uploads\/2010\/01\/veli1.jpg\"  class=\"lightview\"><img loading=\"lazy\" decoding=\"async\" class=\"size-full wp-image-18677 aligncenter\" src=\"http:\/\/www.korhanyilmaz.com\/wp-content\/uploads\/2010\/01\/veli1.jpg\" alt=\"\" width=\"350\" height=\"210\" \/><\/a><\/p>\n<p style=\"text-align: justify;\">Devlet g\u00f6rev verdi ben yapt\u0131m, siz as\u0131l Susurluk\u2019taki silahlar\u0131 kim verdi ona bak\u0131n!<\/p>\n<p style=\"text-align: justify;\">Emekli Tu\u011fgeneral Veli K\u00fc\u00e7\u00fck, savunmas\u0131nda Susurluk\u2019la ilgili ilgin\u00e7 imalarda bulundu. Kazada ara\u00e7tan \u00e7\u0131kan silahlar\u0131n nereden geldi\u011finin bilindi\u011fini ama incelenmedi\u011fini iddia eden K\u00fc\u00e7\u00fck, \u201cAma ben Susurluk\u2019un merkezinde hala yarg\u0131lan\u0131yorum, bu ay\u0131pt\u0131r\u201d dedi. <!--more--><\/p>\n<p style=\"text-align: justify;\">Ergenekon davas\u0131 san\u0131klar\u0131ndan emekli Tu\u011fgeneral Veli K\u00fc\u00e7\u00fck, \u0130stanbul 13. A\u011f\u0131r Ceza Mahkemesi\u2019nde g\u00f6r\u00fclen duru\u015fmada \u00e7arp\u0131c\u0131 a\u00e7\u0131klamalarda bulundu. 3 Kas\u0131m 1996\u2019da meydana gelen ve T\u00fcrkiye\u2019yi derinden sarsan susurluk kazas\u0131yla ilgili imalarda bulunan Veli K\u00fc\u00e7\u00fck, 2 y\u0131ld\u0131r neden tutuklu oldu\u011funu anlayamad\u0131\u011f\u0131n\u0131 s\u00f6yledi. \u0130\u015fte K\u00fc\u00e7\u00fck\u2019\u00fcn itiraf gibi savunmas\u0131ndan \u00e7arp\u0131c\u0131 sat\u0131r ba\u015flar\u0131:<\/p>\n<p style=\"text-align: justify;\"><strong><em>Ben profesyonel \u00e7al\u0131\u015ft\u0131m <\/em><\/strong><\/p>\n<p style=\"text-align: justify;\">\u201cJitem, Susurluk\u2019 dediler, \u2019Tuncay G\u00fcney\u2019i, Osman Y\u0131ld\u0131r\u0131m\u2019\u0131 buldular. Ben ger\u00e7e\u011fi biliyorum. Ben T\u00fcrk milliyet\u00e7isiyim. Atat\u00fcrk\u2019\u00fcn izindeyim. \u2019Vatan\u0131 par\u00e7alamaya kimsenin g\u00fcc\u00fc yetmez\u2019 dedi\u011fim i\u00e7in buraday\u0131m. Ama art\u0131k bana bir \u015fey deyin. \u2019J\u0130TEM\u2019 dediler. Nedir bu J\u0130TEM. Ben Jandarma \u0130stihbarat Gruplar Komutanl\u0131\u011f\u0131 yapt\u0131m, amat\u00f6r \u00e7al\u0131\u015fmad\u0131m, profesyonel \u00e7al\u0131\u015ft\u0131m. Devletin maa\u015fl\u0131 eleman\u0131yd\u0131m. Devlet g\u00f6rev veriyordu, yap\u0131yordum. Varsa d\u00f6nemimle ilgili su\u00e7 ispatlayay\u0131m. Jandarma Genel Komutanl\u0131\u011f\u0131ndan \u2019J\u0130TEM nedir\u2019 diye soruldu. \u2019J\u0130TEM diye bir kurulu\u015f yok\u2019 yan\u0131t\u0131 geldi. T\u00fcrkiye\u2019de bankalar\u0131n istihbarat \u015fubesi var. Ama \u00fclkenin y\u00fczde 92\u2019sinde emniyet ve asayi\u015fi sa\u011flayan Jandarma Genel Komutanl\u0131\u011f\u0131\u2019n\u0131n istihbarat te\u015fkilat\u0131n\u0131 hazmedemediler.\u201d<\/p>\n<p style=\"text-align: justify;\"><strong><em>Silahlarda numaralar vard\u0131 <\/em><\/strong><\/p>\n<p style=\"text-align: justify;\">\u201cBen Susurluk\u2019un tam g\u00f6be\u011findeyim. Olaya el konuldu. Araban\u0131n i\u00e7inden silahlar \u00e7\u0131kt\u0131 ve araban\u0131n i\u00e7inde aranan bir ki\u015fi Mehmet \u00d6zbay vard\u0131. \u00d6zbay i\u00e7in \u2019derin devletin en k\u0131demli ismi\u2019denildi. Arabada silah bulundurmak su\u00e7sa gereken cezay\u0131 verselerdi. Silahlar\u0131n \u00fczerinde numaralar vard\u0131, nereden geldi\u011fi sorulmad\u0131. Silahlar\u0131 verenler belliydi. Kazan\u0131n ard\u0131ndan Sami Ho\u015ftan arad\u0131 ve kaza hakk\u0131nda bilgi verdi. \u2019Sedat k\u00f6t\u00fc durumda\u2019dedi. Arabada bulunan emniyet m\u00fcd\u00fcr\u00fc H\u00fcseyin Kocada\u011f\u2019\u0131n do\u011fuda ter\u00f6rle m\u00fccadelede aya\u011f\u0131n\u0131n de\u011fmedi\u011fi ta\u015f kalmad\u0131. Beraber \u00e7al\u0131\u015ft\u0131k, can ci\u011fer karde\u015fimdir.\u201d<\/p>\n<p style=\"text-align: justify;\"><strong><em>Perin\u00e7ek \u00d6zbay\u2019\u0131 bildirmi\u015fti <\/em><\/strong><\/p>\n<p style=\"text-align: justify;\">\u201cSedat Bucak a\u015firet lideridir. Bucak a\u015fireti PKK\u2019y\u0131 Urfa\u2019ya sokmad\u0131. PKK Urfa\u2019ya girseydi, \u0130zmir, Burdur elden \u00e7\u0131km\u0131\u015ft\u0131. Ho\u015ftan, kazay\u0131 bildirmeseydi dar\u0131l\u0131rd\u0131m. Kazan\u0131n ard\u0131ndan d\u00f6nemin Bal\u0131kesir Emniyet M\u00fcd\u00fcr\u00fc ile telefonda konu\u015ftum. \u2019Sedat\u2019\u0131 hastaneye yeti\u015ftirin\u2019 dedim. Emniyet M\u00fcd\u00fcr\u00fc\u2019ne \u2019Mehmet \u00d6zbay, Mehmet \u00d6zbay olmayabilir, dikkat et\u2019 dedim. \u00c7\u00fcnk\u00fc Perin\u00e7ek, iki ay \u00f6nce Mehmet \u00d6zbay\u2019\u0131n Abdullah \u00c7atl\u0131 oldu\u011funu TBMM Ba\u015fkanl\u0131\u011f\u0131na bildirmi\u015fti.\u201d<\/p>\n<p style=\"text-align: justify;\"><strong><em>\u00c7atl\u0131\u2019ya kimli\u011fi devlet verdi <\/em><\/strong><\/p>\n<p style=\"text-align: justify;\">\u201c\u00c7atl\u0131\u2019n\u0131n \u00fczerinde sahte kimlik var dediler. Devletin verdi\u011fi sahte kimlik, pasaport olmaz. Neden bu incelenmedi? Ama ben Susurluk\u2019un merkezinde hala yarg\u0131lan\u0131yorum, bu ay\u0131pt\u0131r. Ergenekon \u2019T\u00fcrk\u2019\u00fcn k\u0131blesi, mihrab\u0131 ve do\u011fdu\u011fu yer\u2019dir. Veli K\u00fc\u00e7\u00fck\u2019\u00fc su\u00e7lamak i\u00e7in yalanc\u0131, gizli tan\u0131klar, Osman Y\u0131ld\u0131r\u0131m\u2019\u0131 getirdiler. Osman Y\u0131ld\u0131r\u0131m, Veli K\u00fc\u00e7\u00fck\u2019\u00fcn her \u015feyini anlat\u0131yor, sonra s\u00f6ylediklerinin yalan oldu\u011fu ispatlan\u0131yor. Ba\u015fka gizli tan\u0131klar da vard\u0131r, biz i\u00e7eride onlar\u0131 bekleyece\u011fiz.\u201d<\/p>\n<p style=\"text-align: justify;\"><strong><em>T\u00dcRK\u0130YE\u2019Y\u0130 SARSAN KAZA <\/em><\/strong><\/p>\n<p style=\"text-align: justify;\">3 Kas\u0131m 1996\u2019da saat 19.25 sular\u0131nda Susurluk yak\u0131nlar\u0131nda meydana gelen kaza, yasad\u0131\u015f\u0131 polis-mafya-a\u015firet ili\u015fkilerini ortaya \u00e7\u0131karm\u0131\u015ft\u0131. Bir kamyonun \u00e7arpt\u0131\u011f\u0131 Mercedes\u2019i kullanan eski emniyet m\u00fcd\u00fcr\u00fc H\u00fcseyin Kocada\u011f, \u00fczerinde Mehmet \u00d6zbay kimli\u011fi bulunan Abdullah \u00c7atl\u0131 ve Melahat \u00d6zbay sahte kimlikli, Gonca Us \u00f6lm\u00fc\u015f, DYP \u015eanl\u0131urfa Milletvekili Sedat Bucak yaralanm\u0131\u015ft\u0131.<\/p>\n<p style=\"text-align: justify;\"><strong><em>\u0130\u015eTE SUSURLUK S\u0130LAHLARI <\/em><\/strong><\/p>\n<p style=\"text-align: justify;\">TBMM Susurluk Ara\u015ft\u0131rma Komisyonu Raporuna g\u00f6re kaza yapan ara\u00e7 i\u00e7erisinde bulunan silahlar \u015funlard\u0131: \u201c2 adet MP-5 tam otomatik tabanca, bunlara ait bir adedi 20, 3 adedi 30 fi\u015fek kapasiteli 4 adet \u015farj\u00f6r, iki adet 9X19 mm \u00e7apl\u0131 Tarig marka tabanca ve buna ait \u015farj\u00f6r, bir adet 22 Calibre Baretta marka ucunda susturucu tak\u0131lmak \u00fczere k\u0131lavuz a\u00e7\u0131lm\u0131\u015f tabanca ve bir adet \u015farj\u00f6r, 22 kalibre Baretta marka tabancada kullan\u0131lmak \u00fczere bir adet susturucu ve bir adet ham susturucu, 20 adet 22 kalibre \u00e7ap\u0131nda fi\u015fek, bir adet 9 mm \u00e7ap\u0131nda Sig Sauer marka tabanca ve bir adet \u015farj\u00f6r, 175 adet 9X19 mm \u00e7ap\u0131nda fi\u015fek, be\u015f adet 9X19 mm \u00e7ap\u0131nda yabanc\u0131 men\u015feli fi\u015fek, 13 adet 7,62X54 mm \u00e7ap\u0131nda fi\u015fek cinsinden silah ve m\u00fchimmat.\u201d<\/p>\n<p style=\"text-align: justify;\"><span style=\"color: #888888;\">Haber Kayna\u011f\u0131 : Haber1.com<\/span><\/p>\n","protected":false},"excerpt":{"rendered":"<p style=\"text-align: center;\">\n<p style=\"text-align: justify;\">Devlet g\u00f6rev verdi ben yapt\u0131m, siz as\u0131l Susurluk\u2019taki silahlar\u0131 kim verdi ona bak\u0131n!<\/p>\n<p style=\"text-align: justify;\">Emekli Tu\u011fgeneral Veli K\u00fc\u00e7\u00fck, savunmas\u0131nda Susurluk\u2019la ilgili ilgin\u00e7 imalarda bulundu. Kazada ara\u00e7tan \u00e7\u0131kan silahlar\u0131n nereden geldi\u011finin bilindi\u011fini ama incelenmedi\u011fini iddia eden K\u00fc\u00e7\u00fck, \u201cAma ben Susurluk\u2019un merkezinde hala yarg\u0131lan\u0131yorum, bu ay\u0131pt\u0131r\u201d dedi. <\/p>\n","protected":false},"author":1,"featured_media":0,"comment_status":"open","ping_status":"closed","sticky":false,"template":"","format":"standard","meta":{"footnotes":""},"categories":[105],"tags":[],"class_list":["post-18675","post","type-post","status-publish","format-standard","hentry","category-gundem","odd"],"_links":{"self":[{"href":"http:\/\/www.korhanyilmaz.com\/index.php?rest_route=\/wp\/v2\/posts\/18675","targetHints":{"allow":["GET"]}}],"collection":[{"href":"http:\/\/www.korhanyilmaz.com\/index.php?rest_route=\/wp\/v2\/posts"}],"about":[{"href":"http:\/\/www.korhanyilmaz.com\/index.php?rest_route=\/wp\/v2\/types\/post"}],"author":[{"embeddable":true,"href":"http:\/\/www.korhanyilmaz.com\/index.php?rest_route=\/wp\/v2\/users\/1"}],"replies":[{"embeddable":true,"href":"http:\/\/www.korhanyilmaz.com\/index.php?rest_route=%2Fwp%2Fv2%2Fcomments&post=18675"}],"version-history":[{"count":0,"href":"http:\/\/www.korhanyilmaz.com\/index.php?rest_route=\/wp\/v2\/posts\/18675\/revisions"}],"wp:attachment":[{"href":"http:\/\/www.korhanyilmaz.com\/index.php?rest_route=%2Fwp%2Fv2%2Fmedia&parent=18675"}],"wp:term":[{"taxonomy":"category","embeddable":true,"href":"http:\/\/www.korhanyilmaz.com\/index.php?rest_route=%2Fwp%2Fv2%2Fcategories&post=18675"},{"taxonomy":"post_tag","embeddable":true,"href":"http:\/\/www.korhanyilmaz.com\/index.php?rest_route=%2Fwp%2Fv2%2Ftags&post=18675"}],"curies":[{"name":"wp","href":"https:\/\/api.w.org\/{rel}","templated":true}]}}