{"id":18664,"date":"2010-01-31T10:03:08","date_gmt":"2010-01-31T08:03:08","guid":{"rendered":"http:\/\/www.korhanyilmaz.com\/?p=18664"},"modified":"2010-01-31T10:03:08","modified_gmt":"2010-01-31T08:03:08","slug":"kazilardan-once-poyrazkoy%e2%80%99de-esrarengiz-amerikan-araci","status":"publish","type":"post","link":"http:\/\/www.korhanyilmaz.com\/?p=18664","title":{"rendered":"Kaz\u0131lardan \u00f6nce Poyrazk\u00f6y\u2019de Esrarengiz Amerikan arac\u0131"},"content":{"rendered":"<p style=\"text-align: center;\"><a href=\"http:\/\/www.korhanyilmaz.com\/wp-content\/uploads\/2010\/01\/poyrazkoy2.jpg\"  class=\"lightview\"><img loading=\"lazy\" decoding=\"async\" class=\"aligncenter size-full wp-image-18665\" src=\"http:\/\/www.korhanyilmaz.com\/wp-content\/uploads\/2010\/01\/poyrazkoy2.jpg\" alt=\"\" width=\"350\" height=\"210\" \/><\/a><\/p>\n<p style=\"text-align: justify;\">Poyrazk\u00f6y kaz\u0131lar\u0131yla ilgili iddianamede ilgin\u00e7 bir detay ortaya \u00e7\u0131kt\u0131.<\/p>\n<p style=\"text-align: justify;\">\u0130ddianameye g\u00f6re, kaz\u0131lardan 17 g\u00fcn \u00f6nce, 7 Nisan 2009\u2019da Amerikan Konsoloslu\u011fu\u2019na ait bir ara\u00e7 askeri b\u00f6lgede dola\u015ft\u0131 ve ara\u00e7tan foto\u011fraflar \u00e7ekildi. <!--more--><\/p>\n<p style=\"text-align: justify;\">Ge\u00e7en \u00e7ar\u015famba g\u00fcn\u00fc kabul edilen Poyrazk\u00f6y iddianamesine giren telefon kay\u0131tlar\u0131nda Amerikan konsoloslu\u011funa ait bir arac\u0131n, askeri b\u00f6lgede foto\u011fraf \u00e7ekti\u011fi ve durumun jandarmaya bildirildi ortaya \u00e7\u0131kt\u0131. San\u0131klardan binba\u015f\u0131 Eren G\u00fcnal\u2019\u0131n telefonundan yap\u0131lan bir g\u00f6r\u00fc\u015fmede Sedat isimli bir yarbay\u0131n \u201cResim \u00e7eken falan bir asker\u201d dedi\u011fi, buna kar\u015f\u0131l\u0131k Oktay isimli di\u011fer yarbay\u0131n \u201cTamam efendim ara\u00e7 Amerikan Konsoloslu\u011fu\u2019ndanm\u0131\u015f \u015fimdi jandarma yan\u0131mda tamam efendim\u201d dedi\u011fi belirlendi. Bu g\u00f6r\u00fc\u015fmenin tarihi de son derece dikkat \u00e7ekici. Zira Amerikan Konsoloslu\u011fu\u2019na ait ara\u00e7 Poyrazk\u00f6y\u2019de cephaneli\u011fin bulundu\u011fu 24 Nisan 2009 tarihindeki kaz\u0131dan 17 g\u00fcn \u00f6nce b\u00f6lgede dola\u015fm\u0131\u015f.<\/p>\n<p style=\"text-align: justify;\"><strong><em>\u2018Efes 2009 tatbikat\u0131\u2019 <\/em><\/strong><\/p>\n<p style=\"text-align: justify;\">Bu durumun soruldu\u011fu san\u0131k Eren G\u00fcnal, konu\u015fmay\u0131 yapan Sedat yarbayla \u0130zmir Fo\u00e7a\u2019da \u201cEfes 2009\u201d tatbikat\u0131 i\u00e7in birlikte bulunduklar\u0131n\u0131 ve planlama toplant\u0131s\u0131na kat\u0131ld\u0131klar\u0131n\u0131, g\u00f6r\u00fc\u015fmelerin genelde buna ili\u015fkin g\u00f6r\u00fc\u015fmeler oldu\u011funu ileri s\u00fcrd\u00fc. Ancak daha sonra al\u0131nan ek savunmas\u0131nda iki yarbay\u0131n konu\u015ftu\u011fu konunun o g\u00fcn konsolosluk arac\u0131n\u0131n yanl\u0131\u015fl\u0131kla askeri b\u00f6lgeye girmesi ve g\u00f6revliler taraf\u0131ndan ikaz edilerek b\u00f6lgeden uzakla\u015ft\u0131r\u0131lmas\u0131yla ilgili oldu\u011funu iddia etti. Savc\u0131l\u0131k ise bu esrarengiz olay i\u00e7in yapt\u0131\u011f\u0131 de\u011ferlendirmede, g\u00f6r\u00fc\u015fmenin Efes 2009 tatbikat\u0131 ile ilgisi oldu\u011fu iddialar\u0131n\u0131n \u201cinand\u0131r\u0131c\u0131 olmad\u0131\u011f\u0131n\u0131\u201d belirtti.<\/p>\n<p style=\"text-align: justify;\"><strong><em>Darbe sorular\u0131 <\/em><\/strong><\/p>\n<p style=\"text-align: justify;\">Emekli kuvvet komutanlar\u0131n\u0131n Ergenekon soru\u015fturmas\u0131n\u0131 y\u00fcr\u00fcten savc\u0131lara ifade vermesine yol a\u00e7an \u201c Sar\u0131k\u0131z , Ay\u0131\u015f\u0131\u011f\u0131 , Yakamoz ve Eldiven\u201d darbe planlar\u0131, Poyrazk\u00f6y iddianamesinde de soru olarak yer ald\u0131. \u0130ddianamenin, \u0130stanbul\u2019daki SAT Grup Komutanl\u0131\u011f\u0131\u2019nda g\u00f6revli deniz binba\u015f\u0131 Eren G\u00fcnay\u2019a ili\u015fkin b\u00f6l\u00fcmde, \u201c2003-2004 y\u0131llar\u0131nda yap\u0131lmas\u0131 planlanan Sar\u0131k\u0131z, Ay\u0131\u015f\u0131\u011f\u0131, Yakamoz ve Eldiven kod adl\u0131 darbe planlar\u0131 ile ilgili hi\u00e7 bir bilgisinin olmad\u0131\u011f\u0131n\u0131, kendisinin o tarihlerde \u0130stanbul\u2019da g\u00f6revli oldu\u011funu belirtmi\u015ftir\u201d denildi. Deniz Kurmay K\u0131demli Albay \u0130brahim Koray \u00d6zyurt\u2019a da 2003-2004 y\u0131llar\u0131nda yap\u0131lmas\u0131 planlanan Sar\u0131k\u0131z, Ay\u0131\u015f\u0131\u011f\u0131, Yakamoz ve Eldiven kod adl\u0131 darbe planlar\u0131n\u0131n soruldu\u011fu, ancak hi\u00e7birinden haberdar olmad\u0131\u011f\u0131n\u0131, belirtilen darbe \u00e7al\u0131\u015fmalar\u0131nda g\u00f6rev almad\u0131\u011f\u0131n\u0131 beyan etti\u011fi belirtildi.<\/p>\n<p style=\"text-align: justify;\"><strong><em>\u2018Kardak y\u00fcz\u00fcnden hedef se\u00e7ildik\u2019 <\/em><\/strong><\/p>\n<p style=\"text-align: justify;\">Poyrazk\u00f6y iddianamesinin san\u0131klar\u0131ndan subaylar Ercan Kire\u00e7tepe, Erme Onat, Eren G\u00fcnay, Mustafa Turhan Ecevit ile astsubay Ergin Geldikaya\u2019n\u0131n ortak noktas\u0131 Kardak krizi. San\u0131klar, Kardak krizi s\u0131ras\u0131nda destek amac\u0131yla \u00d6zel Kuvvetler Komutanl\u0131\u011f\u0131\u2019ndan bir ekibin geldi\u011fini, bu ekibin ba\u015f\u0131nda da G\u00f6kta\u015f\u2019\u0131n bulunmas\u0131 nedeniyle onu tan\u0131d\u0131klar\u0131n\u0131 ya da ismini duyduklar\u0131n\u0131 s\u00f6ylediler. G\u00f6kta\u015f\u2019\u0131 \u201ciyi bir asker\u201d olarak bildiklerini belirten san\u0131klardan baz\u0131lar\u0131, daha sonra da birka\u00e7 kez kendisiyle g\u00f6r\u00fc\u015ft\u00fcklerini ifade ettiler. San\u0131klardan Kire\u00e7tepe ve G\u00fcnay, su\u00e7lamalar\u0131 reddederken , Kardak Operasyonu\u2019nda g\u00f6rev almalar\u0131 nedeniyle d\u0131\u015f g\u00fc\u00e7ler taraf\u0131ndan hedef se\u00e7ilmi\u015f olabileceklerini iddia ettiler. Baz\u0131 san\u0131klar ise terfi y\u0131llar\u0131 oldu\u011funu, ba\u015far\u0131lar\u0131ndan dolay\u0131 \u00f6nlerinin kesilmesi i\u00e7in kendileri hakk\u0131nda ihbar mektuplar\u0131 g\u00f6nderildi\u011fini ileri s\u00fcrd\u00fcler.<\/p>\n<p style=\"text-align: justify;\"><span style=\"color: #888888;\">Haber Kayna\u011f\u0131 : Haber1.com<\/span><\/p>\n","protected":false},"excerpt":{"rendered":"<p style=\"text-align: center;\">\n<p style=\"text-align: justify;\">Poyrazk\u00f6y kaz\u0131lar\u0131yla ilgili iddianamede ilgin\u00e7 bir detay ortaya \u00e7\u0131kt\u0131.<\/p>\n<p style=\"text-align: justify;\">\u0130ddianameye g\u00f6re, kaz\u0131lardan 17 g\u00fcn \u00f6nce, 7 Nisan 2009\u2019da Amerikan Konsoloslu\u011fu\u2019na ait bir ara\u00e7 askeri b\u00f6lgede dola\u015ft\u0131 ve ara\u00e7tan foto\u011fraflar \u00e7ekildi. <\/p>\n","protected":false},"author":1,"featured_media":0,"comment_status":"open","ping_status":"closed","sticky":false,"template":"","format":"standard","meta":{"footnotes":""},"categories":[105],"tags":[],"class_list":["post-18664","post","type-post","status-publish","format-standard","hentry","category-gundem","odd"],"_links":{"self":[{"href":"http:\/\/www.korhanyilmaz.com\/index.php?rest_route=\/wp\/v2\/posts\/18664","targetHints":{"allow":["GET"]}}],"collection":[{"href":"http:\/\/www.korhanyilmaz.com\/index.php?rest_route=\/wp\/v2\/posts"}],"about":[{"href":"http:\/\/www.korhanyilmaz.com\/index.php?rest_route=\/wp\/v2\/types\/post"}],"author":[{"embeddable":true,"href":"http:\/\/www.korhanyilmaz.com\/index.php?rest_route=\/wp\/v2\/users\/1"}],"replies":[{"embeddable":true,"href":"http:\/\/www.korhanyilmaz.com\/index.php?rest_route=%2Fwp%2Fv2%2Fcomments&post=18664"}],"version-history":[{"count":0,"href":"http:\/\/www.korhanyilmaz.com\/index.php?rest_route=\/wp\/v2\/posts\/18664\/revisions"}],"wp:attachment":[{"href":"http:\/\/www.korhanyilmaz.com\/index.php?rest_route=%2Fwp%2Fv2%2Fmedia&parent=18664"}],"wp:term":[{"taxonomy":"category","embeddable":true,"href":"http:\/\/www.korhanyilmaz.com\/index.php?rest_route=%2Fwp%2Fv2%2Fcategories&post=18664"},{"taxonomy":"post_tag","embeddable":true,"href":"http:\/\/www.korhanyilmaz.com\/index.php?rest_route=%2Fwp%2Fv2%2Ftags&post=18664"}],"curies":[{"name":"wp","href":"https:\/\/api.w.org\/{rel}","templated":true}]}}