{"id":18660,"date":"2010-01-31T10:55:17","date_gmt":"2010-01-31T08:55:17","guid":{"rendered":"http:\/\/www.korhanyilmaz.com\/?p=18660"},"modified":"2010-01-31T10:55:17","modified_gmt":"2010-01-31T08:55:17","slug":"ak-partide-kanadoglu-ofkesi-dinmiyor","status":"publish","type":"post","link":"http:\/\/www.korhanyilmaz.com\/?p=18660","title":{"rendered":"AK Parti&#039;de Kanado\u011flu \u00f6fkesi dinmiyor"},"content":{"rendered":"<p style=\"text-align: center;\"><a href=\"http:\/\/www.korhanyilmaz.com\/wp-content\/uploads\/2010\/01\/kanadoglu1.jpg\"  class=\"lightview\"><img loading=\"lazy\" decoding=\"async\" class=\"aligncenter size-full wp-image-18661\" src=\"http:\/\/www.korhanyilmaz.com\/wp-content\/uploads\/2010\/01\/kanadoglu1.jpg\" alt=\"\" width=\"311\" height=\"233\" \/><\/a><\/p>\n<p style=\"text-align: justify;\">AK Parti Genel Ba\u015fkan Yard\u0131mc\u0131s\u0131 Ahmet Edip U\u011fur, &#8220;Hukuk alan\u0131nda kendisine en onursal d\u00fczeyde paye izafe edilen bir kimse, \u2019Milletin meclisinin anayasa yapamayaca\u011f\u0131n\u0131, bu meclisin buna hakk\u0131 bulunmad\u0131\u011f\u0131n\u0131\u2019 s\u00f6ylemez&#8221; dedi.<\/p>\n<p style=\"text-align: justify;\">U\u011fur, AA muhabirine yapt\u0131\u011f\u0131 a\u00e7\u0131klamada, Bal\u0131kesir Barosu\u2019nun 90. kurulu\u015f y\u0131l d\u00f6n\u00fcm\u00fc etkinlikleri kapsam\u0131nda d\u00fczenledi\u011fi &#8220;Hukuk Devletinde Yarg\u0131 Ba\u011f\u0131ms\u0131zl\u0131\u011f\u0131&#8221; konulu konferansta iktidar\u0131n Anayasa\u2019y\u0131 de\u011fi\u015ftiremeyece\u011fini ileri s\u00fcren Yarg\u0131tay Onursal Ba\u015fsavc\u0131s\u0131 Sabih Kanado\u011flu\u2019nun ifadelerini \u00fcz\u00fcnt\u00fcyle kar\u015f\u0131lad\u0131\u011f\u0131n\u0131 s\u00f6yledi. <!--more--><\/p>\n<p style=\"text-align: justify;\">Kanado\u011flu, eski YARSAV Ba\u015fkan\u0131 \u00d6mer Faruk Emina\u011fao\u011flu ve Bah\u00e7e\u015fehir \u00dcniversitesi Hukuk Fak\u00fcltesi \u00f6\u011fretim \u00fcyesi Prof. Dr. S\u00fcheyl Batum\u2019un, konferansta h\u00fck\u00fcmete a\u011f\u0131r ele\u015ftiriler y\u00f6nelttiklerini kaydeden U\u011fur, &#8220;hukuk\u00e7u&#8221; s\u0131fat\u0131yla ortaya \u00e7\u0131kan insanlardan, ilk \u00f6nce hukuka sayg\u0131l\u0131 olmalar\u0131n\u0131 beklediklerini ifade etti. U\u011fur, \u015funlar\u0131 kaydetti: &#8220;Yarg\u0131 i\u00e7in \u2019ba\u011f\u0131ms\u0131zl\u0131k\u2019 talebinde bulunanlar\u0131n \u00f6nce kendilerinin \u2019tarafs\u0131z\u2019 olmalar\u0131 gerekir. Bunlar\u0131n a\u011fz\u0131ndan \u015fimdiye kadar hi\u00e7 b\u00f6yle bir talep duymad\u0131k. Duyamazs\u0131n\u0131z \u00e7\u00fcnk\u00fc bunlar, yarg\u0131n\u0131n ba\u011f\u0131ms\u0131z olmas\u0131 gerekti\u011fini s\u00f6ylerler de tarafs\u0131z olmas\u0131n\u0131 asla istemezler. \u00c7\u00fcnk\u00fc onlar ger\u00e7ekte bir siyasi zihniyetin misyonerleridir. Onlar AK Parti iktidar\u0131yla iktidarlar\u0131n\u0131 kaybetmi\u015f se\u00e7kinler ve se\u00e7kincilerdir.&#8221; Kanado\u011flu ve arkada\u015flar\u0131n\u0131n konferanstaki ele\u015ftirilerinin TBMM\u2019ne sayg\u0131s\u0131zl\u0131k ve hukuk d\u0131\u015f\u0131 oldu\u011funu ileri s\u00fcren U\u011fur, \u015f\u00f6yle devam etti: &#8220;Hukuk alan\u0131nda kendisine en onursal d\u00fczeyde paye izafe edilen bir kimse, \u2019Milletin meclisinin Anayasa yapamayaca\u011f\u0131n\u0131, bu meclisin buna hakk\u0131 bulunmad\u0131\u011f\u0131n\u0131\u2019 s\u00f6ylemez. Milli iradeye ve onun tecelligah\u0131 olan T\u00fcrkiye B\u00fcy\u00fck Millet Meclisine sayg\u0131l\u0131 olur. Bu s\u00f6zler y\u00fcksek yarg\u0131n\u0131n \u2019onursal\u2019 s\u0131fatlar\u0131na lay\u0131k g\u00f6r\u00fclen insanlar\u0131n s\u00f6yleyece\u011fi s\u00f6zler de\u011fildir.<\/p>\n<p style=\"text-align: justify;\">Hukuk d\u0131\u015f\u0131 bu de\u011ferlendirmeleri ben bas\u0131ndan takip ettim, hi\u00e7 \u015fa\u015f\u0131rmad\u0131m.<\/p>\n<p style=\"text-align: justify;\">\u00c7\u00fcnk\u00fc malum zevat, hayatlar\u0131n\u0131n hi\u00e7bir d\u00f6neminde \u2019ba\u011f\u0131ms\u0131z\u2019 olamam\u0131\u015f ve malum zihniyete \u2019siyasi kardinal\u2019 gibi vazife yapm\u0131\u015flard\u0131r. Dolay\u0131s\u0131yla hukuktan filan dem vurarak yarg\u0131ya ba\u011f\u0131ms\u0131zl\u0131k isteme haklar\u0131 bulunmamaktad\u0131r.<\/p>\n<p style=\"text-align: justify;\">B\u00fcy\u00fck Meclise oldu\u011fu gibi onlar millete de g\u00fcvenmezler. Sadece hukuk\u00e7u kimli\u011fiyle siyaset davulu \u00e7alarlar. Ancak davulu da ba\u015fkalar\u0131na ta\u015f\u0131t\u0131p tokma\u011f\u0131 elden b\u0131rakmazlar. Halbuki tam da emekli olmu\u015fken bir siyasi parti kurarak kendi davulunu kendilerinin ta\u015f\u0131mas\u0131 daha isabetli olurdu.<\/p>\n<p style=\"text-align: justify;\">Kanado\u011flu ve arkada\u015flar\u0131 bu yolla belki kendisine alk\u0131\u015f\u0131 esirgemeyen MHP de dahil olmak \u00fczere t\u00fcm AK Parti muhaliflerini bir \u00e7at\u0131 alt\u0131nda iktidara ta\u015f\u0131y\u0131p istedikleri gibi bir anayasa yapma imkan\u0131na da kavu\u015fabilirler diye d\u00fc\u015f\u00fcn\u00fcyorum.&#8221;<\/p>\n<p style=\"text-align: justify;\"><span style=\"color: #888888;\">Haber Kayna\u011f\u0131 : Haber1.com<\/span><\/p>\n","protected":false},"excerpt":{"rendered":"<p style=\"text-align: center;\">\n<p style=\"text-align: justify;\">AK Parti Genel Ba\u015fkan Yard\u0131mc\u0131s\u0131 Ahmet Edip U\u011fur, &#8220;Hukuk alan\u0131nda kendisine en onursal d\u00fczeyde paye izafe edilen bir kimse, \u2019Milletin meclisinin anayasa yapamayaca\u011f\u0131n\u0131, bu meclisin buna hakk\u0131 bulunmad\u0131\u011f\u0131n\u0131\u2019 s\u00f6ylemez&#8221; dedi.<\/p>\n<p style=\"text-align: justify;\">U\u011fur, AA muhabirine yapt\u0131\u011f\u0131 a\u00e7\u0131klamada, Bal\u0131kesir Barosu\u2019nun 90. kurulu\u015f y\u0131l d\u00f6n\u00fcm\u00fc etkinlikleri kapsam\u0131nda d\u00fczenledi\u011fi &#8220;Hukuk Devletinde Yarg\u0131 Ba\u011f\u0131ms\u0131zl\u0131\u011f\u0131&#8221; <\/p>\n","protected":false},"author":1,"featured_media":0,"comment_status":"open","ping_status":"closed","sticky":false,"template":"","format":"standard","meta":{"footnotes":""},"categories":[105],"tags":[],"class_list":["post-18660","post","type-post","status-publish","format-standard","hentry","category-gundem","odd"],"_links":{"self":[{"href":"http:\/\/www.korhanyilmaz.com\/index.php?rest_route=\/wp\/v2\/posts\/18660","targetHints":{"allow":["GET"]}}],"collection":[{"href":"http:\/\/www.korhanyilmaz.com\/index.php?rest_route=\/wp\/v2\/posts"}],"about":[{"href":"http:\/\/www.korhanyilmaz.com\/index.php?rest_route=\/wp\/v2\/types\/post"}],"author":[{"embeddable":true,"href":"http:\/\/www.korhanyilmaz.com\/index.php?rest_route=\/wp\/v2\/users\/1"}],"replies":[{"embeddable":true,"href":"http:\/\/www.korhanyilmaz.com\/index.php?rest_route=%2Fwp%2Fv2%2Fcomments&post=18660"}],"version-history":[{"count":0,"href":"http:\/\/www.korhanyilmaz.com\/index.php?rest_route=\/wp\/v2\/posts\/18660\/revisions"}],"wp:attachment":[{"href":"http:\/\/www.korhanyilmaz.com\/index.php?rest_route=%2Fwp%2Fv2%2Fmedia&parent=18660"}],"wp:term":[{"taxonomy":"category","embeddable":true,"href":"http:\/\/www.korhanyilmaz.com\/index.php?rest_route=%2Fwp%2Fv2%2Fcategories&post=18660"},{"taxonomy":"post_tag","embeddable":true,"href":"http:\/\/www.korhanyilmaz.com\/index.php?rest_route=%2Fwp%2Fv2%2Ftags&post=18660"}],"curies":[{"name":"wp","href":"https:\/\/api.w.org\/{rel}","templated":true}]}}