{"id":18645,"date":"2010-01-29T13:05:43","date_gmt":"2010-01-29T11:05:43","guid":{"rendered":"http:\/\/www.korhanyilmaz.com\/?p=18645"},"modified":"2010-01-29T13:05:43","modified_gmt":"2010-01-29T11:05:43","slug":"eylem-cadirinda-yas","status":"publish","type":"post","link":"http:\/\/www.korhanyilmaz.com\/?p=18645","title":{"rendered":"Eylem \u00e7ad\u0131r\u0131nda yas"},"content":{"rendered":"<p style=\"text-align: center;\"><a href=\"http:\/\/www.korhanyilmaz.com\/wp-content\/uploads\/2010\/01\/yas.jpg\"  class=\"lightview\"><img loading=\"lazy\" decoding=\"async\" class=\"aligncenter size-full wp-image-18646\" src=\"http:\/\/www.korhanyilmaz.com\/wp-content\/uploads\/2010\/01\/yas.jpg\" alt=\"\" width=\"350\" height=\"210\" \/><\/a><\/p>\n<p style=\"text-align: justify;\">ANKARA\u2019daki eyleme kat\u0131lan Batmanl\u0131 Tekel i\u015f\u00e7isi 49 ya\u015f\u0131ndaki H\u00fcseyin Arslan\u2019\u0131n ya\u015fad\u0131\u011f\u0131 aile dram\u0131 y\u00fcrek s\u0131zlatt\u0131.<\/p>\n<p style=\"text-align: justify;\">Arslan eylemde oldu\u011fu s\u0131rada, \u2018talasemi\u2019 hastas\u0131 k\u0131z\u0131 14 ya\u015f\u0131ndaki Mizgin Arslan\u2019\u0131n durumunun k\u00f6t\u00fcle\u015fti\u011fi haberini ald\u0131. Arkada\u015flar\u0131n\u0131n aralar\u0131nda toplad\u0131\u011f\u0131 parayla memleketine d\u00f6nen baba, k\u0131z\u0131n\u0131n cenazesiyle kar\u015f\u0131la\u015ft\u0131. Son nefesinde yan\u0131nda olamad\u0131\u011f\u0131 k\u0131z\u0131n\u0131 g\u00f6zya\u015flar\u0131 aras\u0131nda topra\u011fa veren Arslan, yeniden Ankara\u2019ya d\u00f6nerek eylemci arkada\u015flar\u0131n\u0131n aras\u0131nda yerini ald\u0131. Di\u011fer \u00e7ocuklar\u0131n\u0131n gelece\u011fi i\u00e7in \u00e7ad\u0131rda oldu\u011funu belirten H\u00fcseyin Arslan, Ba\u015fbakan Recep Tayyip Erodo\u011fan&#8217;\u0131n sorunlar\u0131n\u0131 \u00e7\u00f6zmesini istedi. <!--more--><\/p>\n<p style=\"text-align: justify;\">Batman\u2019\u0131n Kozluk \u0130l\u00e7esi\u2019ne ba\u011fl\u0131 Ula\u015fl\u0131 K\u00f6y\u00fc Kale Mezras\u0131\u2019nda ya\u015fayan, Tekel Kozluk Bekirhan T\u00fct\u00fcn \u0130\u015fletmesi\u2019nde \u00e7al\u0131\u015fan 10 \u00e7ocuk babas\u0131 H\u00fcseyin Aslan&#8217;\u0131n, bir aile dram\u0131 ya\u015fad\u0131\u011f\u0131 ortaya \u00e7\u0131kt\u0131. Daha \u00f6nce 2 k\u0131z\u0131n\u0131 14 ve 15 ya\u015flar\u0131nda \u2018telasemi&#8217;den kaybeden H\u00fcseyin Arslan&#8217;\u0131n, Mizgin&#8217;le birlikte 3&#8217;\u00fcnc\u00fc \u00e7ocu\u011fu da hastal\u0131k kurban\u0131 oldu. H\u00fcseyin Arslan&#8217;\u0131n hayatta kalan 7 \u00e7ocu\u011fundan, o\u011flu Ula\u015fl\u0131 K\u00f6y\u00fc \u0130lk\u00f6\u011fretim Okulu 1&#8217;inci s\u0131n\u0131f \u00f6\u011frencisi 7 ya\u015f\u0131ndaki Osman&#8217;\u0131n da ayn\u0131 hastal\u0131kla m\u00fccadele etti\u011fi belirtildi. Ailenin di\u011fer 6 \u00e7ocu\u011fundan 18 ya\u015f\u0131ndaki Ahmet&#8217;in liseden terk oldu\u011fu, 15 ya\u015f\u0131ndaki Kamile&#8217;nin ise Kozluk Yat\u0131l\u0131 \u0130lk\u00f6\u011fretim B\u00f6lge Okulu\u2019nda 8\u2019inci s\u0131n\u0131fta okudu\u011fu kaydedildi. 13 ya\u015f\u0131nda Filiz, 10 ya\u015f\u0131nda Mehdiye, 9 ya\u015f\u0131ndaki Mehmet ve 8 ya\u015f\u0131ndaki Yusuf&#8217;un Ula\u015fl\u0131 K\u00f6y\u00fc \u0130lk\u00f6\u011fretim Okulu&#8217;na gittikleri, bu 6 \u00e7ocukta hastal\u0131k bulunmad\u0131\u011f\u0131 belirtildi.<\/p>\n<p style=\"text-align: justify;\"><strong><em>SON NEFES\u0130NDE KIZININ YANINDA OLAMADI<\/em><\/strong><\/p>\n<p style=\"text-align: justify;\"><a href=\"http:\/\/www.korhanyilmaz.com\/wp-content\/uploads\/2010\/01\/290120101303203859475_2.jpg\"  class=\"lightview\"><img loading=\"lazy\" decoding=\"async\" class=\"alignleft size-full wp-image-18647\" style=\"margin-left: 5px; margin-right: 5px;\" src=\"http:\/\/www.korhanyilmaz.com\/wp-content\/uploads\/2010\/01\/290120101303203859475_2.jpg\" alt=\"\" width=\"176\" height=\"107\" \/><\/a>Ya\u015fad\u0131\u011f\u0131 bu ac\u0131lara ra\u011fmen, ailesinin tek ge\u00e7im kayna\u011f\u0131 olan i\u015fini kaybetmemek i\u00e7in Ankara\u2019daki Tekel i\u015f\u00e7ilerin eylemine kat\u0131lan Arslan&#8217;a, 10 g\u00fcn \u00f6nce eylemde oldu\u011fu s\u0131rada, \u2018talasemi\u2019 hastas\u0131 k\u0131z\u0131 Ulu\u015fl\u0131 K\u00f6y\u00fc \u0130lk\u00f6\u011fretim Okulu 2\u2019inci s\u0131n\u0131f \u00f6\u011frencisi Mizgin Arslan\u2019\u0131n durumunun a\u011f\u0131rla\u015ft\u0131\u011f\u0131 haberi geldi.<\/p>\n<p style=\"text-align: justify;\">Bunun \u00fczerine eylemdeki arkada\u015flar\u0131 aralar\u0131nda para toplay\u0131p, Aslan\u2019\u0131 Batman\u2019a g\u00f6nderdi. Ancak Tekel i\u015f\u00e7isi baba memleketine ula\u015ft\u0131\u011f\u0131nda, k\u0131z\u0131n\u0131n cenazesiyle kar\u015f\u0131la\u015ft\u0131. Son nefesinde yan\u0131nda olamad\u0131\u011f\u0131 k\u0131z\u0131n\u0131 g\u00f6zya\u015flar\u0131 aras\u0131nda topra\u011fa veren baba, arkada\u015flar\u0131na destek vermek i\u00e7in yeniden Ankara\u2019ya d\u00f6n\u00fcp eyleme kat\u0131ld\u0131.<\/p>\n<p style=\"text-align: justify;\"><strong><em>2 KIZLARI DAHA TELASEM\u0130&#8217;DEN \u00d6LM\u00dc\u015e<\/em><\/strong><\/p>\n<p style=\"text-align: justify;\">K\u0131z\u0131n\u0131 kaybetmenin ac\u0131s\u0131n\u0131 ya\u015fayan anne Sadiye Arslan, 3 y\u0131l \u00f6nce Talasemi hastal\u0131\u011f\u0131ndan k\u0131zlar\u0131 14 ya\u015f\u0131ndaki Semra\u2019y\u0131, 1.5 y\u0131l \u00f6nce de 15 ya\u015f\u0131ndaki Melek\u015fah\u2019\u0131 kaybettiklerini anlatt\u0131. Anne Arslan, \u201cSon olarak 10 g\u00fcn \u00f6nce ayn\u0131 hastal\u0131ktan k\u0131z\u0131m Mizgin\u2019i kaybettik. 7 ya\u015f\u0131ndaki o\u011flum Osman da ayn\u0131 hastal\u0131kla pencele\u015fiyor\u201d dedi.<\/p>\n<p style=\"text-align: justify;\">Tek sosyal g\u00fcvenceleri ve ge\u00e7im kaynaklar\u0131n\u0131n e\u015finin i\u015fi oldu\u011funu belirten Sadiye Arslan, \u201cAncak e\u015fimin \u00e7al\u0131\u015ft\u0131\u011f\u0131 kurumun kapanmas\u0131yla zor g\u00fcnler ya\u015fad\u0131k. Mizgin\u2019i tedavi ettirmek i\u00e7in \u0130stanbul\u2019daki hastanelere g\u00f6t\u00fcrd\u00fck. Tedaviyi s\u00fcrd\u00fcrmeye maddi imkan\u0131m\u0131z yetmeyince k\u00f6ye geri d\u00f6nd\u00fck. Mizgin ilkokulu bu y\u0131l bitirecekti. Yar\u0131y\u0131l karnesini getiremeden aram\u0131zdan ayr\u0131ld\u0131\u201d diye g\u00f6zya\u015f\u0131 d\u00f6kt\u00fc.<\/p>\n<p style=\"text-align: justify;\"><strong><em>ABLANIN G\u00d6ZYA\u015eLARI: OSMAN YA\u015eASIN<\/em><\/strong><\/p>\n<p style=\"text-align: justify;\">Ailenin Kozluk Yat\u0131l\u0131 \u0130lk\u00f6\u011fretim B\u00f6lge Okulu\u2019nda (Y\u0130BO) 8\u2019inci s\u0131n\u0131fta okuyan k\u0131zlar\u0131 15 ya\u015f\u0131ndaki<\/p>\n<p style=\"text-align: justify;\">Kamile Arslan da k\u0131zkarde\u015fini kaybetmenin ac\u0131s\u0131n\u0131 ya\u015fad\u0131\u011f\u0131n\u0131 belirterek g\u00f6zya\u015flar\u0131 i\u00e7inde \u015funlar\u0131 s\u00f6yledi: \u201cBabam 45 g\u00fcnd\u00fcr eylemdeydi. Ac\u0131m\u0131z b\u00fcy\u00fck. Mizgin\u2019in testlerini almak i\u00e7in \u00f6\u011frenci arkada\u015flar\u0131m aras\u0131nda para toplad\u0131k. Ancak onu kurtaramad\u0131k. Her y\u0131l takdir al\u0131yordum. Bu hastal\u0131k y\u00fcz\u00fcnden huzurumuz ka\u00e7t\u0131. Babam eylemden cenazeye gelince ona sar\u0131ld\u0131m. Okumak istiyorum. Psikolog olup, insanlar\u0131n sorunlar\u0131n\u0131 payla\u015fmay\u0131 arzuluyorum. Babam\u0131n da kadrosunu kaybetmemesi i\u00e7in her g\u00fcn dua ediyorum. \u015eimdi de k\u00fc\u00e7\u00fck karde\u015fim Osman\u2019\u0131n hayatta kalmas\u0131 i\u00e7in destek bekliyoruz.\u201d<\/p>\n<p style=\"text-align: justify;\"><strong><em>YEN\u0130DEN ANKARA&#8217;YA EYLEME D\u00d6ND\u00dc<\/em><\/strong><\/p>\n<p style=\"text-align: justify;\">K\u0131z\u0131n\u0131 topra\u011fa verdikten sonra Ankara&#8217;da eylem \u00e7\u0131d\u0131r\u0131na d\u00f6nen H\u00fcseyin Arslan&#8217;a di\u011fer \u00e7ad\u0131rlarda kalan eylemci arkada\u015flar\u0131 taziye ziyaretinde bulunarak ba\u015fsa\u011fl\u0131\u011f\u0131 dileklerini iletti.<\/p>\n<p style=\"text-align: justify;\">\u00c7ocuklar\u0131n\u0131n gelece\u011fini d\u00fc\u015f\u00fcnerek Ankara\u2019ya eyleme geldi\u011fini belirten H\u00fcseyin Arslan, 15 g\u00fcn sonra k\u0131z\u0131n\u0131n a\u011f\u0131rla\u015ft\u0131\u011f\u0131 haberini ald\u0131\u011f\u0131n\u0131 ve arkada\u015flar\u0131n\u0131n toplad\u0131\u011f\u0131 parayla Batman\u2019a gitti\u011fini kaydetti. Batman\u2019da k\u0131z\u0131n\u0131n cenazesiyle kar\u015f\u0131la\u015ft\u0131\u011f\u0131n\u0131 anlatan H\u00fcseyin Arslan, son nefesinde yan\u0131nda olamad\u0131\u011f\u0131 k\u0131z\u0131n\u0131 topra\u011fa verdikten k\u0131sa bir s\u00fcre sonra tekrar Ankara\u2019ya eylemci arkada\u015flar\u0131n\u0131n yan\u0131na d\u00f6nd\u00fc\u011f\u00fcn\u00fc belirterek \u015funlar\u0131 s\u00f6yledi: \u201cK\u00fc\u00e7\u00fck o\u011flum Osman da ayn\u0131 hastal\u0131kla m\u00fccadele ediyor. \u00c7ocuklar\u0131m\u0131n gelece\u011fi i\u00e7in arkada\u015flar\u0131m\u0131n yan\u0131na geri d\u00f6nd\u00fcm. O\u011flumun da \u00f6lmesini istemiyorum. Say\u0131n Ba\u015fbakan\u0131m\u0131z Recep Tayip Erdo\u011fan\u2019\u0131n bize sahip \u00e7\u0131kmas\u0131n\u0131 istiyorum. Bug\u00fcn eylemimizin 46\u2019nc\u0131 g\u00fcn\u00fc. Bir 46 g\u00fcn daha burada ge\u00e7irmeyelim istiyorum. Ben buraday\u0131m ama beynim ailemin yan\u0131nda. Ancak \u00f6l\u00fcme kadar burada olmaya s\u00f6z verdik ve buraday\u0131z. Pazartesi g\u00fcn\u00fc Say\u0131n Ba\u015fbakan\u0131m\u0131zdan hay\u0131rl\u0131 bir haber \u00e7\u0131kar diye bekliyoruz.\u201d<\/p>\n<p style=\"text-align: justify;\"><span style=\"color: #888888;\">Haber Kayna\u011f\u0131 : Haber1.com<\/span><\/p>\n","protected":false},"excerpt":{"rendered":"<p style=\"text-align: center;\">\n<p style=\"text-align: justify;\">ANKARA\u2019daki eyleme kat\u0131lan Batmanl\u0131 Tekel i\u015f\u00e7isi 49 ya\u015f\u0131ndaki H\u00fcseyin Arslan\u2019\u0131n ya\u015fad\u0131\u011f\u0131 aile dram\u0131 y\u00fcrek s\u0131zlatt\u0131.<\/p>\n<p style=\"text-align: justify;\">Arslan eylemde oldu\u011fu s\u0131rada, \u2018talasemi\u2019 hastas\u0131 k\u0131z\u0131 14 ya\u015f\u0131ndaki Mizgin Arslan\u2019\u0131n durumunun k\u00f6t\u00fcle\u015fti\u011fi haberini ald\u0131. Arkada\u015flar\u0131n\u0131n aralar\u0131nda toplad\u0131\u011f\u0131 parayla memleketine d\u00f6nen baba, k\u0131z\u0131n\u0131n cenazesiyle kar\u015f\u0131la\u015ft\u0131. Son nefesinde yan\u0131nda olamad\u0131\u011f\u0131 k\u0131z\u0131n\u0131 g\u00f6zya\u015flar\u0131 aras\u0131nda topra\u011fa <\/p>\n","protected":false},"author":1,"featured_media":0,"comment_status":"open","ping_status":"closed","sticky":false,"template":"","format":"standard","meta":{"footnotes":""},"categories":[105],"tags":[],"class_list":["post-18645","post","type-post","status-publish","format-standard","hentry","category-gundem","odd"],"_links":{"self":[{"href":"http:\/\/www.korhanyilmaz.com\/index.php?rest_route=\/wp\/v2\/posts\/18645","targetHints":{"allow":["GET"]}}],"collection":[{"href":"http:\/\/www.korhanyilmaz.com\/index.php?rest_route=\/wp\/v2\/posts"}],"about":[{"href":"http:\/\/www.korhanyilmaz.com\/index.php?rest_route=\/wp\/v2\/types\/post"}],"author":[{"embeddable":true,"href":"http:\/\/www.korhanyilmaz.com\/index.php?rest_route=\/wp\/v2\/users\/1"}],"replies":[{"embeddable":true,"href":"http:\/\/www.korhanyilmaz.com\/index.php?rest_route=%2Fwp%2Fv2%2Fcomments&post=18645"}],"version-history":[{"count":0,"href":"http:\/\/www.korhanyilmaz.com\/index.php?rest_route=\/wp\/v2\/posts\/18645\/revisions"}],"wp:attachment":[{"href":"http:\/\/www.korhanyilmaz.com\/index.php?rest_route=%2Fwp%2Fv2%2Fmedia&parent=18645"}],"wp:term":[{"taxonomy":"category","embeddable":true,"href":"http:\/\/www.korhanyilmaz.com\/index.php?rest_route=%2Fwp%2Fv2%2Fcategories&post=18645"},{"taxonomy":"post_tag","embeddable":true,"href":"http:\/\/www.korhanyilmaz.com\/index.php?rest_route=%2Fwp%2Fv2%2Ftags&post=18645"}],"curies":[{"name":"wp","href":"https:\/\/api.w.org\/{rel}","templated":true}]}}