{"id":18629,"date":"2010-01-29T10:57:20","date_gmt":"2010-01-29T08:57:20","guid":{"rendered":"http:\/\/www.korhanyilmaz.com\/?p=18629"},"modified":"2010-01-29T10:57:20","modified_gmt":"2010-01-29T08:57:20","slug":"turk-halki-kime-guveniyor","status":"publish","type":"post","link":"http:\/\/www.korhanyilmaz.com\/?p=18629","title":{"rendered":"T\u00fcrk halk\u0131 kime g\u00fcveniyor?"},"content":{"rendered":"<p style=\"text-align: center;\"><a href=\"http:\/\/www.korhanyilmaz.com\/wp-content\/uploads\/2010\/01\/halk.jpg\"  class=\"lightview\"><img loading=\"lazy\" decoding=\"async\" class=\"aligncenter size-full wp-image-18630\" src=\"http:\/\/www.korhanyilmaz.com\/wp-content\/uploads\/2010\/01\/halk.jpg\" alt=\"\" width=\"350\" height=\"210\" \/><\/a><\/p>\n<p style=\"text-align: justify;\">Son se\u00e7im sonu\u00e7lar\u0131n\u0131 bilen isim Adil G\u00fcr&#8217;e g\u00f6re halk kimseye g\u00fcvenmiyor!..<\/p>\n<p style=\"text-align: justify;\"><span style=\"color: #993300;\"><strong><em>Gazeteport&#8217;tan Safile Usul&#8217;un yaz\u0131s\u0131: <\/em><\/strong><\/span><\/p>\n<p style=\"text-align: justify;\">En iyisi a\u00e7\u0131k ileti\u015fim<\/p>\n<p style=\"text-align: justify;\">&#8220;The Times&#8221; Gazetesi\u2019nden \u00e7ok \u00e7aylak bir yorum gelmi\u015f.<\/p>\n<p style=\"text-align: justify;\">\u00c7aylak ve y\u00fczeysel.<\/p>\n<p style=\"text-align: justify;\">Yorum \u015f\u00f6yle:<\/p>\n<p style=\"text-align: justify;\">\u201cT\u00fcrkiye\u2019deki iktidar m\u00fccadelesi silahl\u0131 kuvvetleri komplocular ile siyasetten uzak bir orduyu isteyip, hassas belgeler s\u0131zd\u0131ran isimsiz askerler olmak \u00fczere ikiye b\u00f6ld\u00fc.\u201d<!--more--><\/p>\n<p style=\"text-align: justify;\">Yazan ya \u00e7ok \u00e7aylak veya \u201c\u00e7ok sevgi dolu.\u201d<\/p>\n<p style=\"text-align: justify;\">Belgeleri s\u0131zd\u0131ranlar siyasetten uzak bir ordu isteyenler, s\u0131zd\u0131rmayanlar da komplocuymu\u015f.<\/p>\n<p style=\"text-align: justify;\">O halde\u2026<\/p>\n<p style=\"text-align: justify;\">T\u00fcrk \u201cGeneral Staff\u201d\u0131 (Genelkurmay) komplocu.<\/p>\n<p style=\"text-align: justify;\">\u00c7\u00fcnk\u00fc belge s\u0131zd\u0131rm\u0131yor.<\/p>\n<p style=\"text-align: justify;\">Belge s\u0131zd\u0131ranlar ise, orduda siyaset istemeyenler.<\/p>\n<p style=\"text-align: justify;\">\u00c7\u00fcnk\u00fc belge s\u0131zd\u0131r\u0131yorlar.<\/p>\n<p style=\"text-align: justify;\">Bavulla ta\u015f\u0131yorlar belgeleri ki, ordu siyasetten ar\u0131ns\u0131n.<\/p>\n<p style=\"text-align: justify;\">Ordular\u0131 d\u00fcnya tarihinde de siyasetten bavulla belge s\u0131zd\u0131ranlar ar\u0131nd\u0131rm\u0131\u015ft\u0131 \u00e7\u00fcnk\u00fc!!!!!!!!!<\/p>\n<p style=\"text-align: justify;\">The Times, sen \u0130ngiliz ordusu hakk\u0131nda da b\u00f6yle \u201cisabetli\u201d ve \u201cderinlikli\u201d yay\u0131nlar yapt\u0131n m\u0131yd\u0131 hi\u00e7?<\/p>\n<p style=\"text-align: justify;\">Yoksa buras\u0131 oraya \u00e7ok mu uzak, g\u00f6zlerin se\u00e7emiyor mu?<\/p>\n<p style=\"text-align: justify;\">The Times\u2019a bu kadar dikkat atfetmeye gerek yok asl\u0131nda, ama&#8230;<\/p>\n<p style=\"text-align: justify;\">The Times bu makalesinde Adil G\u00fcr\u2019e ait A&amp;G Ara\u015ft\u0131rma \u015eirketi\u2019nin yapt\u0131\u011f\u0131 ara\u015ft\u0131rman\u0131n sonu\u00e7lar\u0131ndan olan orduya g\u00fcven azalmas\u0131 konusuna da yer vermi\u015f.<\/p>\n<p style=\"text-align: justify;\">Adil G\u00fcr\u2019\u00fc arad\u0131m ve bahsettim bundan.<\/p>\n<p style=\"text-align: justify;\">Karl\u0131 yollardayd\u0131, hen\u00fcz okumam\u0131\u015ft\u0131 s\u00f6z konusu makaleyi ama \u015funu s\u00f6yledi:<\/p>\n<p style=\"text-align: justify;\">\u201cHerkes bu ara\u015ft\u0131rman\u0131n ordu kula\u011f\u0131ndan tutuyor. Halbuki halkta kimseye g\u00fcven yok. Ba\u015fbakan\u2019a da yok, Meclis\u2019e de yok, bas\u0131na da yok, kimseye g\u00fcven yok. Halkta genel bir g\u00fcven alg\u0131s\u0131 sorunu var. Ama sadece ordu kula\u011f\u0131 tutuluyor bu ara\u015ft\u0131rman\u0131n.\u201d<\/p>\n<p style=\"text-align: justify;\">Adil G\u00fcr\u2019\u00fcn bu s\u00f6yledi\u011fini aktarmam gerekirdi ve aktard\u0131m.<\/p>\n<p style=\"text-align: justify;\">\u015eimdi bir\u015fey daha var.<\/p>\n<p style=\"text-align: justify;\">Maalesef, \u015fu ger\u00e7e\u011fi de\u011fi\u015ftirmek pek m\u00fcmk\u00fcn olmayacak ki, h\u00fck\u00fcmet bu se\u00e7im kampanyas\u0131n\u0131 ordu ve orduya direnen sivil h\u00fck\u00fcmet motifi ile \u015fekillendirmeye ve halk\u0131n duygular\u0131n\u0131 istismar etmeye devam edecek.<\/p>\n<p style=\"text-align: justify;\">Buna tenezz\u00fcl edecek kadar \u201csivil\u201d ve \u201cba\u015far\u0131l\u0131\u201d bir h\u00fck\u00fcmet \u00e7\u00fcnk\u00fc.<\/p>\n<p style=\"text-align: justify;\">Tabii, bir ordu kurumunun ileti\u015fim meselesi her zaman \u00e7ok zor bir meseledir.<\/p>\n<p style=\"text-align: justify;\">Ancak akl\u0131ma tak\u0131lan bir iki husus var.<\/p>\n<p style=\"text-align: justify;\">\u015e\u00f6yle ki.<\/p>\n<p style=\"text-align: justify;\">\u0130leti\u015fim bir ordu a\u00e7\u0131s\u0131ndan zor olsa da, ordu istismar\u0131 ile se\u00e7im kampanyas\u0131 y\u00fcr\u00fct\u00fclen bir ortamda daha iyi bir ileti\u015fim \u00f6nemli.<\/p>\n<p style=\"text-align: justify;\">Bu tabii yine de zor ve s\u0131n\u0131rlar\u0131 olan bir \u015fey.<\/p>\n<p style=\"text-align: justify;\">Ancak duygusal bir ileti\u015fimin \u015fartlar\u0131na zemin olarak \u00f6rne\u011fin:<\/p>\n<p style=\"text-align: justify;\">-Orduevlerine misafir olarak gelen insanlar\u0131n (d\u00fc\u011f\u00fcn, dernek vs.) ba\u015f\u00f6rt\u00fcs\u00fc ile ordu tesislerine girebilmesi<\/p>\n<p style=\"text-align: justify;\">-Mezuniyet ve yemin t\u00f6renlerine \u00e7ocu\u011funu izlemek \u00fczere gelen annelerin ba\u015f\u00f6rt\u00fcs\u00fc ile i\u00e7eri girebilmesi<\/p>\n<p style=\"text-align: justify;\">-GATA gibi yerlerde misafir konumunda bulunan kad\u0131nlar\u0131n ba\u015f\u00f6rt\u00fcs\u00fc ile bulunabilmesi<\/p>\n<p style=\"text-align: justify;\">-Orduevlerinin halka daha yak\u0131n ve a\u00e7\u0131k hale gelmesi<\/p>\n<p style=\"text-align: justify;\">gibi ad\u0131mlar at\u0131labilir.<\/p>\n<p style=\"text-align: justify;\">Bir de.<\/p>\n<p style=\"text-align: justify;\">Kamuoyuyla ileti\u015fimde, a\u00e7\u0131k bir ileti\u015fim dilinin kullan\u0131lmas\u0131, ki bu nitelikli ve kaliteli bir ileti\u015fimin genel ge\u00e7er kural\u0131d\u0131r, baz\u0131 durumlar\u0131n a\u00e7\u0131k\u00e7a anlat\u0131lmas\u0131, \u00f6rne\u011fin ordu ne gibi planlar yapar, neden yapar gibi, veya \u201cordu darbe yapmayacak, bunlar kas\u0131tl\u0131 olarak yay\u0131lan yalanlar\u201d\u2026<\/p>\n<p style=\"text-align: justify;\">\n<p style=\"text-align: justify;\">Ve dahi, ordu hangi i\u015flerle me\u015fgul, \u00f6rne\u011fin s\u0131n\u0131rlar\u0131n korunmas\u0131nda ne gibi zorluklar var, ordu asl\u0131nda ne ile me\u015fgul, bununla me\u015fguliyet yeterli olmazsa halk\u0131n g\u00fcvenli\u011fi bundan nas\u0131l etkilenir, T\u00fcrkiye\u2019nin s\u0131n\u0131r g\u00fcvenli\u011fini sa\u011flayamayan \u00fclkelerden fark\u0131 nedir\u2026<\/p>\n<p style=\"text-align: justify;\">Ayr\u0131ca.<\/p>\n<p style=\"text-align: justify;\">Se\u00e7im kampanyalar\u0131n\u0131n orduyu kullanmadan yap\u0131lmas\u0131 gerekti\u011fi ve bunun nedenleri\u2026<\/p>\n<p style=\"text-align: justify;\">Ordunun partiler \u00fcst\u00fc ve \u00fclkeyi koruyucu devlet \u00e7at\u0131s\u0131 konumu\u2026<\/p>\n<p style=\"text-align: justify;\">Belge s\u0131zd\u0131rma faaliyetinin hi\u00e7bir \u00fclkede itibar g\u00f6rmeyece\u011fi, \u00e7al\u0131\u015ft\u0131\u011f\u0131 kurumdan belge s\u0131zd\u0131rman\u0131n d\u00fcnyan\u0131n hi\u00e7bir \u00fclkesinde ve hi\u00e7bir ordu kurumunda sayg\u0131n ve ahlaki olmad\u0131\u011f\u0131, s\u0131zd\u0131rma yapana ve bunu destekleyenlere \u00fclke g\u00fcvenli\u011finin emanet edilemeyece\u011fi, g\u00fcvenilir insan ve kurumlar\u0131n hesaplar\u0131n\u0131 ahlakl\u0131 ve namuslu y\u00f6ntemlerle g\u00f6rece\u011fi\u2026<\/p>\n<p style=\"text-align: justify;\">Kamuoyuna yans\u0131yan s\u0131zd\u0131rma belgelerin ordunun hareketlerine y\u00f6n veren planlar olmad\u0131\u011f\u0131\u2026<\/p>\n<p style=\"text-align: justify;\">Bunun zaten g\u00f6r\u00fcnen ger\u00e7eklikten dolay\u0131 ispatl\u0131 bir durum oldu\u011fu\u2026<\/p>\n<p style=\"text-align: justify;\">Gibi hususlar anlat\u0131labilir.<\/p>\n<p style=\"text-align: justify;\">T\u00fcm bunlar i\u00e7in de profesyonel ve prestijli ileti\u015fim uzman\u0131 kurumlardan, hatta bunlar uluslararas\u0131 kurumlar da olabilir, destek al\u0131nabilir.<\/p>\n","protected":false},"excerpt":{"rendered":"<p style=\"text-align: center;\">\n<p style=\"text-align: justify;\">Son se\u00e7im sonu\u00e7lar\u0131n\u0131 bilen isim Adil G\u00fcr&#8217;e g\u00f6re halk kimseye g\u00fcvenmiyor!..<\/p>\n<p style=\"text-align: justify;\">Gazeteport&#8217;tan Safile Usul&#8217;un yaz\u0131s\u0131: <\/p>\n<p style=\"text-align: justify;\">En iyisi a\u00e7\u0131k ileti\u015fim<\/p>\n<p style=\"text-align: justify;\">&#8220;The Times&#8221; Gazetesi\u2019nden \u00e7ok \u00e7aylak bir yorum gelmi\u015f.<\/p>\n<p style=\"text-align: justify;\">\u00c7aylak ve y\u00fczeysel.<\/p>\n<p style=\"text-align: justify;\">Yorum \u015f\u00f6yle:<\/p>\n<p style=\"text-align: justify;\">\u201cT\u00fcrkiye\u2019deki iktidar m\u00fccadelesi silahl\u0131 kuvvetleri <\/p>\n","protected":false},"author":1,"featured_media":0,"comment_status":"open","ping_status":"closed","sticky":false,"template":"","format":"standard","meta":{"footnotes":""},"categories":[105],"tags":[],"class_list":["post-18629","post","type-post","status-publish","format-standard","hentry","category-gundem","odd"],"_links":{"self":[{"href":"http:\/\/www.korhanyilmaz.com\/index.php?rest_route=\/wp\/v2\/posts\/18629","targetHints":{"allow":["GET"]}}],"collection":[{"href":"http:\/\/www.korhanyilmaz.com\/index.php?rest_route=\/wp\/v2\/posts"}],"about":[{"href":"http:\/\/www.korhanyilmaz.com\/index.php?rest_route=\/wp\/v2\/types\/post"}],"author":[{"embeddable":true,"href":"http:\/\/www.korhanyilmaz.com\/index.php?rest_route=\/wp\/v2\/users\/1"}],"replies":[{"embeddable":true,"href":"http:\/\/www.korhanyilmaz.com\/index.php?rest_route=%2Fwp%2Fv2%2Fcomments&post=18629"}],"version-history":[{"count":0,"href":"http:\/\/www.korhanyilmaz.com\/index.php?rest_route=\/wp\/v2\/posts\/18629\/revisions"}],"wp:attachment":[{"href":"http:\/\/www.korhanyilmaz.com\/index.php?rest_route=%2Fwp%2Fv2%2Fmedia&parent=18629"}],"wp:term":[{"taxonomy":"category","embeddable":true,"href":"http:\/\/www.korhanyilmaz.com\/index.php?rest_route=%2Fwp%2Fv2%2Fcategories&post=18629"},{"taxonomy":"post_tag","embeddable":true,"href":"http:\/\/www.korhanyilmaz.com\/index.php?rest_route=%2Fwp%2Fv2%2Ftags&post=18629"}],"curies":[{"name":"wp","href":"https:\/\/api.w.org\/{rel}","templated":true}]}}