{"id":18626,"date":"2010-01-29T10:28:00","date_gmt":"2010-01-29T08:28:00","guid":{"rendered":"http:\/\/www.korhanyilmaz.com\/?p=18626"},"modified":"2010-01-29T10:28:00","modified_gmt":"2010-01-29T08:28:00","slug":"ben-olsam-genelkurmay-baskani%e2%80%99ni-gorevden-alirdim%e2%80%99","status":"publish","type":"post","link":"http:\/\/www.korhanyilmaz.com\/?p=18626","title":{"rendered":"Ben olsam Genelkurmay Ba\u015fkan\u0131\u2019n\u0131 g\u00f6revden al\u0131rd\u0131m!\u2019"},"content":{"rendered":"<p style=\"text-align: center;\"><a href=\"http:\/\/www.korhanyilmaz.com\/wp-content\/uploads\/2010\/01\/baykal5.jpg\"  class=\"lightview\"><img loading=\"lazy\" decoding=\"async\" class=\"aligncenter size-full wp-image-18627\" src=\"http:\/\/www.korhanyilmaz.com\/wp-content\/uploads\/2010\/01\/baykal5.jpg\" alt=\"\" width=\"350\" height=\"210\" \/><\/a><\/p>\n<p style=\"text-align: justify;\">Mehmet Ali Birand, 32. St\u00fcdyosu\u2019nda CHP Lideri Deniz Baykal&#8217;\u0131 a\u011f\u0131rlad\u0131. Baykal f\u0131rt\u0131na gibi esen T\u00fcrkiye g\u00fcndemine \u00e7ok \u00e7arp\u0131c\u0131 yorumlar getirdi. &#8220;Ben olsam Genelkurmay Ba\u015fkan\u0131\u2019n\u0131 g\u00f6revden al\u0131rd\u0131m&#8221; dedi.<\/p>\n<p style=\"text-align: justify;\">CHP Lideri Deniz Baykal 32. G\u00fcn&#8217;de Mehmet Ali Birand ve R\u0131dvan Akar&#8217;\u0131n sorular\u0131n\u0131 yan\u0131tlad\u0131. Darbe iddialar\u0131yla ilgili olarak &#8220;O d\u00f6nem bitmi\u015ftir kapanm\u0131\u015ft\u0131r&#8221; dedi Baykal ama ilgin\u00e7 de bir tespit yapt\u0131: <!--more--><\/p>\n<p style=\"text-align: justify;\">\u201cT\u00fcrkiye&#8217;de art\u0131k darbeyle \u00fclkeyi bir yere ta\u015f\u0131mad\u0131\u011f\u0131 a\u00e7\u0131k bir ger\u00e7ektir. \u015eimdi ya\u015fanan olay art\u0131k darbe tehdidini ortadan kalkt\u0131\u011f\u0131 bir noktada darbe atraksiyonu yaparak onun siyasi rant\u0131n\u0131 sa\u011flamaya y\u00f6nelik bir tablo&#8230; Yasan\u0131n verdi\u011fi sorumluluklar\u0131 da dikkate alarak bir s\u00fcrekli de\u011ferlendirme i\u00e7inde olduklar\u0131n\u0131 d\u00fc\u015f\u00fcnmek hi\u00e7 yad\u0131rgat\u0131c\u0131de\u011fildir. \u015eu ana kadar ortaya at\u0131lan iddialar\u0131n o d\u00f6nemde ciddi sistematik bir i\u00e7 de\u011ferlendirmenin yap\u0131ld\u0131\u011f\u0131n\u0131 ortaya koyuyor. Ama bunu bir t\u00fcrl\u00fc ortak bir karara d\u00f6n\u00fc\u015ft\u00fcrememi\u015flerdir, hayata ge\u00e7irememi\u015flerdir. Do\u011fru bir karara ula\u015fm\u0131\u015flar ve bunu uygulamam\u0131\u015flard\u0131r.\u201d<\/p>\n<p style=\"text-align: justify;\">CHP lideri h\u00fck\u00fcmeti komployla su\u00e7larken sanki gizli bir m\u00fccadeleden s\u00f6zeder gibi \u00e7ok \u00e7arp\u0131c\u0131 bir c\u00fcmle kurdu:<\/p>\n<p style=\"text-align: justify;\">\u201cT\u00fcrkiye&#8217;de darbe tehdidi \u015fu anda yok ama komplo tehdidi var. Darbe siyaseti ticareti var, ama komplo ger\u00e7e\u011fi var. Kendi silahl\u0131 kuvvetlerini yenerek bir yere var\u0131lamaz. TSK T\u00fcrkiye&#8217;nin huzuru ve bar\u0131\u015f\u0131 i\u00e7in \u00f6nemlidir.\u201d Baykal, Ba\u015fbakan&#8217;a &#8220;\u0130ddialar ciddiyse Genelkurmay Ba\u015fkan\u0131&#8217;n\u0131 g\u00f6revden al&#8221; demi\u015fti. \u201cSiz yapar m\u0131yd\u0131n\u0131z?\u201d sorusuna, \u201cBen de yapard\u0131m hi\u00e7 \u015f\u00fcphe yok\u201d dedi.<\/p>\n<p style=\"text-align: justify;\"><strong><em>VE DEN\u0130Z BAYKAL&#8217;IN CHP GENEL BA\u015eKANLI\u011eI&#8230; <\/em><\/strong><\/p>\n<p style=\"text-align: justify;\">Deniz Baykal\u2019\u0131n son se\u00e7imi olup olmayaca\u011f\u0131yla ilgili soruya ise \u201cBen bu bekleyi\u015f i\u00e7inde olanlar\u0131 mutlu edecek bir a\u00e7\u0131klama yapmama imkan yok\u201d diye yan\u0131t verdi.<\/p>\n<p style=\"text-align: justify;\"><span style=\"color: #888888;\">Haber Kayna\u011f\u0131 : Haber1.com<\/span><\/p>\n","protected":false},"excerpt":{"rendered":"<p style=\"text-align: center;\">\n<p style=\"text-align: justify;\">Mehmet Ali Birand, 32. St\u00fcdyosu\u2019nda CHP Lideri Deniz Baykal&#8217;\u0131 a\u011f\u0131rlad\u0131. Baykal f\u0131rt\u0131na gibi esen T\u00fcrkiye g\u00fcndemine \u00e7ok \u00e7arp\u0131c\u0131 yorumlar getirdi. &#8220;Ben olsam Genelkurmay Ba\u015fkan\u0131\u2019n\u0131 g\u00f6revden al\u0131rd\u0131m&#8221; dedi.<\/p>\n<p style=\"text-align: justify;\">CHP Lideri Deniz Baykal 32. G\u00fcn&#8217;de Mehmet Ali Birand ve R\u0131dvan Akar&#8217;\u0131n sorular\u0131n\u0131 yan\u0131tlad\u0131. Darbe iddialar\u0131yla ilgili olarak &#8220;O d\u00f6nem bitmi\u015ftir <\/p>\n","protected":false},"author":1,"featured_media":0,"comment_status":"open","ping_status":"closed","sticky":false,"template":"","format":"standard","meta":{"footnotes":""},"categories":[105],"tags":[],"class_list":["post-18626","post","type-post","status-publish","format-standard","hentry","category-gundem","odd"],"_links":{"self":[{"href":"http:\/\/www.korhanyilmaz.com\/index.php?rest_route=\/wp\/v2\/posts\/18626","targetHints":{"allow":["GET"]}}],"collection":[{"href":"http:\/\/www.korhanyilmaz.com\/index.php?rest_route=\/wp\/v2\/posts"}],"about":[{"href":"http:\/\/www.korhanyilmaz.com\/index.php?rest_route=\/wp\/v2\/types\/post"}],"author":[{"embeddable":true,"href":"http:\/\/www.korhanyilmaz.com\/index.php?rest_route=\/wp\/v2\/users\/1"}],"replies":[{"embeddable":true,"href":"http:\/\/www.korhanyilmaz.com\/index.php?rest_route=%2Fwp%2Fv2%2Fcomments&post=18626"}],"version-history":[{"count":0,"href":"http:\/\/www.korhanyilmaz.com\/index.php?rest_route=\/wp\/v2\/posts\/18626\/revisions"}],"wp:attachment":[{"href":"http:\/\/www.korhanyilmaz.com\/index.php?rest_route=%2Fwp%2Fv2%2Fmedia&parent=18626"}],"wp:term":[{"taxonomy":"category","embeddable":true,"href":"http:\/\/www.korhanyilmaz.com\/index.php?rest_route=%2Fwp%2Fv2%2Fcategories&post=18626"},{"taxonomy":"post_tag","embeddable":true,"href":"http:\/\/www.korhanyilmaz.com\/index.php?rest_route=%2Fwp%2Fv2%2Ftags&post=18626"}],"curies":[{"name":"wp","href":"https:\/\/api.w.org\/{rel}","templated":true}]}}