{"id":18619,"date":"2010-01-29T14:44:31","date_gmt":"2010-01-29T12:44:31","guid":{"rendered":"http:\/\/www.korhanyilmaz.com\/?p=18619"},"modified":"2010-01-29T14:44:31","modified_gmt":"2010-01-29T12:44:31","slug":"erdogan-ulusa-seslendi","status":"publish","type":"post","link":"http:\/\/www.korhanyilmaz.com\/?p=18619","title":{"rendered":"Erdo\u011fan ulusa seslendi"},"content":{"rendered":"<p style=\"text-align: center;\"><a href=\"http:\/\/www.korhanyilmaz.com\/wp-content\/uploads\/2010\/01\/erdogan5.jpg\"  class=\"lightview\"><img loading=\"lazy\" decoding=\"async\" class=\"aligncenter size-full wp-image-18620\" src=\"http:\/\/www.korhanyilmaz.com\/wp-content\/uploads\/2010\/01\/erdogan5.jpg\" alt=\"\" width=\"350\" height=\"210\" \/><\/a><\/p>\n<p style=\"text-align: justify;\">&#8216;Hukuk yok zannedenler bilsin ki o devir ge\u00e7ti..&#8217;<\/p>\n<p style=\"text-align: justify;\">Ba\u015fbakan Recep Tayyip Erdo\u011fan, karanl\u0131k d\u00fc\u015f\u00fcncelerin, doymak bilmez ihtiraslar\u0131n, \u00e7a\u011fd\u0131\u015f\u0131 zihniyetlerin bu \u00fclkenin \u00e7ocuklar\u0131n\u0131n gelece\u011fini karartmas\u0131na asla izin verilmeyece\u011fini belirterek, \u201cBug\u00fcne kadar bu \u00fclkenin medeniyet a\u015fk\u0131n\u0131 k\u00f6reltenlere, geli\u015fme h\u0131z\u0131n\u0131 kesenlere meydan\u0131 bo\u015f b\u0131rakmayaca\u011f\u0131z. Kim bu \u00fclkede hukuk yok zannediyorsa, kim istedi\u011fi gibi davranabilece\u011fini, kanunsuz giri\u015fimlerini \u00e7e\u015fitli k\u0131l\u0131flara b\u00fcr\u00fcnd\u00fcrerek me\u015frula\u015ft\u0131rabilece\u011fini zannediyorsa bilsin ki art\u0131k o devirler ge\u00e7ti\u201d dedi. <!--more--><\/p>\n<p style=\"text-align: justify;\">Ba\u015fbakan Erdo\u011fan ulusa sesleni\u015f konu\u015fmas\u0131na, yeni y\u0131l\u0131n T\u00fcrkiye i\u00e7in s\u0131k\u0131nt\u0131lar\u0131n \u00f6nemli \u00f6l\u00e7\u00fcde ortadan kalkt\u0131\u011f\u0131 g\u00fczel ve ayd\u0131nl\u0131k bir y\u0131l olaca\u011f\u0131na dair iyi dilekleriyle ba\u015flad\u0131.<\/p>\n<p style=\"text-align: justify;\">En s\u0131k\u0131nt\u0131l\u0131 zamanlarda bile \u00fclkenin yar\u0131nlar\u0131na olan inanc\u0131n asla kaybedilmedi\u011fini vurgulayan Ba\u015fbakan Erdo\u011fan, \u201cMilletimizin b\u00fcy\u00fckl\u00fc\u011f\u00fcn\u00fc, \u00fclkemizin g\u00fcc\u00fcn\u00fc ve potansiyelini \u00e7ok iyi biliyoruz. Hi\u00e7bir zorluktan y\u0131lmayacak, \u00f6n\u00fcm\u00fcze \u00e7\u0131kart\u0131lan engelleri yine milletimizin b\u00fcy\u00fck deste\u011fiyle a\u015faca\u011f\u0131z\u201d dedi. Erdo\u011fan \u015f\u00f6yle konu\u015ftu:<\/p>\n<p style=\"text-align: justify;\">\u201cKaranl\u0131k d\u00fc\u015f\u00fcncelerin, doymak bilmez ihtiraslar\u0131n, \u00e7a\u011fd\u0131\u015f\u0131 zihniyetlerin bu \u00fclkenin \u00e7ocuklar\u0131n\u0131n gelece\u011fini karartmas\u0131na asla ve asla izin vermeyece\u011fiz. Bug\u00fcne kadar bu \u00fclkenin medeniyet a\u015fk\u0131n\u0131 k\u00f6reltenlere, geli\u015fme h\u0131z\u0131n\u0131 kesenlere meydan\u0131 bo\u015f b\u0131rakmayaca\u011f\u0131z. Kim bu \u00fclkede hukuk yok zannediyorsa, kim istedi\u011fi gibi davranabilece\u011fini, kanunsuz giri\u015fimlerini \u00e7e\u015fitli k\u0131l\u0131flara b\u00fcr\u00fcnd\u00fcrerek me\u015frula\u015ft\u0131rabilece\u011fini zannediyorsa bilsin ki art\u0131k o devirler ge\u00e7ti. Bu \u00fclkede hukuk kar\u015f\u0131s\u0131nda herkes e\u015fittir, kimse hukukun \u00fczerinde de\u011fildir, kimse kanunlarca \u00e7izilmi\u015f s\u0131n\u0131rlardan muaf de\u011fildir.\u201d<\/p>\n<p style=\"text-align: justify;\"><strong><em>-\u201cB\u00dcY\u00dcK HEDEFLER\u0130M\u0130Z VAR\u201d- <\/em><\/strong><\/p>\n<p style=\"text-align: justify;\">Ba\u015fbakan Erdo\u011fan, \u00fclkenin gelece\u011fi i\u00e7in \u00e7ok b\u00fcy\u00fck hedeflerinin bulundu\u011funu belirterek, \u201cBu yolda ad\u0131m ad\u0131m ilerliyoruz. Son yedi y\u0131ll\u0131k s\u00fcre\u00e7te \u00e7ok \u00f6nemli bir at\u0131l\u0131m ger\u00e7ekle\u015ftirdik, \u00f6n\u00fcm\u00fczdeki d\u00f6nemde in\u015fallah bu b\u00fcy\u00fck de\u011fi\u015fimi \u00e7ok daha g\u00fczel, \u00e7ok daha ileri seviyelere ta\u015f\u0131yaca\u011f\u0131z\u201d diye konu\u015ftu. Erdo\u011fan, T\u00fcrkiye&#8217;de \u00e7etin k\u0131\u015f \u015fartlar\u0131 devam ederken, bu \u015fartlara ald\u0131rmadan Ankara, Bilecik ve Sakarya&#8217;da \u00e7ok \u00f6nemli a\u00e7\u0131l\u0131\u015flar ger\u00e7ekle\u015ftirdiklerinin alt\u0131n\u0131 \u00e7izerek, Ankara&#8217;n\u0131n, do\u011fusundaki 43 ille ula\u015f\u0131m\u0131n\u0131 sa\u011flayan devlet yolunun Elmada\u011f kesimi, &#8220;\u00f6l\u00fcm rampalar\u0131&#8221; olarak bilinen kesimi tarihe havale ettiklerini vurgulad\u0131.<\/p>\n<p style=\"text-align: justify;\">Bilecik&#8217;e, Boz\u00fcy\u00fck il\u00e7esine gitti\u011fini hat\u0131rlatan Ba\u015fbakan Erdo\u011fan, Sakarya &#8211; Mekece &#8211; Boz\u00fcy\u00fck aras\u0131nda yap\u0131m\u0131 tamamlanan b\u00f6l\u00fcnm\u00fc\u015f yolu, Ertu\u011frul Gazi ve Osman Gazi t\u00fcnelleriyle birlikte hizmete a\u00e7t\u0131\u011f\u0131n\u0131 kaydetti.<\/p>\n<p style=\"text-align: justify;\">Erdo\u011fan konu\u015fmas\u0131nda ayr\u0131ca, ilk defa kendi h\u00fck\u00fcmeti d\u00f6neminde b\u00fct\u00e7eden en b\u00fcy\u00fck pay\u0131n e\u011fitime ayr\u0131ld\u0131\u011f\u0131na dikkat \u00e7ekerek, Milli E\u011fitim Bakanl\u0131\u011f\u0131 \u00f6deneklerini 2010 y\u0131l\u0131nda bir \u00f6nceki y\u0131la g\u00f6re y\u00fczde 10,3 oran\u0131nda art\u0131rarak 28 milyar 200 milyon liraya, \u00f6\u011frencilere verilen \u00f6\u011frenim ve har\u00e7 kredisi, burs ve har\u00e7l\u0131k tutarlar\u0131 toplam\u0131n\u0131 2010&#8217;da takriben y\u00fczde 13 art\u0131rarak 2 milyar 300 milyon liraya y\u00fckseltildi\u011fini s\u00f6yledi.<\/p>\n<p style=\"text-align: justify;\">Sa\u011fl\u0131k alan\u0131na da b\u00fcy\u00fck bir d\u00f6n\u00fc\u015f\u00fcm ger\u00e7ekle\u015ftirdiklerini belirten Erdo\u011fan, Tam G\u00fcn Yasas\u0131&#8217;n\u0131 Meclis&#8217;ten ge\u00e7irerek sa\u011fl\u0131k hizmetleri alan\u0131nda devrime imza att\u0131klar\u0131n\u0131 kaydetti.<\/p>\n<p style=\"text-align: justify;\">Erdo\u011fan, tar\u0131m sekt\u00f6r\u00fcn\u00fc aya\u011fa kald\u0131rmak konusundaki kararl\u0131l\u0131klar\u0131n\u0131 her vesileyle ifade ettiklerini yineleyerek, \u201cG\u00f6reve geldi\u011fimiz g\u00fcnden bug\u00fcne k\u00f6yl\u00fcm\u00fcz\u00fc, \u00e7ift\u00e7imizi, hayvanc\u0131m\u0131z\u0131 desteklemek i\u00e7in her t\u00fcrl\u00fc imk\u00e2n\u0131m\u0131z\u0131 seferber ettik\u201d dedi.<\/p>\n<p style=\"text-align: justify;\"><strong><em>-\u201c\u00c7IKI\u015e \u0130\u00c7\u0130N TEDB\u0130RLER\u0130 ALDIK\u201d- <\/em><\/strong><\/p>\n<p style=\"text-align: justify;\">Ba\u015fbakan Erdo\u011fan, 2009 y\u0131l\u0131nda b\u00fct\u00fcn d\u00fcnyay\u0131 sarsan b\u00fcy\u00fck bir ekonomik kriz ya\u015fand\u0131\u011f\u0131n\u0131 hat\u0131rlatarak, T\u00fcrkiye\u2019nin, d\u00fcnyada bu krizi en az hasarla atlatan \u00fclkeler aras\u0131nda oldu\u011funun alt\u0131n\u0131 \u00e7izdi. Erdo\u011fan \u015f\u00f6yle konu\u015ftu:<\/p>\n<p style=\"text-align: justify;\">\u201cAncak yine de reel sekt\u00f6rde bu olumsuz k\u00fcresel \u015fartlar\u0131n etkilerini hissettik. H\u00fck\u00fcmet olarak ya\u015fanan s\u0131k\u0131nt\u0131lar\u0131 azaltmak ve bilhassa krizden \u00e7\u0131k\u0131\u015f\u0131 h\u0131zland\u0131rmak amac\u0131yla \u00e7e\u015fitli tedbirler ald\u0131k, \u00e7e\u015fitli te\u015fvikleri uygulamaya koyduk. Bunun i\u00e7in 2010 y\u0131l\u0131nda da reel sekt\u00f6r\u00fcm\u00fcze destek olmaya devam edece\u011fiz. Esnaf\u0131m\u0131za verilecek d\u00fc\u015f\u00fck faizli kredinin finansman\u0131 i\u00e7in Halk Bankas\u0131na aktar\u0131lmak \u00fczere 2009 y\u0131l\u0131nda 275 milyon lira gider \u00f6ng\u00f6r\u00fclm\u00fc\u015ft\u00fc. Bu y\u0131l bu tutar\u0131 y\u00fczde 42,5 oran\u0131nda art\u0131rarak 392 milyon lira seviyesine y\u00fckselttik. \u0130\u015fverenlerimizin \u00f6dedi\u011fi sosyal g\u00fcvenlik priminden yapt\u0131\u011f\u0131m\u0131z 5 puanl\u0131k indirim i\u00e7in 2010 y\u0131l\u0131 b\u00fct\u00e7esinde yakla\u015f\u0131k 4 milyar liral\u0131k \u00f6denek \u00f6ng\u00f6rd\u00fck.<\/p>\n<p style=\"text-align: justify;\">KOB\u0130&#8217;lerimizin, yani k\u00fc\u00e7\u00fck ve orta boy i\u015fletmelerimizin mali yap\u0131lar\u0131n\u0131 g\u00fc\u00e7lendirmek i\u00e7in 2010 y\u0131l\u0131 b\u00fct\u00e7esinde 209 milyon lira \u00f6denek ay\u0131rd\u0131k. Yat\u0131r\u0131m\u0131 ve istihdam\u0131 te\u015fvik etmek i\u00e7in 2010 y\u0131l\u0131nda Hazine te\u015fvik \u00f6demelerine 720 milyon lira kaynak ay\u0131rd\u0131k. \u0130hracat destekleri i\u00e7in Destekleme Fiyat \u0130stikrar Fonuna aktar\u0131lmak \u00fczere Hazineden 604 milyon lira tahsis ettik.<\/p>\n<p style=\"text-align: justify;\"><span style=\"color: #888888;\">Haber Kayna\u011f\u0131 : Haber1.com<\/span><\/p>\n","protected":false},"excerpt":{"rendered":"<p style=\"text-align: center;\">\n<p style=\"text-align: justify;\">&#8216;Hukuk yok zannedenler bilsin ki o devir ge\u00e7ti..&#8217;<\/p>\n<p style=\"text-align: justify;\">Ba\u015fbakan Recep Tayyip Erdo\u011fan, karanl\u0131k d\u00fc\u015f\u00fcncelerin, doymak bilmez ihtiraslar\u0131n, \u00e7a\u011fd\u0131\u015f\u0131 zihniyetlerin bu \u00fclkenin \u00e7ocuklar\u0131n\u0131n gelece\u011fini karartmas\u0131na asla izin verilmeyece\u011fini belirterek, \u201cBug\u00fcne kadar bu \u00fclkenin medeniyet a\u015fk\u0131n\u0131 k\u00f6reltenlere, geli\u015fme h\u0131z\u0131n\u0131 kesenlere meydan\u0131 bo\u015f b\u0131rakmayaca\u011f\u0131z. Kim bu \u00fclkede hukuk yok zannediyorsa, kim <\/p>\n","protected":false},"author":1,"featured_media":0,"comment_status":"open","ping_status":"closed","sticky":false,"template":"","format":"standard","meta":{"footnotes":""},"categories":[105],"tags":[],"class_list":["post-18619","post","type-post","status-publish","format-standard","hentry","category-gundem","odd"],"_links":{"self":[{"href":"http:\/\/www.korhanyilmaz.com\/index.php?rest_route=\/wp\/v2\/posts\/18619","targetHints":{"allow":["GET"]}}],"collection":[{"href":"http:\/\/www.korhanyilmaz.com\/index.php?rest_route=\/wp\/v2\/posts"}],"about":[{"href":"http:\/\/www.korhanyilmaz.com\/index.php?rest_route=\/wp\/v2\/types\/post"}],"author":[{"embeddable":true,"href":"http:\/\/www.korhanyilmaz.com\/index.php?rest_route=\/wp\/v2\/users\/1"}],"replies":[{"embeddable":true,"href":"http:\/\/www.korhanyilmaz.com\/index.php?rest_route=%2Fwp%2Fv2%2Fcomments&post=18619"}],"version-history":[{"count":0,"href":"http:\/\/www.korhanyilmaz.com\/index.php?rest_route=\/wp\/v2\/posts\/18619\/revisions"}],"wp:attachment":[{"href":"http:\/\/www.korhanyilmaz.com\/index.php?rest_route=%2Fwp%2Fv2%2Fmedia&parent=18619"}],"wp:term":[{"taxonomy":"category","embeddable":true,"href":"http:\/\/www.korhanyilmaz.com\/index.php?rest_route=%2Fwp%2Fv2%2Fcategories&post=18619"},{"taxonomy":"post_tag","embeddable":true,"href":"http:\/\/www.korhanyilmaz.com\/index.php?rest_route=%2Fwp%2Fv2%2Ftags&post=18619"}],"curies":[{"name":"wp","href":"https:\/\/api.w.org\/{rel}","templated":true}]}}