{"id":18616,"date":"2010-01-29T14:47:18","date_gmt":"2010-01-29T12:47:18","guid":{"rendered":"http:\/\/www.korhanyilmaz.com\/?p=18616"},"modified":"2010-01-29T14:47:18","modified_gmt":"2010-01-29T12:47:18","slug":"akpye-kapatma-davasi-geliyor-mu","status":"publish","type":"post","link":"http:\/\/www.korhanyilmaz.com\/?p=18616","title":{"rendered":"AKP&#039;ye kapatma davas\u0131 geliyor mu?"},"content":{"rendered":"<p style=\"text-align: center;\"><a href=\"http:\/\/www.korhanyilmaz.com\/wp-content\/uploads\/2010\/01\/yalcinkaya.jpg\"  class=\"lightview\"><img loading=\"lazy\" decoding=\"async\" class=\"size-full wp-image-18617 aligncenter\" src=\"http:\/\/www.korhanyilmaz.com\/wp-content\/uploads\/2010\/01\/yalcinkaya.jpg\" alt=\"\" width=\"350\" height=\"210\" \/><\/a><\/p>\n<p style=\"text-align: justify;\">Yarg\u0131tay Cumhuriyet Ba\u015fsavc\u0131s\u0131 Abdurrahman Yal\u00e7\u0131nkaya, \u015fu s\u0131ralar cevab\u0131 en\u00e7ok merak edilen soruyu yan\u0131tlad\u0131.<\/p>\n<p style=\"text-align: justify;\">Yarg\u0131tay Cumhuriyet Ba\u015fsavc\u0131s\u0131 Abdurrahman Yal\u00e7\u0131nkaya, &#8220;Her parti i\u00e7in kapatma davas\u0131 a\u00e7\u0131l\u0131p a\u00e7\u0131lmayaca\u011f\u0131 kendi fiilleriyle \u00f6l\u00e7\u00fcl\u00fcr. Bunu partiler zaten hisseder&#8221; dedi. <!--more--><\/p>\n<p style=\"text-align: justify;\">Yal\u00e7\u0131nkaya, Yarg\u0131tay Birinci Hukuk Dairesi Onursal Ba\u015fkan\u0131 Orhan Uzg\u00f6ren i\u00e7in Yarg\u0131tay&#8217;da d\u00fczenlenen cenaze t\u00f6reninin ard\u0131ndan gazetecilerin sorular\u0131n\u0131 yan\u0131tlad\u0131.<\/p>\n<p style=\"text-align: justify;\">Bir gazetecinin, AK Parti hakk\u0131nda yeni bir kapatma davas\u0131 a\u00e7\u0131laca\u011f\u0131 y\u00f6n\u00fcnde iddialar bulundu\u011funu hat\u0131rlatmas\u0131 \u00fczerine Yal\u00e7\u0131nkaya, her parti hakk\u0131nda soru\u015fturman\u0131n m\u00fcmk\u00fcn oldu\u011funu, soru\u015fturmalar\u0131n gizli y\u00fcr\u00fct\u00fcld\u00fc\u011f\u00fcn\u00fc s\u00f6yledi.<\/p>\n<p style=\"text-align: justify;\">Yal\u00e7\u0131nkaya, &#8220;Her parti i\u00e7in kapatma davas\u0131 a\u00e7\u0131l\u0131p a\u00e7\u0131lmayaca\u011f\u0131 kendi fiilleriyle \u00f6l\u00e7\u00fcl\u00fcr. Bunu partiler zaten hisseder&#8221; dedi.<\/p>\n<p style=\"text-align: justify;\">Telefon dinlemelerine y\u00f6nelik incelemenin hangi a\u015famada oldu\u011funun sorulmas\u0131 \u00fczerine Ba\u015fsavc\u0131 Yal\u00e7\u0131nkaya, incelemenin devam etti\u011fini, hen\u00fcz herhangi bir sonu\u00e7 al\u0131namad\u0131\u011f\u0131n\u0131 belirtti.<\/p>\n<p style=\"text-align: justify;\">Yal\u00e7\u0131nkaya, bug\u00fcn bir gazetede, eski Anayasa Mahkemesi Ba\u015fkan\u0131 Mustafa Bumin ile g\u00f6r\u00fc\u015fme yapt\u0131\u011f\u0131na ili\u015fkin haber yer ald\u0131\u011f\u0131n\u0131n hat\u0131rlat\u0131lmas\u0131 \u00fczerine, haberin &#8220;yan\u0131lg\u0131 bir haber&#8221; oldu\u011funu, ger\u00e7ekleri yans\u0131tmad\u0131\u011f\u0131n\u0131 s\u00f6yledi. Bumin<\/p>\n<p style=\"text-align: justify;\">ile g\u00f6r\u00fc\u015fmekten onur duyaca\u011f\u0131n\u0131 ifade eden Yal\u00e7\u0131nkaya, s\u00f6z konusu g\u00f6r\u00fc\u015fmenin ger\u00e7ekle\u015fmedi\u011fini kaydetti.<\/p>\n<p style=\"text-align: justify;\"><span style=\"color: #888888;\">Kaynak : Haber1.com<\/span><\/p>\n","protected":false},"excerpt":{"rendered":"<p style=\"text-align: center;\">\n<p style=\"text-align: justify;\">Yarg\u0131tay Cumhuriyet Ba\u015fsavc\u0131s\u0131 Abdurrahman Yal\u00e7\u0131nkaya, \u015fu s\u0131ralar cevab\u0131 en\u00e7ok merak edilen soruyu yan\u0131tlad\u0131.<\/p>\n<p style=\"text-align: justify;\">Yarg\u0131tay Cumhuriyet Ba\u015fsavc\u0131s\u0131 Abdurrahman Yal\u00e7\u0131nkaya, &#8220;Her parti i\u00e7in kapatma davas\u0131 a\u00e7\u0131l\u0131p a\u00e7\u0131lmayaca\u011f\u0131 kendi fiilleriyle \u00f6l\u00e7\u00fcl\u00fcr. Bunu partiler zaten hisseder&#8221; dedi. <\/p>\n","protected":false},"author":1,"featured_media":0,"comment_status":"open","ping_status":"closed","sticky":false,"template":"","format":"standard","meta":{"footnotes":""},"categories":[105],"tags":[],"class_list":["post-18616","post","type-post","status-publish","format-standard","hentry","category-gundem","odd"],"_links":{"self":[{"href":"http:\/\/www.korhanyilmaz.com\/index.php?rest_route=\/wp\/v2\/posts\/18616","targetHints":{"allow":["GET"]}}],"collection":[{"href":"http:\/\/www.korhanyilmaz.com\/index.php?rest_route=\/wp\/v2\/posts"}],"about":[{"href":"http:\/\/www.korhanyilmaz.com\/index.php?rest_route=\/wp\/v2\/types\/post"}],"author":[{"embeddable":true,"href":"http:\/\/www.korhanyilmaz.com\/index.php?rest_route=\/wp\/v2\/users\/1"}],"replies":[{"embeddable":true,"href":"http:\/\/www.korhanyilmaz.com\/index.php?rest_route=%2Fwp%2Fv2%2Fcomments&post=18616"}],"version-history":[{"count":0,"href":"http:\/\/www.korhanyilmaz.com\/index.php?rest_route=\/wp\/v2\/posts\/18616\/revisions"}],"wp:attachment":[{"href":"http:\/\/www.korhanyilmaz.com\/index.php?rest_route=%2Fwp%2Fv2%2Fmedia&parent=18616"}],"wp:term":[{"taxonomy":"category","embeddable":true,"href":"http:\/\/www.korhanyilmaz.com\/index.php?rest_route=%2Fwp%2Fv2%2Fcategories&post=18616"},{"taxonomy":"post_tag","embeddable":true,"href":"http:\/\/www.korhanyilmaz.com\/index.php?rest_route=%2Fwp%2Fv2%2Ftags&post=18616"}],"curies":[{"name":"wp","href":"https:\/\/api.w.org\/{rel}","templated":true}]}}