{"id":18563,"date":"2010-01-28T04:35:58","date_gmt":"2010-01-28T02:35:58","guid":{"rendered":"http:\/\/www.korhanyilmaz.com\/?p=18563"},"modified":"2010-01-28T04:35:58","modified_gmt":"2010-01-28T02:35:58","slug":"alay-komutani-cemaatlere-dokundu-yandi","status":"publish","type":"post","link":"http:\/\/www.korhanyilmaz.com\/?p=18563","title":{"rendered":"Alay Komutan\u0131 cemaatlere dokundu yand\u0131"},"content":{"rendered":"<p style=\"text-align: center;\"><a href=\"http:\/\/www.korhanyilmaz.com\/wp-content\/uploads\/2010\/01\/komutan.jpg\"  class=\"lightview\"><img loading=\"lazy\" decoding=\"async\" class=\"aligncenter size-full wp-image-18564\" src=\"http:\/\/www.korhanyilmaz.com\/wp-content\/uploads\/2010\/01\/komutan.jpg\" alt=\"\" width=\"350\" height=\"210\" \/><\/a><\/p>\n<p style=\"text-align: justify;\">Erzurum \u00d6zel Yetkili Cumhuriyet Savc\u0131s\u0131\u2019n\u0131n iste\u011fi \u00fczerine Eski\u015fehir \u0130l Jandarma Alay Komutan\u0131 K\u0131demli Albay Recep Gen\u00e7o\u011flu makam\u0131nda g\u00f6zalt\u0131na al\u0131nd\u0131, odas\u0131 ve evi arand\u0131.<\/p>\n<p style=\"text-align: justify;\">Ergenekon soru\u015fturmas\u0131 kapsam\u0131nda d\u00fcn bir operasyon ve g\u00f6zalt\u0131 daha g\u00fcndeme bomba gibi d\u00fc\u015ft\u00fc. Eski\u015fehir \u0130l Jandarma Komutan\u0131 K\u0131demli Albay Recep Gen\u00e7o\u011flu, Erzurum \u00f6zel yetkili Cumhuriyet savc\u0131s\u0131n\u0131n talebi \u00fczerine Ergenekon soru\u015fturmas\u0131 kapsam\u0131nda g\u00f6zalt\u0131na al\u0131nd\u0131. Erzurum \u00d6zel Yetkili Cumhuriyet Savc\u0131s\u0131\u2019n\u0131n iste\u011fi \u00fczerine, Eski\u015fehir Cumhuriyet Ba\u015fsavc\u0131s\u0131 Ekrem Ayd\u0131ner, askeri savc\u0131 ve Merkez Komutanl\u0131\u011f\u0131\u2019ndan subaylarla birlikte d\u00fcn saat 15.00 s\u0131ralar\u0131nda Eski\u015fehir \u0130l Jandarma Komutanl\u0131\u011f\u0131\u2019na geldi.<!--more--><\/p>\n<p style=\"text-align: justify;\">Ayd\u0131ner\u2019in, Erzurum \u00f6zel yetkili Cumhuriyet savc\u0131l\u0131\u011f\u0131n\u0131n y\u00fcr\u00fctt\u00fc\u011f\u00fc soru\u015fturma kapsam\u0131ndaki talimat\u0131yla komutanl\u0131\u011fa geldi\u011fi \u00f6\u011frenildi. Geli\u015fmeler s\u0131ras\u0131nda Eski\u015fehir Emniyet M\u00fcd\u00fcrl\u00fc\u011f\u00fc Ter\u00f6rle M\u00fccadele \u015eubesi ekipleri de \u0130l Jandarma Komutanl\u0131\u011f\u0131 \u00f6n\u00fcnde bekledi.<\/p>\n<p style=\"text-align: justify;\"><strong><em>Makam odas\u0131 arand\u0131<\/em><\/strong><\/p>\n<p style=\"text-align: justify;\">Ayd\u0131ner hukuki prosed\u00fcr yerine getirildikten sonra, 30 A\u011fustos\u2019ta Erzincan \u0130l Jandarma Komutanl\u0131\u011f\u0131\u2019ndan Eski\u015fehir\u2019e atanan Gen\u00e7o\u011flu\u2019na g\u00f6zalt\u0131na al\u0131nd\u0131\u011f\u0131n\u0131 s\u00f6yledi. Makam odas\u0131 aranan Gen\u00e7o\u011flu, avukat\u0131n\u0131n gelmesinin ard\u0131ndan Ayd\u0131ner\u2019e Erzincan\u2019da y\u00fcr\u00fct\u00fclen soru\u015fturmayla ilgili ifade verdi. Eski\u015fehir \u0130l Jandarma Komutan\u0131 Gen\u00e7o\u011flu\u2019nun, Eski\u015fehir Asker Hastanesi\u2019nde sa\u011fl\u0131k kontrol\u00fcnden ge\u00e7irildikten sonra Erzurum\u2019a g\u00f6t\u00fcr\u00fclece\u011fi ve sorgusunun da Erzurum\u2019da yap\u0131laca\u011f\u0131 kaydedildi. Gen\u00e7o\u011flu\u2019nun otomobilinin de arand\u0131\u011f\u0131, bilgisayar\u0131na ve baz\u0131 evraka el konuldu\u011fu \u00f6\u011frenildi. \u0130l Jandarma Komutanl\u0131\u011f\u0131\u2019nda, yakla\u015f\u0131k 4 saat s\u00fcren aramalar\u0131n ard\u0131ndan Gen\u00e7o\u011flu\u2019nun Valilik Kona\u011f\u0131 kar\u015f\u0131s\u0131ndaki Jandarma Lojmanlar\u0131\u2019ndaki evinde de arama yap\u0131ld\u0131. Gen\u00e7o\u011flu\u2019nun avukat\u0131 Erol Halka, \u201cM\u00fcvekkilim masum oldu\u011funu ifade ediyor ve hukukun \u00fcst\u00fcnl\u00fc\u011f\u00fcne inan\u0131yor\u201d dedi.<\/p>\n<p style=\"text-align: justify;\">Ayn\u0131 soru\u015fturma kapsam\u0131nda 18 Kas\u0131m\u2019da \u0130l Jandarma Komutanl\u0131\u011f\u0131\u2019nda g\u00f6revli \u0130stihbarat \u015eube M\u00fcd\u00fcr Yard\u0131mc\u0131s\u0131 \u00dcste\u011fmen Ersin Ergut, Astsubay Ba\u015f\u00e7avu\u015f Orhan Esirger, 25 Kas\u0131m\u2019da da Jandarma \u0130stihbarat \u015eube M\u00fcd\u00fcr\u00fc Binba\u015f\u0131 Nedim Ertan g\u00f6zalt\u0131na al\u0131nm\u0131\u015f, askerler Erzurum\u2019da \u00e7\u0131kar\u0131ld\u0131klar\u0131 mahkeme taraf\u0131ndan tutuklanarak cezaevine konulmu\u015ftu.<\/p>\n<p style=\"text-align: justify;\"><strong><em>O zaman Erzincan\u2019dayd\u0131 <\/em><\/strong><\/p>\n<p style=\"text-align: justify;\">Erzincan Cumhuriyet Ba\u015fsavc\u0131s\u0131 \u0130lhan Cihaner, 2007\u2019de \u0130smaila\u011fa ve G\u00fclen cemaatleri hakk\u0131nda soru\u015fturma ba\u015flatm\u0131\u015ft\u0131. Ancak Cihaner \u201csoru\u015fturma kapsam\u0131ndaki cemaatlerin silahl\u0131 ter\u00f6r \u00f6rg\u00fct\u00fc\u201d oldu\u011fu y\u00f6n\u00fcndeki isimsiz ihbar mektuplar\u0131 nedeniyle soru\u015fturman\u0131n y\u00fcr\u00fct\u00fclmesinin kendi yetkisinde oldu\u011funu belirten \u00f6zel yetkili Erzurum Cumhuriyet Ba\u015fsavc\u0131l\u0131\u011f\u0131\u2019n\u0131n taleplerine direnmi\u015f, bunun \u00fczerine hakk\u0131nda dava a\u00e7\u0131lm\u0131\u015ft\u0131.<\/p>\n<p style=\"text-align: justify;\">Cihaner, Albay Dursun \u00c7i\u00e7ek\u2019in imzas\u0131n\u0131 ta\u015f\u0131d\u0131\u011f\u0131 iddia edilen \u201c\u0130rticayla M\u00fccadele Eylem Plan\u0131\u2019n\u0131 Erzincan\u2019da uygulamaya sokmak\u201dla su\u00e7lan\u0131yordu. Cihaner\u2019in ba\u015flatt\u0131\u011f\u0131 soru\u015fturma s\u0131ras\u0131nda ise Gen\u00e7o\u011flu, Erzincan \u0130l Jandarma Komutan\u0131 olarak g\u00f6rev yap\u0131yordu.<\/p>\n<p style=\"text-align: justify;\"><strong><em>Bir astsubay daha <\/em><\/strong><\/p>\n<p style=\"text-align: justify;\">\u201c\u0130rtica ile M\u00fccadele Eylem Plan\u0131\u2019n\u0131n Erzincan\u2019da uygulamaya konuldu\u011fu\u201d iddias\u0131yla ba\u015flat\u0131lan soru\u015fturma kapsam\u0131nda, Kahramanmara\u015f \u0130l Jandarma Komutanl\u0131\u011f\u0131 \u0130stihbarat \u015eube M\u00fcd\u00fcrl\u00fc\u011f\u00fc\u2019nde g\u00f6revli bir astsubay\u0131n evinde arama yap\u0131ld\u0131. Kahramanmara\u015f\u2019a tayini \u00e7\u0131kan Astsubay \u015e.B.\u2019nin jandarma lojman\u0131nda polis taraf\u0131ndan \u00f6nceki gece yap\u0131lan aramada bilgisayar, hard disk, haf\u0131za kart\u0131 ve baz\u0131 CD\u2019lerine el konuldu. Daha sonra astsubay\u0131n \u00e7al\u0131\u015ft\u0131\u011f\u0131 b\u00fcroda da polisin arama yapt\u0131\u011f\u0131 \u00f6\u011frenilirken, g\u00f6zalt\u0131na al\u0131nan B.\u2019nin Erzincan\u2019a g\u00f6t\u00fcr\u00fcld\u00fc\u011f\u00fc kaydedildi.<\/p>\n<p style=\"text-align: justify;\"><span style=\"color: #888888;\">Haber1.com<\/span><\/p>\n","protected":false},"excerpt":{"rendered":"<p style=\"text-align: center;\">\n<p style=\"text-align: justify;\">Erzurum \u00d6zel Yetkili Cumhuriyet Savc\u0131s\u0131\u2019n\u0131n iste\u011fi \u00fczerine Eski\u015fehir \u0130l Jandarma Alay Komutan\u0131 K\u0131demli Albay Recep Gen\u00e7o\u011flu makam\u0131nda g\u00f6zalt\u0131na al\u0131nd\u0131, odas\u0131 ve evi arand\u0131.<\/p>\n<p style=\"text-align: justify;\">Ergenekon soru\u015fturmas\u0131 kapsam\u0131nda d\u00fcn bir operasyon ve g\u00f6zalt\u0131 daha g\u00fcndeme bomba gibi d\u00fc\u015ft\u00fc. Eski\u015fehir \u0130l Jandarma Komutan\u0131 K\u0131demli Albay Recep Gen\u00e7o\u011flu, Erzurum \u00f6zel yetkili Cumhuriyet <\/p>\n","protected":false},"author":1,"featured_media":0,"comment_status":"open","ping_status":"closed","sticky":false,"template":"","format":"standard","meta":{"footnotes":""},"categories":[105],"tags":[],"class_list":["post-18563","post","type-post","status-publish","format-standard","hentry","category-gundem","odd"],"_links":{"self":[{"href":"http:\/\/www.korhanyilmaz.com\/index.php?rest_route=\/wp\/v2\/posts\/18563","targetHints":{"allow":["GET"]}}],"collection":[{"href":"http:\/\/www.korhanyilmaz.com\/index.php?rest_route=\/wp\/v2\/posts"}],"about":[{"href":"http:\/\/www.korhanyilmaz.com\/index.php?rest_route=\/wp\/v2\/types\/post"}],"author":[{"embeddable":true,"href":"http:\/\/www.korhanyilmaz.com\/index.php?rest_route=\/wp\/v2\/users\/1"}],"replies":[{"embeddable":true,"href":"http:\/\/www.korhanyilmaz.com\/index.php?rest_route=%2Fwp%2Fv2%2Fcomments&post=18563"}],"version-history":[{"count":0,"href":"http:\/\/www.korhanyilmaz.com\/index.php?rest_route=\/wp\/v2\/posts\/18563\/revisions"}],"wp:attachment":[{"href":"http:\/\/www.korhanyilmaz.com\/index.php?rest_route=%2Fwp%2Fv2%2Fmedia&parent=18563"}],"wp:term":[{"taxonomy":"category","embeddable":true,"href":"http:\/\/www.korhanyilmaz.com\/index.php?rest_route=%2Fwp%2Fv2%2Fcategories&post=18563"},{"taxonomy":"post_tag","embeddable":true,"href":"http:\/\/www.korhanyilmaz.com\/index.php?rest_route=%2Fwp%2Fv2%2Ftags&post=18563"}],"curies":[{"name":"wp","href":"https:\/\/api.w.org\/{rel}","templated":true}]}}