{"id":18539,"date":"2010-01-27T15:21:14","date_gmt":"2010-01-27T13:21:14","guid":{"rendered":"http:\/\/www.korhanyilmaz.com\/?p=18539"},"modified":"2010-01-27T15:21:14","modified_gmt":"2010-01-27T13:21:14","slug":"acilimin-amacini-ozetledi","status":"publish","type":"post","link":"http:\/\/www.korhanyilmaz.com\/?p=18539","title":{"rendered":"A\u00e7\u0131l\u0131m\u0131n amac\u0131n\u0131 \u00f6zetledi"},"content":{"rendered":"<p><a href=\"http:\/\/www.korhanyilmaz.com\/wp-content\/uploads\/2010\/01\/acilim.jpg\"  class=\"lightview\"><img loading=\"lazy\" decoding=\"async\" class=\"aligncenter size-full wp-image-18540\" src=\"http:\/\/www.korhanyilmaz.com\/wp-content\/uploads\/2010\/01\/acilim.jpg\" alt=\"\" width=\"320\" height=\"120\" \/><\/a><\/p>\n<p style=\"text-align: justify;\">&#8216;T\u00fcrkiye&#8217;nin birlik, beraberlik ve b\u00fct\u00fcnl\u00fc\u011f\u00fcn\u00fc korumak&#8217;<\/p>\n<p style=\"text-align: justify;\">Ba\u015fbakan Recep Tayyip Erdo\u011fan, Valilere \u201cMilli Birlik ve Beraberlik Projesi\u201d diye tan\u0131mlad\u0131\u011f\u0131 demokratik a\u00e7\u0131l\u0131m s\u00fcrecini anlatt\u0131 ve bu projenin devletin projesi oldu\u011funu s\u00f6yledi. Bu projenin baz\u0131lar\u0131n\u0131 rahats\u0131z etti\u011fini anlayamad\u0131\u011f\u0131n\u0131 s\u00f6yleyen Erdo\u011fan, \u201cBunu milletimizle beraber ger\u00e7ekle\u015ftirece\u011fiz. Bu \u00e7al\u0131\u015fmalar\u0131n amac\u0131 T\u00fcrkiye&#8217;nin birlik, beraberlik ve b\u00fct\u00fcnl\u00fc\u011f\u00fcn\u00fc her t\u00fcrl\u00fc tehlike ve tehditten korumak, temel sorun alanlar\u0131n\u0131 rahatlatarak sosyal restorasyonu ba\u015far\u0131yla ger\u00e7ekle\u015ftirmektir. Bunu ba\u015farmak zorunday\u0131z\u201d dedi. <!--more--><\/p>\n<p style=\"text-align: justify;\">Erdo\u011fan, darbe iddialar\u0131na da de\u011findi ve kirli senaryolar\u0131 haz\u0131rlaman\u0131n insanl\u0131k d\u0131\u015f\u0131 oldu\u011funu vurgulad\u0131. Erdo\u011fan, Valilerden her konuda vatanda\u015f\u0131n yan\u0131nda olmas\u0131n\u0131 istedi.<\/p>\n<p style=\"text-align: justify;\">Ba\u015fbakan Erdo\u011fan, Ankara\u2019da d\u00fczenlenen Valiler Toplant\u0131s\u0131\u2019n\u0131n a\u00e7\u0131l\u0131\u015f\u0131nda konu\u015ftu. Konu\u015fmas\u0131n\u0131n b\u00fcy\u00fck b\u00f6l\u00fcm\u00fcn\u00fc valilerin illerdeki \u00e7al\u0131\u015fmalar\u0131na ay\u0131ran Erdo\u011fan, demokratik a\u00e7\u0131l\u0131m s\u00fcreci ile darbe iddialar\u0131na da de\u011findi.<\/p>\n<p style=\"text-align: justify;\"><strong><em>-DEMOKRAT\u0130K A\u00c7ILIM S\u00dcREC\u0130- <\/em><\/strong><\/p>\n<p style=\"text-align: justify;\">Ba\u015fbakan Erdo\u011fan Valilere, demokratik a\u00e7\u0131l\u0131m projesini anlat\u0131rken, milli birlik ve beraberlik konusunda bu y\u0131l i\u00e7inde \u00e7ok somut ad\u0131mlar at\u0131laca\u011f\u0131n\u0131 kaydederek, \u015f\u00f6yle konu\u015ftu:<\/p>\n<p style=\"text-align: justify;\">&#8220;Bu proje, herhangi bir siyasi partiye ait bir proje de\u011fildir. Bu s\u00fcre\u00e7, herhangi bir siyasi partinin sorumlulu\u011funda olan bir proje de\u011fildir. Bu proje devletin projesidir. Devletin en \u00f6nemli kurumlar\u0131ndan bir tanesi olan \u0130\u00e7i\u015fleri Bakanl\u0131\u011f\u0131&#8217;n\u0131n koordinasyonunda bunu g\u00f6t\u00fcrece\u011fiz. Bu noktada yap\u0131lacaklar\u0131 k\u0131sa, orta ve uzun vadeli olarak ay\u0131rd\u0131k. K\u0131sa vadeli \u00e7al\u0131\u015fmalar\u0131n b\u00fcy\u00fck bir k\u0131sm\u0131n\u0131 yapt\u0131k, yap\u0131yoruz. Orta vadede yasal de\u011fi\u015fiklik ve mevzuat d\u00fczenlemelerini bug\u00fcnlerde g\u00fcndeme ta\u015f\u0131yoruz. Uzun vadeli olanlara gelince bunlar Anayasa&#8217;da gerekli d\u00fczenlemeler yap\u0131lmas\u0131n\u0131 icap ettiriyor ve demokratik bir Anayasa \u00f6zlemi in\u015fallah giderilecektir. Milli Birlik ve Karde\u015flik Projesi s\u0131cak bir ba\u015fl\u0131k olarak baz\u0131lar\u0131n\u0131 neden rahats\u0131z ediyor anlamakta zorlan\u0131yorum. Halbuki, bu projenin muhatab\u0131 millettir. Bunu milletimizle beraber ger\u00e7ekle\u015ftirece\u011fiz. Bu \u00e7al\u0131\u015fmalar\u0131n amac\u0131 T\u00fcrkiye&#8217;nin birlik, beraberlik ve b\u00fct\u00fcnl\u00fc\u011f\u00fcn\u00fc her t\u00fcrl\u00fc tehlike ve tehditten korumak, temel sorun alanlar\u0131n\u0131 rahatlatarak sosyal restorasyonu ba\u015far\u0131yla ger\u00e7ekle\u015ftirmektir. Bunu ba\u015farmak zorunday\u0131z.\u201d<\/p>\n<p style=\"text-align: justify;\"><strong><em>-ASKER VE POL\u0130S\u0130N G\u00d6REVLER\u0130- <\/em><\/strong><\/p>\n<p style=\"text-align: justify;\">G\u00fcvenli\u011fin vatanda\u015f\u0131n temel hak ve h\u00fcrriyetlerini \u00f6zg\u00fcrce, serbest\u00e7e ve rahat\u00e7a kullanmas\u0131 i\u00e7in var oldu\u011funa i\u015faret eden Erdo\u011fan, \u201cBurada askerimiz var, burada polisimiz var. Nedir g\u00f6revleri? \u0130\u00e7erden ve d\u0131\u015ftan gelecek herhangi bir tehdide kar\u015f\u0131 g\u00fcvenli\u011fi \u00fclkemizde sa\u011flamak, huzuru, refah\u0131 temin etmektir\u201d dedi. Erdo\u011fan, g\u00fcvenli\u011fin amac\u0131n\u0131n vatanda\u015f\u0131, bir \u015fehri, bir b\u00f6lgeyi bask\u0131 alt\u0131na almak olmad\u0131\u011f\u0131n\u0131 belirterek, \u015funlar\u0131 kaydetti:<\/p>\n<p style=\"text-align: justify;\">\u201cAma bunu bak\u0131yorsunuz, ter\u00f6r \u00f6rg\u00fct\u00fc ne yap\u0131yor? Bu \u015fekilde tan\u0131mlamak istiyor. Ni\u00e7in? Halk\u0131n\u0131n g\u00fcvenlik kurulu\u015flar\u0131na, g\u00fcvenlik te\u015fkilat\u0131na kar\u015f\u0131 sayg\u0131s\u0131n\u0131, g\u00fcvenini zafiyete u\u011fratmak i\u00e7in. Bu oyuna gelmeyece\u011fiz. Allah a\u015fk\u0131na, ne polis, ne asker zevk i\u00e7in operasyon yapabilir mi? B\u00f6yle bir \u015fey olur mu? Ama bir yerde halk\u0131n\u0131n refah\u0131n\u0131, huzurunu, oradaki bar\u0131\u015f\u0131 tehdit eden bir yap\u0131 varsa, bu \u00e7etesidir, mafyas\u0131d\u0131r, ter\u00f6r \u00f6rg\u00fct\u00fcd\u00fcr, ne olursa olsun. Varsa, o zaman g\u00fcvenlik g\u00fc\u00e7lerinin g\u00f6revi nedir? Bunlara kar\u015f\u0131 gerekli olan operasyonu yapmakt\u0131r. Hangi akl\u0131selim sahibi kalk\u0131p da g\u00fcvenlik g\u00fc\u00e7lerine \u2018silah b\u0131rak\u0131n\u2019 diyebilir?\u201d<\/p>\n<p style=\"text-align: justify;\"><strong><em>-\u201cK\u0130RL\u0130 SENARYOLAR HAZIRLAMAK \u0130NSANLIK DI\u015eIDIR\u201d- <\/em><\/strong><\/p>\n<p style=\"text-align: justify;\">Erdo\u011fan, konu\u015fmas\u0131nda darbe tart\u0131\u015fmalar\u0131na da isim vermeden de\u011fildi. D\u00fcnk\u00fc grup toplant\u0131s\u0131nda yapt\u0131\u011f\u0131 konu\u015fmadaki g\u00f6r\u00fc\u015flerini yineleyen Erdo\u011fan, bir yerde huzur ve s\u00fckunet varsa g\u00fcvenlik g\u00fc\u00e7lerinin zaten burada herhangi bir operasyonel giri\u015fimde de bulunmayaca\u011f\u0131n\u0131 ifade etti. Erdo\u011fan, &#8220;Vatanda\u015f\u0131n\u0131 bertaraf etmek, vatanda\u015f\u0131n\u0131 saf d\u0131\u015f\u0131 b\u0131rakmak, onu saflara ay\u0131rmak, bu do\u011frultuda kirli senaryolar haz\u0131rlamak, demokrasi d\u0131\u015f\u0131 oldu\u011fu kadar \u00e7a\u011fd\u0131\u015f\u0131d\u0131r, insanl\u0131k d\u0131\u015f\u0131d\u0131r. Modern bir \u00fclkeye, ileri bir demokrasiye bu anlay\u0131\u015f yak\u0131\u015fmaz\u201d dedi.<\/p>\n<p style=\"text-align: justify;\">Tehditlerle m\u00fccadele edilece\u011fi kararl\u0131l\u0131\u011f\u0131n\u0131n devam edece\u011fini anlatan Erdo\u011fan, \u015funlar\u0131 s\u00f6yledi:<\/p>\n<p style=\"text-align: justify;\">\u201cKusura bakmas\u0131nlar, t\u00fcm imkanlar\u0131m\u0131z\u0131 seferber edecek ve b\u00f6l\u00fcc\u00fc, y\u0131k\u0131c\u0131 giri\u015fimlere set \u00e7ekece\u011fiz. Ter\u00f6rle m\u00fccadelede asla ve asla zafiyet kabul etmiyoruz. Bug\u00fcne kadar oldu\u011fu gibi bundan sonra da ter\u00f6rle m\u00fccadelemiz ayn\u0131 azimle devam edecek. Ancak g\u00fcvenlik ile demokrasi aras\u0131nda o ince \u00e7izgiyi, o hassas dengeyi muhafaza etmek de devletin t\u00fcm unsurlar\u0131yla birlikte sizlerin uhdeniz alt\u0131ndad\u0131r. Esasen \u015fu g\u00f6r\u00fclm\u00fc\u015ft\u00fcr ki, g\u00fcvenlik i\u00e7in demokrasiden, insan hak ve h\u00fcrriyetlerinden taviz vermek, m\u00fccadelede ba\u015far\u0131dan \u00e7ok ba\u015far\u0131s\u0131zl\u0131k getiriyor. \u0130\u015fte onun i\u00e7in hem ter\u00f6rle m\u00fccadele s\u00fcrd\u00fcr\u00fclecek ama hem de ter\u00f6re zemin haz\u0131rlayan istismar alanlar\u0131 tek tek ortadan kald\u0131r\u0131lacakt\u0131r. Bu bak\u0131mdan bu m\u00fccadelenin psikolojik, sosyolojik, diplomatik boyutu var. B\u00fct\u00fcn bunlar\u0131 \u015f\u00fcphesiz ki siyaset kurumu da \u00f6zellikle alarak y\u00fcr\u00fctmek durumundad\u0131r. \u0130\u015fte \u015fimdi Parlamentoya getirdi\u011fimiz Kamu G\u00fcvenli\u011fi M\u00fcste\u015farl\u0131\u011f\u0131 ile ilgili olarak yapt\u0131\u011f\u0131m\u0131z haz\u0131rl\u0131k bundand\u0131r.&#8221;<\/p>\n<p style=\"text-align: justify;\"><strong><em>-&#8220;VAL\u0130LER YEREL Y\u00d6NET\u0130MLERLE \u0130\u015eB\u0130RL\u0130\u011e\u0130 \u0130\u00c7\u0130NDE OLMALI&#8221;- <\/em><\/strong><\/p>\n<p style=\"text-align: justify;\">Ba\u015fbakan Erdo\u011fan, her valinin \u00e7ok farkl\u0131 tecr\u00fcbeleri oldu\u011funu ve bu tecr\u00fcbeleri payla\u015fman\u0131n da yararl\u0131 olaca\u011f\u0131na i\u015faret etti. Valilerin yerel y\u00f6netimlerle i\u015f birli\u011fi i\u00e7inde olarak olumsuz hava \u015fartlar\u0131yla m\u00fccadele etmelerini rica eden Ba\u015fbakan Erdo\u011fan, \u201c\u015eartlar\u0131n zorla\u015fmas\u0131yla birlikte ya\u015fanabilecek sorunlar\u0131n en acil \u015fekilde \u00e7\u00f6z\u00fcm\u00fc de hayatiyet arz ediyor. A\u00e7\u0131k\u00e7as\u0131 21. y\u00fczy\u0131l T\u00fcrkiye&#8217;sinde yol kapand\u0131\u011f\u0131 i\u00e7in hastaneye g\u00f6t\u00fcr\u00fclemeyen, k\u0131zaklarla \u00e7ekilen, yolda uzun saatler mahsur kalan hasta manzaralar\u0131 g\u00f6rmek istemiyoruz\u201d dedi.<\/p>\n<p style=\"text-align: justify;\">Valilerin g\u00f6rev yapt\u0131klar\u0131 illerde devletin otoriter, somurtkan y\u00fcz\u00fcn\u00fc de\u011fil tam tersine devletin g\u00fcl\u00fcmseyen, \u015fefkatli ve s\u0131cak y\u00fcz\u00fc olmas\u0131 gerekti\u011fini vurgulayan Ba\u015fbakan Erdo\u011fan, valilerin devlet-millet kayna\u015fmas\u0131n\u0131n tesisinde kilit noktada bulundu\u011funu s\u00f6yledi. Erdo\u011fan \u015f\u00f6yle devam etti:<\/p>\n<p style=\"text-align: justify;\">\u201c\u015eunu asla unutmayal\u0131m. Millet devlet i\u00e7in de\u011fil devlet millet i\u00e7in vard\u0131r. \u00d6l\u00e7\u00fcm\u00fcz, ilkemiz bu. Bizim devlet gelene\u011fimiz insan\u0131 ya\u015fat ki devlet ya\u015fas\u0131n felsefesi \u00fczerine bina edilmi\u015ftir. Vatanda\u015f\u0131ndan \u00fcrken, korkan, vatanda\u015f\u0131na g\u00fcven duymayan anlay\u0131\u015f \u00e7a\u011f d\u0131\u015f\u0131d\u0131r.<\/p>\n<p style=\"text-align: justify;\">Devlet millet kayna\u015fmas\u0131n\u0131n temelini g\u00fcven olu\u015fturur. Bir \u00fclkede g\u00fcven, istikrar varsa o \u00fclkenin kalk\u0131nmas\u0131n\u0131 kimse engelleyemez. Devletin \u015fefkat ve merhameti vatanda\u015f\u0131n sadakatini art\u0131r\u0131r, devlete ba\u011fl\u0131l\u0131\u011f\u0131n\u0131 geli\u015ftirir.\u201d<\/p>\n<p style=\"text-align: justify;\"><strong><em>-\u201cVATANDA\u015e DEVLETE E\u015e\u0130T YAKINLIKTADIR\u201d- <\/em><\/strong><\/p>\n<p style=\"text-align: justify;\">Erdo\u011fan, vatanda\u015f\u0131n her birinin birinci s\u0131n\u0131f vatanda\u015f oldu\u011funa dikkat \u00e7ekerek, aralar\u0131nda herhangi bir ayr\u0131ma asla gidilemeyece\u011finin alt\u0131n\u0131 \u00e7izdi. Erdo\u011fan \u015f\u00f6yle dedi:<\/p>\n<p style=\"text-align: justify;\">\u201cDevlet nezdinde hi\u00e7birine kar\u015f\u0131 asla ayr\u0131mc\u0131l\u0131k i\u00e7inde olamay\u0131z. Ankara&#8217;ya uzakl\u0131\u011f\u0131 fiziken ne olursa olsun, valilik binas\u0131na uzakl\u0131\u011f\u0131 fiziken ne olursa olsun Hakkari&#8217;nin, Bing\u00f6l&#8217;\u00fcn, Tunceli&#8217;nin mezras\u0131ndaki vatanda\u015f da K\u0131r\u0131kkale&#8217;nin, \u00c7ank\u0131r\u0131&#8217;n\u0131n, Konya&#8217;n\u0131n k\u00f6y\u00fcndeki vatanda\u015f da devlete e\u015fit yak\u0131nl\u0131ktad\u0131r. E\u015fit yak\u0131nl\u0131kta olmak durumundad\u0131r. A\u00e7\u0131k s\u00f6yl\u00fcyorum, ben ya da \u0130\u00e7i\u015fleri Bakan\u0131m nas\u0131l ki birka\u00e7 dakika i\u00e7inde sizlere telefonla ula\u015fabiliyorsak, derdi, s\u0131k\u0131nt\u0131s\u0131, ihtiyac\u0131 olan vatanda\u015f da sizlere rahatl\u0131kla ula\u015fabilmeli, s\u0131k\u0131nt\u0131s\u0131n\u0131 aktarabilmelidir.\u201d<\/p>\n<p style=\"text-align: justify;\"><strong><em>-\u201cTELEFONUM 24 SAAT A\u00c7IK\u201d- <\/em><\/strong><\/p>\n<p style=\"text-align: justify;\">Kendi telefonunun 24 saat a\u00e7\u0131k oldu\u011funu belirten Ba\u015fbakan Erdo\u011fan, \u201cBenim valim, olur ya d\u00fc\u015f\u00fcnm\u00fcyorum \u00f6yle bir \u015fey bakan\u0131ma ula\u015fmas\u0131 gereken konu olur, bakan\u0131ma 24 saat ula\u015facakt\u0131r. Ayn\u0131 \u015fekilde gerekti\u011finde bana da ula\u015facakt\u0131r. \u2018Ba\u015fbakan bu saatte rahats\u0131z edilmez\u2019 Hay\u0131r, \u00f6yle bir \u015fey yok. Gerekti\u011finde beni de arayacaks\u0131n\u0131z, beni de bilgilendireceksiniz \u00e7\u00fcnk\u00fc ben de elim, aya\u011f\u0131m, g\u00f6z\u00fcm, kula\u011f\u0131m olarak sizleri g\u00f6r\u00fcyorum\u201d dedi.<\/p>\n<p style=\"text-align: justify;\">Herhangi bir yerde, herhangi bir olay oldu\u011fu zaman bu olaya valiler arac\u0131l\u0131\u011f\u0131yla ula\u015fmak durumunda oldu\u011funa dikkat \u00e7eken Ba\u015fbakan Erdo\u011fan, \u201cNerede olursa olsun her bir vatanda\u015f zora d\u00fc\u015ft\u00fc\u011f\u00fcnde devletin t\u00fcm imkanlar\u0131yla yan\u0131nda olaca\u011f\u0131n\u0131 bilmeli ve hissetmelidir\u201d diye konu\u015ftu.<\/p>\n<p style=\"text-align: justify;\">Erdo\u011fan, \u201cEmniyetim, kaymakam\u0131m, valim duyar ve hemen onlar\u0131n eli bana uzan\u0131r. Bu arada asla b\u00fcrokratik engellerle halk\u0131m\u0131za yakla\u015fmamal\u0131y\u0131z. Mali bir s\u0131k\u0131nt\u0131 var, biz \u00e7\u00f6zeriz. An\u0131nda \u00e7\u00f6zece\u011fiz\u201d dedi.<\/p>\n<p style=\"text-align: justify;\"><strong><em>-\u201cBULAMADI\u011eIMIZ HER YAVRUNUN VEBAL\u0130 \u00d6NCE S\u0130Z\u0130N SONRA BEN\u0130M \u00dcZER\u0130MDED\u0130R\u201d- <\/em><\/strong><\/p>\n<p style=\"text-align: justify;\">Her sorunu tamamen \u00e7\u00f6z\u00fclmese bile \u00e7\u00f6zme gayretinin asla b\u0131rak\u0131lmamas\u0131 gerekti\u011fine dikkat \u00e7eken Ba\u015fbakan Erdo\u011fan, \u015funlar\u0131 s\u00f6yledi:<\/p>\n<p style=\"text-align: justify;\">\u201c\u015eehrinizdeki her haneden haberiniz olacak. \u015eu k\u0131\u015f \u015fartlar\u0131nda kimin bacas\u0131 t\u00fct\u00fcyor, kimin bacas\u0131 t\u00fctm\u00fcyor bunu g\u00f6rmelisiniz. \u00d6yle haneler var ki \u00e7at\u0131n\u0131n alt\u0131nda, duvarlar\u0131n arkas\u0131nda nice trajediler ya\u015fan\u0131yor ama bu trajediler kap\u0131n\u0131n d\u0131\u015f\u0131na aksettirilmiyor. Benim vatanda\u015f\u0131m, sizler de en az benim kadar biliyorsunuz, gururludur. Yoklu\u011funu, yoksullu\u011funu gizler. O ne kadar gizlese de ondan haberdar olmak bizim boynumuzun borcudur. Sobas\u0131na atacak odunu, k\u00f6m\u00fcr\u00fc olmayan evler bulunabilir. Paltosu, ayakkab\u0131s\u0131, \u00e7ar\u0131\u011f\u0131, kalemi, defteri olmayan, b\u00fct\u00fcn bunlar\u0131n \u00fczerine evine geldi\u011finde o k\u00fc\u00e7\u00fcc\u00fck ellerini \u0131s\u0131tacak bir sobas\u0131 olmayan yavrular\u0131m\u0131z bulunabilir. Bunlar\u0131 aray\u0131p bulaca\u011f\u0131z ve koruyup kollayaca\u011f\u0131z. Bulamad\u0131\u011f\u0131m\u0131z her yavrunun vebali \u00f6nce sizin sonra benim \u00fczerimdedir.\u201d<\/p>\n<p style=\"text-align: justify;\"><strong><em>-ERDO\u011eAN\u2019DAN VAL\u0130LERE: EV EV DOLA\u015eIN- <\/em><\/strong><\/p>\n<p style=\"text-align: justify;\">Ba\u015fbakan Erdo\u011fan, valilerin e\u015flerini yanlar\u0131na alarak ev ev dola\u015fmalar\u0131n\u0131, vatanda\u015flar\u0131n hat\u0131r\u0131n\u0131 sormalar\u0131n\u0131 ve ihtiya\u00e7lar\u0131n\u0131 tespit etmelerini isteyerek, ayr\u0131ca bu ihtiya\u00e7lar\u0131n giderilmesinin de takip\u00e7isi olmalar\u0131n\u0131n \u00f6nemine de\u011findi. Erdo\u011fan konu\u015fmas\u0131n\u0131 \u015f\u00f6yle s\u00fcrd\u00fcrd\u00fc:<\/p>\n<p style=\"text-align: justify;\">\u201cYunus Emre&#8217;nin \u2018Bir g\u00f6n\u00fcl\u00fc yapt\u0131n ise, Er ete\u011fin tuttun ise, Bir kez hay\u0131r ettin ise, Binde bir ise az de\u011fil.\u2019 Farkl\u0131 imkanlara sahip olmakla birlikte s\u0131k\u0131nt\u0131 ya\u015fayan, acziyet i\u00e7inde k\u0131vranan insanlar olabilir. Biz adalet ve merhameti, ilgi ve \u015fefkati asla elden b\u0131rakmayaca\u011f\u0131z. Kim ne derse desin, hangi ele\u015ftiriyi getirirse getirsin \u015fevkinizi asla kaybetmeyin. Motivasyonunuzu, heyecan\u0131n\u0131z\u0131 asla yitirmeyin.<\/p>\n<p style=\"text-align: justify;\">\u2018Garip gureba, fakir fukara\u2019 dedi\u011fimiz zaman \u2018bu \u00fclkeyi b\u00f6yle g\u00f6steremezsiniz\u2019 diyenlere bizim cevab\u0131m\u0131z zaten haz\u0131rd\u0131r. Bu tablo bug\u00fcn yarat\u0131lmad\u0131, bu zaten elimizdeydi. \u015eimdi bunu minimize etmeye gayret ediyoruz. \u0130\u015fte Milli Birlik ve Karde\u015flik Projemizin, Demokratik a\u00e7\u0131l\u0131m s\u00fcrecimizin \u00f6n\u00fcndeki hedeflerden bir tanesi de sorun alanlar\u0131ndan bir tanesi de budur.<\/p>\n<p style=\"text-align: justify;\">Bug\u00fcn Valilerimizin halkla kucakla\u015fmas\u0131n\u0131, b\u00fct\u00fcnle\u015fmesini, kayna\u015fmas\u0131n\u0131, g\u00f6n\u00fcl birli\u011fi kurmas\u0131n\u0131 ele\u015ftirenler valileri kendi il ba\u015fkanlar\u0131 gibi g\u00f6rme al\u0131\u015fkanl\u0131\u011f\u0131ndan kurtulamam\u0131\u015f olanlard\u0131r. Her bir valimiz bu devletin temsilcisidir. Her bir valimizin vazifesi de devleti milletin hizmetkar\u0131 olarak konumland\u0131rmakt\u0131r. Biz bu millete efendi olmaya gelmedik gerek siyaset\u00e7isi gerek teknokrat\u0131, b\u00fcrokrat\u0131. Biz bu milletin hizmetkar\u0131 olmaya geldik.&#8221;<\/p>\n<p style=\"text-align: justify;\">Yerel y\u00f6netimler, i\u015f adamlar\u0131, sivil toplum \u00f6rg\u00fctleri, kanaat \u00f6nderleri ve \u00fcniversitelerle tam bir koordinasyon i\u00e7inde olunmas\u0131n\u0131 da \u00e7ok \u00f6nemsedi\u011fini s\u00f6yleyen Ba\u015fbakan Erdo\u011fan, herkesin \u201c\u015eehrimizi nas\u0131l daha ileriye ta\u015f\u0131yabiliriz gayreti i\u00e7inde olmas\u0131 gerekti\u011fini\u201d belirtti.<\/p>\n<p style=\"text-align: justify;\">&#8220;Y\u00f6netim anlay\u0131\u015f\u0131m\u0131z de\u011fi\u015ftik\u00e7e, olumluya d\u00f6nd\u00fck\u00e7e inan\u0131n \u00fclke de\u011fi\u015fecektir. \u0130\u015fte onun i\u00e7in heyecanla, co\u015fkuyla insan odakl\u0131 hizmet anlay\u0131\u015f\u0131yla her birinizin kutlu bir yar\u0131\u015f\u0131n i\u00e7inde olman\u0131z\u0131 arzu ediyor ve bekliyorum\u201d diyen Erdo\u011fan, masa ba\u015f\u0131nda evrak imzalayan klasik vali tipini tasvip etmedi\u011fini ifade etti. Erdo\u011fan \u015funlar\u0131 s\u00f6yledi:<\/p>\n<p style=\"text-align: justify;\">\u201cBen masa ba\u015f\u0131nda evrak imzalayan vali profilinden \u00e7ok adeta, avami bir tabir olacak ama \u00e7izmelerini giymi\u015f, eline kazmay\u0131 k\u00fcre\u011fi alm\u0131\u015f i\u015f makinesinin ba\u015f\u0131na ge\u00e7mi\u015f \u00e7al\u0131\u015fmalar\u0131 yak\u0131ndan takip eden, koordine eden k\u00f6ylerine su getiren vali profilinin T\u00fcrkiye&#8217;yi de\u011fi\u015ftirece\u011fine inan\u0131yorum. \u0130\u015f adamlar\u0131yla \u00f6l\u00e7\u00fcl\u00fc bir ili\u015fki geli\u015ftiren, \u00fcniversite ile i\u015fbirli\u011fi yapan, \u015fehrinde uzla\u015fmay\u0131 tesis eden bir valinin \u015fehrini ve \u00fclkesini geli\u015ftirece\u011fine inan\u0131yorum.\u201d<span style=\"color: #888888;\">&#8212; ANKA<\/span><\/p>\n<p style=\"text-align: justify;\"><span style=\"color: #888888;\">Haber1.com<\/span><\/p>\n","protected":false},"excerpt":{"rendered":"<\/p>\n<p style=\"text-align: justify;\">&#8216;T\u00fcrkiye&#8217;nin birlik, beraberlik ve b\u00fct\u00fcnl\u00fc\u011f\u00fcn\u00fc korumak&#8217;<\/p>\n<p style=\"text-align: justify;\">Ba\u015fbakan Recep Tayyip Erdo\u011fan, Valilere \u201cMilli Birlik ve Beraberlik Projesi\u201d diye tan\u0131mlad\u0131\u011f\u0131 demokratik a\u00e7\u0131l\u0131m s\u00fcrecini anlatt\u0131 ve bu projenin devletin projesi oldu\u011funu s\u00f6yledi. Bu projenin baz\u0131lar\u0131n\u0131 rahats\u0131z etti\u011fini anlayamad\u0131\u011f\u0131n\u0131 s\u00f6yleyen Erdo\u011fan, \u201cBunu milletimizle beraber ger\u00e7ekle\u015ftirece\u011fiz. Bu \u00e7al\u0131\u015fmalar\u0131n amac\u0131 T\u00fcrkiye&#8217;nin birlik, beraberlik ve b\u00fct\u00fcnl\u00fc\u011f\u00fcn\u00fc her <\/p>\n","protected":false},"author":1,"featured_media":0,"comment_status":"open","ping_status":"closed","sticky":false,"template":"","format":"standard","meta":{"footnotes":""},"categories":[105],"tags":[],"class_list":["post-18539","post","type-post","status-publish","format-standard","hentry","category-gundem","odd"],"_links":{"self":[{"href":"http:\/\/www.korhanyilmaz.com\/index.php?rest_route=\/wp\/v2\/posts\/18539","targetHints":{"allow":["GET"]}}],"collection":[{"href":"http:\/\/www.korhanyilmaz.com\/index.php?rest_route=\/wp\/v2\/posts"}],"about":[{"href":"http:\/\/www.korhanyilmaz.com\/index.php?rest_route=\/wp\/v2\/types\/post"}],"author":[{"embeddable":true,"href":"http:\/\/www.korhanyilmaz.com\/index.php?rest_route=\/wp\/v2\/users\/1"}],"replies":[{"embeddable":true,"href":"http:\/\/www.korhanyilmaz.com\/index.php?rest_route=%2Fwp%2Fv2%2Fcomments&post=18539"}],"version-history":[{"count":0,"href":"http:\/\/www.korhanyilmaz.com\/index.php?rest_route=\/wp\/v2\/posts\/18539\/revisions"}],"wp:attachment":[{"href":"http:\/\/www.korhanyilmaz.com\/index.php?rest_route=%2Fwp%2Fv2%2Fmedia&parent=18539"}],"wp:term":[{"taxonomy":"category","embeddable":true,"href":"http:\/\/www.korhanyilmaz.com\/index.php?rest_route=%2Fwp%2Fv2%2Fcategories&post=18539"},{"taxonomy":"post_tag","embeddable":true,"href":"http:\/\/www.korhanyilmaz.com\/index.php?rest_route=%2Fwp%2Fv2%2Ftags&post=18539"}],"curies":[{"name":"wp","href":"https:\/\/api.w.org\/{rel}","templated":true}]}}