{"id":18530,"date":"2010-01-27T17:57:10","date_gmt":"2010-01-27T15:57:10","guid":{"rendered":"http:\/\/www.korhanyilmaz.com\/?p=18530"},"modified":"2010-01-27T17:57:10","modified_gmt":"2010-01-27T15:57:10","slug":"ruya-suya-mi-dusuyor","status":"publish","type":"post","link":"http:\/\/www.korhanyilmaz.com\/?p=18530","title":{"rendered":"R\u00fcya suya m\u0131 d\u00fc\u015f\u00fcyor?"},"content":{"rendered":"<p><a href=\"http:\/\/www.korhanyilmaz.com\/wp-content\/uploads\/2010\/01\/nabucco.jpg\"  class=\"lightview\"><img loading=\"lazy\" decoding=\"async\" class=\"aligncenter size-full wp-image-18531\" src=\"http:\/\/www.korhanyilmaz.com\/wp-content\/uploads\/2010\/01\/nabucco.jpg\" alt=\"\" width=\"320\" height=\"100\" \/><\/a><\/p>\n<p style=\"text-align: justify;\">Nabucco konsorsiyumunun tepe y\u00f6neticisi, T\u00fcrkiye\u2019den ge\u00e7mesi planlanan boru hatt\u0131na yeterli talep gelmemesi durumunda projenin iptal edilece\u011fini s\u00f6yledi.<\/p>\n<p style=\"text-align: justify;\">Avrupa\u2019n\u0131n enerjide Rusya\u2019ya ba\u011f\u0131ml\u0131l\u0131\u011f\u0131n\u0131 \u00f6nleyecek en b\u00fcy\u00fck proje g\u00f6z\u00fcyle bak\u0131lan Nabucco gaz boru hatt\u0131n\u0131n gelece\u011fi tart\u0131\u015f\u0131l\u0131yor. Nabucco Monsorsiyumu\u2019nun ba\u015fkan\u0131 olan Avusturyal\u0131 enerji \u015firketi OMV, \u201cGaz ta\u015f\u0131ma talebine bakaca\u011f\u0131z. Yeterli talep olu\u015fmazsa boru hatt\u0131 in\u015fa edilmeyecek\u201d dedi. <!--more--><\/p>\n<p style=\"text-align: justify;\">Nabucco Konsorsiyumu Ba\u015fkan\u0131 Avusturyal\u0131 enerji \u015firketi OMV, \u201copen season\u201d s\u00fcrecinin bu y\u0131l Temmuz-Ekim d\u00f6neminde olaca\u011f\u0131n\u0131 ve \u015fu ana kadarki yo\u011fun ilgiye ra\u011fmen yeterli talep olu\u015fmazsa boru hatt\u0131n\u0131n in\u015fa edilmeyece\u011fini s\u00f6yledi.<\/p>\n<p style=\"text-align: justify;\">Boru hatt\u0131ndan sevk edilecek do\u011falgaza olan talep, \u201copen season\u201d (gaz ta\u015f\u0131ma talebi) ad\u0131 verilen s\u00fcre\u00e7te belli oluyor. OMV\u2019nin petrol ve do\u011falgaz birimi ba\u015fkan\u0131 Werner Auli yapt\u0131\u011f\u0131 a\u00e7\u0131klamada, \u201cOpen season s\u00fcrecini bu y\u0131l ba\u015flataca\u011f\u0131z, yeterli talep olup olmad\u0131\u011f\u0131n\u0131 o zaman \u00f6\u011frenece\u011fiz. Yeterli talep olu\u015fmazsa Nabucco Boru Hatt\u0131 in\u015fa edilmeyecek, bu kadar basit. Biz ticari bir i\u015fletmeyiz, kurum de\u011filiz. Talep olu\u015fmazsa hatt\u0131 yapmay\u0131z\u201d diye konu\u015ftu.<\/p>\n<p style=\"text-align: justify;\">Avrupa Birli\u011fi\u2019nin destekledi\u011fi ve k\u0131tan\u0131n Rus do\u011falgaz\u0131na ba\u011f\u0131ml\u0131l\u0131\u011f\u0131n\u0131 azaltmas\u0131 beklenen Nabucco Boru Hatt\u0131 konsorsiyumunda OMV ve BOTA\u015e\u2019\u0131n d\u0131\u015f\u0131nda, Bulgargaz, Romen Transgaz, Macar MOL ve Alman RWE yer al\u0131yor.<\/p>\n<p style=\"text-align: justify;\">Auli, \u201copen season\u201d s\u00fcrecinin ise olumlu sonu\u00e7lanmas\u0131n\u0131 bekledi\u011fini s\u00f6yledi. S\u00fcreci takiben yat\u0131r\u0131m karar\u0131n\u0131n 2010 sonunda al\u0131nmas\u0131 bekleniyor. Werner Auli, \u201cTalebin yo\u011fun oldu\u011funa dair iyi sinyaller al\u0131yoruz\u201d dedi.<\/p>\n<p style=\"text-align: justify;\">Konsorsiyum taraf\u0131ndan potansiyel m\u00fc\u015fterilere 2008 y\u0131l\u0131nda y\u00f6neltilen ankette, Nabucco\u2019nun 31 milyar metrek\u00fcpl\u00fck kapasitesinin 2 ile 3 kat\u0131 aras\u0131nda talep olu\u015ftu\u011fu g\u00f6r\u00fclm\u00fc\u015ft\u00fc.<\/p>\n<p style=\"text-align: justify;\">Ancak analistler, gelecekteki do\u011falgaz talebinin 7.9 milyar euroluk in\u015faat yat\u0131r\u0131m\u0131n\u0131 kar\u015f\u0131lamaya yetip yetmeyece\u011fi ve sevk edilecek yeterli do\u011falgaz\u0131n bulunup bulunamayaca\u011f\u0131 konusunda \u015f\u00fcphelerini dile getiriyor.<\/p>\n<p style=\"text-align: justify;\">Kuzey Irak\u2019tan sa\u011flanacak 8-10 milyar metrek\u00fcp do\u011falgaz\u0131n, 2015 y\u0131l\u0131nda faaliyette olmas\u0131 planlanan ilk faz\u0131 doldurmaya yetece\u011fini kaydeden Auli, talep hakk\u0131nda \u201cBence anketin sonu\u00e7lar\u0131 halen ge\u00e7erli. Olas\u0131 m\u00fc\u015fterilerden yo\u011fun ilgi var\u201d ifadesini kulland\u0131.<\/p>\n<p style=\"text-align: justify;\"><span style=\"color: #888888;\">VATAN<\/span><\/p>\n","protected":false},"excerpt":{"rendered":"<\/p>\n<p style=\"text-align: justify;\">Nabucco konsorsiyumunun tepe y\u00f6neticisi, T\u00fcrkiye\u2019den ge\u00e7mesi planlanan boru hatt\u0131na yeterli talep gelmemesi durumunda projenin iptal edilece\u011fini s\u00f6yledi.<\/p>\n<p style=\"text-align: justify;\">Avrupa\u2019n\u0131n enerjide Rusya\u2019ya ba\u011f\u0131ml\u0131l\u0131\u011f\u0131n\u0131 \u00f6nleyecek en b\u00fcy\u00fck proje g\u00f6z\u00fcyle bak\u0131lan Nabucco gaz boru hatt\u0131n\u0131n gelece\u011fi tart\u0131\u015f\u0131l\u0131yor. Nabucco Monsorsiyumu\u2019nun ba\u015fkan\u0131 olan Avusturyal\u0131 enerji \u015firketi OMV, \u201cGaz ta\u015f\u0131ma talebine bakaca\u011f\u0131z. Yeterli talep olu\u015fmazsa boru hatt\u0131 <\/p>\n","protected":false},"author":1,"featured_media":0,"comment_status":"open","ping_status":"closed","sticky":false,"template":"","format":"standard","meta":{"footnotes":""},"categories":[7],"tags":[],"class_list":["post-18530","post","type-post","status-publish","format-standard","hentry","category-ekonomi","odd"],"_links":{"self":[{"href":"http:\/\/www.korhanyilmaz.com\/index.php?rest_route=\/wp\/v2\/posts\/18530","targetHints":{"allow":["GET"]}}],"collection":[{"href":"http:\/\/www.korhanyilmaz.com\/index.php?rest_route=\/wp\/v2\/posts"}],"about":[{"href":"http:\/\/www.korhanyilmaz.com\/index.php?rest_route=\/wp\/v2\/types\/post"}],"author":[{"embeddable":true,"href":"http:\/\/www.korhanyilmaz.com\/index.php?rest_route=\/wp\/v2\/users\/1"}],"replies":[{"embeddable":true,"href":"http:\/\/www.korhanyilmaz.com\/index.php?rest_route=%2Fwp%2Fv2%2Fcomments&post=18530"}],"version-history":[{"count":0,"href":"http:\/\/www.korhanyilmaz.com\/index.php?rest_route=\/wp\/v2\/posts\/18530\/revisions"}],"wp:attachment":[{"href":"http:\/\/www.korhanyilmaz.com\/index.php?rest_route=%2Fwp%2Fv2%2Fmedia&parent=18530"}],"wp:term":[{"taxonomy":"category","embeddable":true,"href":"http:\/\/www.korhanyilmaz.com\/index.php?rest_route=%2Fwp%2Fv2%2Fcategories&post=18530"},{"taxonomy":"post_tag","embeddable":true,"href":"http:\/\/www.korhanyilmaz.com\/index.php?rest_route=%2Fwp%2Fv2%2Ftags&post=18530"}],"curies":[{"name":"wp","href":"https:\/\/api.w.org\/{rel}","templated":true}]}}