{"id":18500,"date":"2010-01-27T13:20:08","date_gmt":"2010-01-27T11:20:08","guid":{"rendered":"http:\/\/www.korhanyilmaz.com\/?p=18500"},"modified":"2010-01-27T13:20:08","modified_gmt":"2010-01-27T11:20:08","slug":"yuksek-yargi-hakim-ve-savcilarin-mazbata-toreninde-bulustu","status":"publish","type":"post","link":"http:\/\/www.korhanyilmaz.com\/?p=18500","title":{"rendered":"Y\u00fcksek Yarg\u0131 hakim ve savc\u0131lar\u0131n mazbata t\u00f6reninde bulu\u015ftu"},"content":{"rendered":"<div id=\"attachment_18501\" style=\"width: 370px\" class=\"wp-caption aligncenter\"><a href=\"http:\/\/www.korhanyilmaz.com\/wp-content\/uploads\/2010\/01\/yarg\u0131.jpeg\"  class=\"lightview\"><img loading=\"lazy\" decoding=\"async\" aria-describedby=\"caption-attachment-18501\" class=\"size-full wp-image-18501\" title=\"yarg\u0131\" src=\"http:\/\/www.korhanyilmaz.com\/wp-content\/uploads\/2010\/01\/yarg\u0131.jpeg\" alt=\"\" width=\"360\" height=\"223\" \/><\/a><p id=\"caption-attachment-18501\" class=\"wp-caption-text\">Adalet Bakan\u0131 Sadullah Ergin ve y\u00fcksek yarg\u0131 ba\u015fkanlar\u0131 Yarg\u0131tay ve Dan\u0131\u015ftay&#39;\u0131n bo\u015f olan \u00fcyeliklerine se\u00e7ilen hakim ve savc\u0131lar\u0131n mazbata alma ve c\u00fcbbe giyme t\u00f6reninde bir araya geldi.<\/p><\/div>\n<p style=\"text-align: justify;\">Adalet Bakan\u0131 Sadullah Ergin, T\u00fcrk yarg\u0131s\u0131n\u0131n y\u0131llar itibari ile birikmi\u015f sorunlar\u0131 oldu\u011funu ifade ederek, &#8220;Bu sorunlar son d\u00f6nemde yap\u0131lan \u00e7al\u0131\u015fmalarla minimize edilmeye \u00e7al\u0131\u015f\u0131lm\u0131\u015f ve neticeler al\u0131nm\u0131\u015f durumda. Elbette devam eden problemler var. \u00c7\u00f6z\u00fclmesi gereken sorunlar var. Bunlar\u0131 \u00e7\u00f6zmek i\u00e7in y\u00fcksek yarg\u0131m\u0131z\u0131n payda\u015flar\u0131 ile birlikte b\u00fcy\u00fck bir gayet g\u00f6steriyoruz&#8221; dedi.<!--more--><\/p>\n<p style=\"text-align: justify;\">Yarg\u0131tay ve Dan\u0131\u015ftay\u2019\u0131n bo\u015f olan \u00fcyeliklerine se\u00e7ilen hakim ve savc\u0131lar, mazbatalar\u0131n\u0131 alarak c\u00fcbbelerini giydi. Adalet Bakanl\u0131\u011f\u0131 ek binas\u0131nda ger\u00e7ekle\u015ftirilen mazbata ve c\u00fcbbe giyme t\u00f6renine Adalet Bakan\u0131 Sadullah Ergin, Anayasa Mahkemesi Ba\u015fkan\u0131 Ha\u015fim K\u0131l\u0131\u00e7, Yarg\u0131tay Ba\u015fkan\u0131 Hasan Ger\u00e7eker, Dan\u0131\u015ftay Ba\u015fkan\u0131 Mustafa Birden, Say\u0131\u015ftay Ba\u015fkan\u0131 Recai Akyel, Y\u00fcksek Se\u00e7im Kurulu (YSK) Ba\u015fkan\u0131 Muammer Ayd\u0131n ile Dan\u0131\u015ftay ve Yarg\u0131tay Daire Ba\u015fkanlar\u0131 ile \u00fcyeleri ile hakim ve savc\u0131lar kat\u0131ld\u0131.<\/p>\n<p style=\"text-align: justify;\">Adalet Bakan\u0131 Sadullah Ergin, t\u00f6rende yapt\u0131\u011f\u0131 konu\u015fmada, yarg\u0131daki sorunlar\u0131n \u00e7\u00f6z\u00fcm\u00fc noktas\u0131nda son d\u00f6nemde yap\u0131lanlara ili\u015fkin bilgi verdi. 2002 y\u0131l\u0131nda 3 bin 800 civar\u0131nda olan ilk derece mahkeme say\u0131s\u0131n\u0131n bug\u00fcn itibari ile 5 bin 400\u2019e ula\u015fm\u0131\u015f bulundu\u011funu kaydeden Ergin, &#8220;Yine 9 bin 200 olan hakim ve savc\u0131 say\u0131m\u0131z bug\u00fcn 11 bini a\u015fm\u0131\u015f bulunmakta. Ayr\u0131ca personel say\u0131m\u0131zda y\u00fczde 50\u2019lilik bir art\u0131\u015f var. Onun \u00f6tesinde yarg\u0131m\u0131z\u0131n y\u0131lard\u0131r fiziki mekan olarak ya\u015fad\u0131\u011f\u0131 sorunlar var. Yakla\u015f\u0131k 600 bin metrekare kapal\u0131 alan\u0131m\u0131z var. Yarg\u0131lama yap\u0131lan mekanlar itibari ile. Elimizdeki in\u015faatlar\u0131n bitmi\u015f oldu\u011funu baza al\u0131rsak, 2 bu\u00e7uk milyon metrekareye ula\u015f\u0131yor bu alan. Son 7 y\u0131lda 4 kat geli\u015fme sa\u011fland\u0131 bu y\u00f6nden. Sadece \u0130stanbul\u2019daki adliye saray\u0131n\u0131n alan\u0131 700 bin metrekare civar\u0131nda. Bunlar \u00f6nemlidir&#8221; dedi.<\/p>\n<p style=\"text-align: justify;\">Ergin, UYAP\u2019\u0131n geli\u015ftirilmesi ile birlikte, 40 binin \u00fczerinde masa \u00fcst\u00fc bilgisayar ve 16 bin civar\u0131nda da diz\u00fcst\u00fc bilgisayarla yarg\u0131n\u0131n teknolojik olarak da \u00f6nemli imkanlara kovu\u015ftu\u011funu s\u00f6yledi. Y\u00fcksek yarg\u0131n\u0131n i\u00e7inde bulundu\u011fu a\u011f\u0131r i\u015f y\u00fck\u00fc d\u00fc\u015f\u00fcn\u00fcld\u00fc\u011f\u00fcnde Yarg\u0131tay\u2019\u0131n i\u015f y\u00fck\u00fcn\u00fcn azalt\u0131lmas\u0131n\u0131n hedeflendi\u011fini ifade eden Bakan Ergin, &#8220;2010 y\u0131l\u0131 sonlar\u0131na do\u011fru istinat mahkemelerine hayata ge\u00e7irmeyi ba\u015faraca\u011f\u0131z. Dan\u0131\u015ftay\u0131m\u0131z\u0131n da \u00f6nemli bir i\u015f y\u00fck\u00fc var. Bunu azaltabilmek i\u00e7in de Dan\u0131\u015ftay Ba\u015fkanl\u0131\u011f\u0131m\u0131zla bir \u00e7al\u0131\u015fma yapt\u0131k. \u0130n\u015fallah en k\u0131sa s\u00fcrede Dan\u0131\u015ftay\u0131m\u0131z\u0131n da i\u015f y\u00fck\u00fcn\u00fc azaltaca\u011f\u0131z&#8221; dedi.<\/p>\n<p style=\"text-align: justify;\">Ergin, alternatif uyu\u015fmazl\u0131k yollar\u0131ndan arabuluculuk kanun tasar\u0131s\u0131n\u0131n da TBMM\u2019ye sevk edilmek suretiyle mahkemelere gelen uyumazl\u0131klar\u0131 mahkemeye ula\u015fmadan \u00e7\u00f6zebilecek y\u00f6ntemler geli\u015ftirilmeye \u00e7al\u0131\u015f\u0131ld\u0131\u011f\u0131n\u0131 da ifade etti.<\/p>\n<p style=\"text-align: justify;\">Anayasa Mahkemesi\u2019nin binas\u0131n\u0131n da tamamland\u0131\u011f\u0131n\u0131 hat\u0131rlatan Ergin, mahkemenin kendisine yak\u0131\u015fan bir binaya kavu\u015ftu\u011funu dile getirdi. Ergin s\u00f6zlerine \u015f\u00f6yle devam etti:<\/p>\n<p style=\"text-align: justify;\">&#8220;Yarg\u0131m\u0131z\u0131n \u00f6nemli \u00f6l\u00e7\u00fcde fiziki mekan, altyap\u0131 gibi sorunlar\u0131 ortadan kald\u0131r\u0131lacak. Son bir y\u0131l i\u00e7inde y\u00fcksek yarg\u0131m\u0131z\u0131n problemlerini \u00e7\u00f6zme noktas\u0131nda \u00f6nemli katk\u0131lar sa\u011flayacak 40 arkada\u015f\u0131m\u0131za da hay\u0131rl\u0131 olsun diyorum. 34 arkada\u015f\u0131m\u0131z Yarg\u0131tay\u2019da, 6 arkada\u015f\u0131m\u0131z da Dan\u0131\u015ftay\u2019da g\u00f6rev yapacaklar. Bu se\u00e7imler yap\u0131l\u0131rken kendi kat\u0131ld\u0131\u011f\u0131m b\u00f6l\u00fcm i\u00e7in ifade ediyorum, ger\u00e7ekten kurulumuz olduk\u00e7a zorland\u0131. Se\u00e7ilme yeterlili\u011fine sahip 4 bin 500 civar\u0131nda arkada\u015f\u0131m\u0131z vard\u0131. Kurulumuz bin 500 aday belirledi. Bu bin 500 aday aras\u0131ndan 34 arkada\u015f\u0131m\u0131z\u0131 se\u00e7mek kolay olmad\u0131. Hepsi birbirinden k\u0131ymetli ve de\u011ferli arkada\u015f\u0131m\u0131zd\u0131r. T\u00fcrk yarg\u0131m\u0131za \u00e7ok \u00f6nemli katk\u0131lar sunacaklar\u0131na inan\u0131yorum.&#8221;<\/p>\n<p style=\"text-align: justify;\">Bakan Ergin\u2019in konu\u015fmas\u0131n\u0131n ard\u0131ndan 40 \u00fcyenin \u00f6zge\u00e7mi\u015fleri s\u0131rayla okundu ve Anayasa Mahkemesi Ba\u015fkan\u0131 K\u0131l\u0131\u00e7, Yarg\u0131tay Ba\u015fkan\u0131 Ger\u00e7eker, Dan\u0131\u015ftay Ba\u015fkan\u0131 Birden ile Adalet Bakan\u0131 Ergin s\u0131rayla \u00fcyelere mazbatalar\u0131n\u0131 verdiler.<\/p>\n<p style=\"text-align: justify;\">\u00d6te yandan, 2010 y\u0131l\u0131 hakim ve savc\u0131lar\u0131n g\u00fcz kararnamelerinin bakanl\u0131kta tamamland\u0131\u011f\u0131 ve HSYK\u2019ya sunuldu\u011fu, kurulun da \u00f6n\u00fcm\u00fczdeki g\u00fcnlerde kararnameyi g\u00fcndemine alarak, g\u00f6r\u00fc\u015fmesinin beklendi\u011fi \u00f6\u011frenildi.<\/p>\n<p style=\"text-align: justify;\"><span style=\"color: #888888;\">Radikal<\/span><\/p>\n","protected":false},"excerpt":{"rendered":"<p id=\"caption-attachment-18501\" class=\"wp-caption-text\">Adalet Bakan\u0131 Sadullah Ergin ve y\u00fcksek yarg\u0131 ba\u015fkanlar\u0131 Yarg\u0131tay ve Dan\u0131\u015ftay&#39;\u0131n bo\u015f olan \u00fcyeliklerine se\u00e7ilen hakim ve savc\u0131lar\u0131n mazbata alma ve c\u00fcbbe giyme t\u00f6reninde bir araya geldi.<\/p>\n<p style=\"text-align: justify;\">Adalet Bakan\u0131 Sadullah Ergin, T\u00fcrk yarg\u0131s\u0131n\u0131n y\u0131llar itibari ile birikmi\u015f sorunlar\u0131 oldu\u011funu ifade ederek, &#8220;Bu sorunlar son d\u00f6nemde yap\u0131lan \u00e7al\u0131\u015fmalarla minimize edilmeye \u00e7al\u0131\u015f\u0131lm\u0131\u015f ve <\/p>\n","protected":false},"author":1,"featured_media":0,"comment_status":"open","ping_status":"closed","sticky":false,"template":"","format":"standard","meta":{"footnotes":""},"categories":[105],"tags":[],"class_list":["post-18500","post","type-post","status-publish","format-standard","hentry","category-gundem","odd"],"_links":{"self":[{"href":"http:\/\/www.korhanyilmaz.com\/index.php?rest_route=\/wp\/v2\/posts\/18500","targetHints":{"allow":["GET"]}}],"collection":[{"href":"http:\/\/www.korhanyilmaz.com\/index.php?rest_route=\/wp\/v2\/posts"}],"about":[{"href":"http:\/\/www.korhanyilmaz.com\/index.php?rest_route=\/wp\/v2\/types\/post"}],"author":[{"embeddable":true,"href":"http:\/\/www.korhanyilmaz.com\/index.php?rest_route=\/wp\/v2\/users\/1"}],"replies":[{"embeddable":true,"href":"http:\/\/www.korhanyilmaz.com\/index.php?rest_route=%2Fwp%2Fv2%2Fcomments&post=18500"}],"version-history":[{"count":0,"href":"http:\/\/www.korhanyilmaz.com\/index.php?rest_route=\/wp\/v2\/posts\/18500\/revisions"}],"wp:attachment":[{"href":"http:\/\/www.korhanyilmaz.com\/index.php?rest_route=%2Fwp%2Fv2%2Fmedia&parent=18500"}],"wp:term":[{"taxonomy":"category","embeddable":true,"href":"http:\/\/www.korhanyilmaz.com\/index.php?rest_route=%2Fwp%2Fv2%2Fcategories&post=18500"},{"taxonomy":"post_tag","embeddable":true,"href":"http:\/\/www.korhanyilmaz.com\/index.php?rest_route=%2Fwp%2Fv2%2Ftags&post=18500"}],"curies":[{"name":"wp","href":"https:\/\/api.w.org\/{rel}","templated":true}]}}