{"id":18494,"date":"2010-01-27T15:27:30","date_gmt":"2010-01-27T13:27:30","guid":{"rendered":"http:\/\/www.korhanyilmaz.com\/?p=18494"},"modified":"2010-01-27T15:27:30","modified_gmt":"2010-01-27T13:27:30","slug":"erzincan-sorusturmasi-eskisehire-uzandi","status":"publish","type":"post","link":"http:\/\/www.korhanyilmaz.com\/?p=18494","title":{"rendered":"Erzincan soru\u015fturmas\u0131 Eski\u015fehir&#039;e uzand\u0131"},"content":{"rendered":"<p style=\"text-align: center;\"><a href=\"http:\/\/www.korhanyilmaz.com\/wp-content\/uploads\/2010\/01\/erzincan.jpeg\"  class=\"lightview\"><img loading=\"lazy\" decoding=\"async\" class=\"size-full wp-image-18495 aligncenter\" src=\"http:\/\/www.korhanyilmaz.com\/wp-content\/uploads\/2010\/01\/erzincan.jpeg\" alt=\"\" width=\"322\" height=\"97\" \/><\/a><\/p>\n<p style=\"text-align: justify;\">Eski\u015fehir Jandarma Alay Komutan\u0131 K\u0131demli Albay Recep Gen\u00e7o\u011flu&#8217;nun g\u00f6zalt\u0131na al\u0131nd\u0131\u011f\u0131 bildirildi.<\/p>\n<p style=\"text-align: justify;\">Erzurum \u00d6zel Yetkili Cumhuriyet Savc\u0131s\u0131n\u0131n iste\u011fi do\u011frultusunda Eski\u015fehir Cumhuriyet Ba\u015fsavc\u0131s\u0131 Ekrem Ayd\u0131ner, cumhuriyet savc\u0131lar\u0131 ile baz\u0131 askeri savc\u0131lar Alay Komutanl\u0131\u011f\u0131na gitti. Burada yasal prosed\u00fcr\u00fcn yerine getirildi\u011fi ve K\u0131demli Albay Recep Gen\u00e7o\u011flu\u2019nun Erzurum\u2019a g\u00f6t\u00fcr\u00fclece\u011fi \u00f6\u011frenildi. Erzincan Alay Komutanl\u0131\u011f\u0131 g\u00f6revinden 30 A\u011fustos 2009\u2019da Eski\u015fehir\u2019e atanan K\u0131demli Albay Gen\u00e7o\u011flu\u2019nun Erzincan\u2019daki bir \u00e7al\u0131\u015fmayla ilgili olarak g\u00f6zalt\u0131na al\u0131nd\u0131\u011f\u0131 bildirildi.<\/p>\n<p style=\"text-align: justify;\"><span style=\"color: #888888;\">Radikal<\/span><\/p>\n","protected":false},"excerpt":{"rendered":"<p style=\"text-align: center;\">\n<p style=\"text-align: justify;\">Eski\u015fehir Jandarma Alay Komutan\u0131 K\u0131demli Albay Recep Gen\u00e7o\u011flu&#8217;nun g\u00f6zalt\u0131na al\u0131nd\u0131\u011f\u0131 bildirildi.<\/p>\n<p style=\"text-align: justify;\">Erzurum \u00d6zel Yetkili Cumhuriyet Savc\u0131s\u0131n\u0131n iste\u011fi do\u011frultusunda Eski\u015fehir Cumhuriyet Ba\u015fsavc\u0131s\u0131 Ekrem Ayd\u0131ner, cumhuriyet savc\u0131lar\u0131 ile baz\u0131 askeri savc\u0131lar Alay Komutanl\u0131\u011f\u0131na gitti. Burada yasal prosed\u00fcr\u00fcn yerine getirildi\u011fi ve K\u0131demli Albay Recep Gen\u00e7o\u011flu\u2019nun Erzurum\u2019a g\u00f6t\u00fcr\u00fclece\u011fi \u00f6\u011frenildi. Erzincan Alay Komutanl\u0131\u011f\u0131 <\/p>\n","protected":false},"author":1,"featured_media":0,"comment_status":"open","ping_status":"closed","sticky":false,"template":"","format":"standard","meta":{"footnotes":""},"categories":[105],"tags":[],"class_list":["post-18494","post","type-post","status-publish","format-standard","hentry","category-gundem","odd"],"_links":{"self":[{"href":"http:\/\/www.korhanyilmaz.com\/index.php?rest_route=\/wp\/v2\/posts\/18494","targetHints":{"allow":["GET"]}}],"collection":[{"href":"http:\/\/www.korhanyilmaz.com\/index.php?rest_route=\/wp\/v2\/posts"}],"about":[{"href":"http:\/\/www.korhanyilmaz.com\/index.php?rest_route=\/wp\/v2\/types\/post"}],"author":[{"embeddable":true,"href":"http:\/\/www.korhanyilmaz.com\/index.php?rest_route=\/wp\/v2\/users\/1"}],"replies":[{"embeddable":true,"href":"http:\/\/www.korhanyilmaz.com\/index.php?rest_route=%2Fwp%2Fv2%2Fcomments&post=18494"}],"version-history":[{"count":0,"href":"http:\/\/www.korhanyilmaz.com\/index.php?rest_route=\/wp\/v2\/posts\/18494\/revisions"}],"wp:attachment":[{"href":"http:\/\/www.korhanyilmaz.com\/index.php?rest_route=%2Fwp%2Fv2%2Fmedia&parent=18494"}],"wp:term":[{"taxonomy":"category","embeddable":true,"href":"http:\/\/www.korhanyilmaz.com\/index.php?rest_route=%2Fwp%2Fv2%2Fcategories&post=18494"},{"taxonomy":"post_tag","embeddable":true,"href":"http:\/\/www.korhanyilmaz.com\/index.php?rest_route=%2Fwp%2Fv2%2Ftags&post=18494"}],"curies":[{"name":"wp","href":"https:\/\/api.w.org\/{rel}","templated":true}]}}