{"id":18490,"date":"2010-01-27T13:28:32","date_gmt":"2010-01-27T11:28:32","guid":{"rendered":"http:\/\/www.korhanyilmaz.com\/?p=18490"},"modified":"2010-01-27T13:28:32","modified_gmt":"2010-01-27T11:28:32","slug":"hindistandan-turkiyeye-nota","status":"publish","type":"post","link":"http:\/\/www.korhanyilmaz.com\/?p=18490","title":{"rendered":"Hindistan&#039;dan T\u00fcrkiye&#039;ye nota"},"content":{"rendered":"<p style=\"text-align: center;\"><a href=\"http:\/\/www.korhanyilmaz.com\/wp-content\/uploads\/2010\/01\/hindistan.jpeg\"  class=\"lightview\"><img loading=\"lazy\" decoding=\"async\" class=\"size-full wp-image-18491 aligncenter\" src=\"http:\/\/www.korhanyilmaz.com\/wp-content\/uploads\/2010\/01\/hindistan.jpeg\" alt=\"\" width=\"322\" height=\"97\" \/><\/a><\/p>\n<p style=\"text-align: justify;\">Hindistan&#8217;\u0131n, \u0130stanbul&#8217;da d\u00fczenlenen Afganistan&#8217;a kom\u015fu \u00fclkeler toplant\u0131s\u0131na davet edilmedi\u011fi gerek\u00e7esiyle Ankara&#8217;ya protesto notas\u0131n\u0131 verdi\u011fi bildirildi. Hindistan bas\u0131n\u0131 da, gerginli\u011fin Cumhurba\u015fkan\u0131 Abdullal G\u00fcl&#8217;\u00fcn \u015eubat ay\u0131nda Hindistan&#8217;a yapaca\u011f\u0131 ziyarete \u201cg\u00f6lge d\u00fc\u015f\u00fcrebilece\u011fi\u201d yorumunu yapt\u0131. <!--more--><\/p>\n<p style=\"text-align: justify;\">\u0130stanbul\u2019da Sal\u0131 g\u00fcn\u00fc Afganistan\u2019\u0131n kom\u015fular\u0131n\u0131n kat\u0131l\u0131m\u0131yla d\u00fczenlenen konferansa davet edilmedi\u011fi gerek\u00e7esiyle Hindistan\u2019\u0131n T\u00fcrkiye\u2019yi protesto etti\u011fi belirtildi. \u0130ndian Express taraf\u0131ndan yay\u0131mlanan bir haberde Hindistan\u2019\u0131n, konferanstan Pakistan\u2019\u0131n talebi \u00fczerine d\u0131\u015fland\u0131\u011f\u0131 san\u0131ld\u0131\u011f\u0131 kaydedildi. Haberde \u015f\u00f6yle denildi:<\/p>\n<p style=\"text-align: justify;\">\u201cBu, Cumhurba\u015fkan\u0131 Abdullah G\u00fcl\u2019\u00fcn gelecek ay Hindistan\u2019a yapaca\u011f\u0131 ziyarete g\u00f6lge d\u00fc\u015f\u00fcrebilir. Konferans\u0131n d\u00fczenleyicisi olan G\u00fcl, 9 \u015eubat\u2019tan ba\u015flayarak Hindistan\u2019a iki g\u00fcnl\u00fck bir ziyarette bulunacak.<\/p>\n<p style=\"text-align: justify;\">Hepsi Kabil\u2019in istikrarla\u015ft\u0131r\u0131lmas\u0131nda \u00f6nemli paylar\u0131 olan Hindistan, Fransa ve Japonya, Afganistan\u2019\u0131n askeri ve siyasi gelece\u011finin de\u011ferlendirilmesine y\u00f6nelik konferansa davet edilmedi\u011fi i\u00e7in Ankara\u2019ya protestoda bulunmu\u015ftu. Paris ve Tokyo, son anda dahil edilirken Yeni Delhi d\u0131\u015far\u0131ya b\u0131rak\u0131ld\u0131.\u201d<\/p>\n<p style=\"text-align: justify;\">Hindistan h\u00fck\u00fcmetinin Ankara\u2019n\u0131n reddinden rahats\u0131z oldu\u011fu belirtildi\u011fi haberde Hindistan\u2019\u0131n, 25 Ocak\u2019ta Rusya\u2019da d\u00fczenlenen Afganistan konferans\u0131na ve 28 Ocak\u2019ta Afganistan ile ilgili olarak yap\u0131lacak Londra Konferans\u0131\u2019na ise davet edildi\u011fine de dikkat \u00e7ekildi.<\/p>\n<p style=\"text-align: justify;\"><span style=\"color: #888888;\">Radikal<\/span><\/p>\n","protected":false},"excerpt":{"rendered":"<p style=\"text-align: center;\">\n<p style=\"text-align: justify;\">Hindistan&#8217;\u0131n, \u0130stanbul&#8217;da d\u00fczenlenen Afganistan&#8217;a kom\u015fu \u00fclkeler toplant\u0131s\u0131na davet edilmedi\u011fi gerek\u00e7esiyle Ankara&#8217;ya protesto notas\u0131n\u0131 verdi\u011fi bildirildi. Hindistan bas\u0131n\u0131 da, gerginli\u011fin Cumhurba\u015fkan\u0131 Abdullal G\u00fcl&#8217;\u00fcn \u015eubat ay\u0131nda Hindistan&#8217;a yapaca\u011f\u0131 ziyarete \u201cg\u00f6lge d\u00fc\u015f\u00fcrebilece\u011fi\u201d yorumunu yapt\u0131. <\/p>\n","protected":false},"author":1,"featured_media":0,"comment_status":"open","ping_status":"closed","sticky":false,"template":"","format":"standard","meta":{"footnotes":""},"categories":[105],"tags":[],"class_list":["post-18490","post","type-post","status-publish","format-standard","hentry","category-gundem","odd"],"_links":{"self":[{"href":"http:\/\/www.korhanyilmaz.com\/index.php?rest_route=\/wp\/v2\/posts\/18490","targetHints":{"allow":["GET"]}}],"collection":[{"href":"http:\/\/www.korhanyilmaz.com\/index.php?rest_route=\/wp\/v2\/posts"}],"about":[{"href":"http:\/\/www.korhanyilmaz.com\/index.php?rest_route=\/wp\/v2\/types\/post"}],"author":[{"embeddable":true,"href":"http:\/\/www.korhanyilmaz.com\/index.php?rest_route=\/wp\/v2\/users\/1"}],"replies":[{"embeddable":true,"href":"http:\/\/www.korhanyilmaz.com\/index.php?rest_route=%2Fwp%2Fv2%2Fcomments&post=18490"}],"version-history":[{"count":0,"href":"http:\/\/www.korhanyilmaz.com\/index.php?rest_route=\/wp\/v2\/posts\/18490\/revisions"}],"wp:attachment":[{"href":"http:\/\/www.korhanyilmaz.com\/index.php?rest_route=%2Fwp%2Fv2%2Fmedia&parent=18490"}],"wp:term":[{"taxonomy":"category","embeddable":true,"href":"http:\/\/www.korhanyilmaz.com\/index.php?rest_route=%2Fwp%2Fv2%2Fcategories&post=18490"},{"taxonomy":"post_tag","embeddable":true,"href":"http:\/\/www.korhanyilmaz.com\/index.php?rest_route=%2Fwp%2Fv2%2Ftags&post=18490"}],"curies":[{"name":"wp","href":"https:\/\/api.w.org\/{rel}","templated":true}]}}