{"id":18487,"date":"2010-01-27T15:27:33","date_gmt":"2010-01-27T13:27:33","guid":{"rendered":"http:\/\/www.korhanyilmaz.com\/?p=18487"},"modified":"2010-01-27T15:27:33","modified_gmt":"2010-01-27T13:27:33","slug":"dogalgaza-subatta-zam-gelebilir","status":"publish","type":"post","link":"http:\/\/www.korhanyilmaz.com\/?p=18487","title":{"rendered":"Do\u011falgaza \u015fubatta zam gelebilir"},"content":{"rendered":"<p style=\"text-align: center;\"><a href=\"http:\/\/www.korhanyilmaz.com\/wp-content\/uploads\/2010\/01\/DOGALGAZ.jpg\"  class=\"lightview\"><img loading=\"lazy\" decoding=\"async\" class=\"size-full wp-image-18488 aligncenter\" src=\"http:\/\/www.korhanyilmaz.com\/wp-content\/uploads\/2010\/01\/DOGALGAZ.jpg\" alt=\"\" width=\"363\" height=\"211\" \/><\/a><\/p>\n<p style=\"text-align: justify;\">13 ay\u0131n sonunda do\u011falgaz fiyatlar\u0131na zam g\u00fcndemde. \u00c7\u00fcnk\u00fc fiyatlar daha fazla bask\u0131 alt\u0131nda tutulamayacak. Dengeleri korumak i\u00e7in \u015fubat ay\u0131nda do\u011falgaza zam yap\u0131laca\u011f\u0131na kesin g\u00f6z\u00fcyle bak\u0131l\u0131yor. En az\u0131ndan gaz\u0131n ithalat\u0131n yapan BOTA\u015e \u00f6yle istiyor.Yakla\u015f\u0131k y\u00fczde 10-15 zam bekleniyor.<\/p>\n<p style=\"text-align: justify;\">&#8220;A\u00e7\u0131k a\u00e7\u0131k zam var&#8221; demedi ama uzun bir aran\u0131n ard\u0131ndan Ba\u015fbakan Recep Tayyip Erdo\u011fan, ilk defa a\u00e7\u0131k kap\u0131 b\u0131rakt\u0131. Tam 13 ayd\u0131r do\u011falgaz fiyatlar\u0131na zam yap\u0131lmad\u0131. Hatta 2009 y\u0131l\u0131nda zam de\u011fil indirim vard\u0131. <!--more--><\/p>\n<p style=\"text-align: justify;\">Yap\u0131lan indirimin tutar\u0131 dolardaki dalgalanmaya ra\u011fmen toplamda y\u00fczde 38&#8217;e ula\u015ft\u0131.<\/p>\n<p style=\"text-align: justify;\">Ancak do\u011falgaz fiyat\u0131n\u0131 olu\u015fturan iki unsur petrol ve d\u00f6vizdeki hareketlilik art\u0131k fiyatlar\u0131n daha fazla bask\u0131 alt\u0131nda tutulmas\u0131n\u0131 engelliyor.<\/p>\n<p style=\"text-align: justify;\">BOTA\u015e&#8217;\u0131n daha fazla zarar etmemesi i\u00e7in do\u011falgaza \u015fubat ay\u0131nda zam yap\u0131lmas\u0131 bekleniyor.<\/p>\n<p style=\"text-align: justify;\">Yap\u0131lan hesaplamalar y\u00fczde 10-15&#8217;lik zamm\u0131n fiyatlar\u0131 makul bir d\u00fczeye getirebilece\u011fi y\u00f6n\u00fcnde. Ancak zam yap\u0131l\u0131rsa bu elektrik fiyatlar\u0131na da yans\u0131yacak.<\/p>\n<p style=\"text-align: justify;\">\u0130\u015fte bu durum da enflasyon rakamlar\u0131n\u0131 etkileyece\u011fi i\u00e7in hesaplar daha ince elenip s\u0131k dokunarak yap\u0131l\u0131yor. Zam konusunda son karar t\u00fcm bu dengeler g\u00f6z \u00f6n\u00fcne al\u0131narak s\u00f6ylenecek.<\/p>\n<p style=\"text-align: justify;\"><span style=\"color: #888888;\">CNN T\u00dcRK<\/span><\/p>\n","protected":false},"excerpt":{"rendered":"<p style=\"text-align: center;\">\n<p style=\"text-align: justify;\">13 ay\u0131n sonunda do\u011falgaz fiyatlar\u0131na zam g\u00fcndemde. \u00c7\u00fcnk\u00fc fiyatlar daha fazla bask\u0131 alt\u0131nda tutulamayacak. Dengeleri korumak i\u00e7in \u015fubat ay\u0131nda do\u011falgaza zam yap\u0131laca\u011f\u0131na kesin g\u00f6z\u00fcyle bak\u0131l\u0131yor. En az\u0131ndan gaz\u0131n ithalat\u0131n yapan BOTA\u015e \u00f6yle istiyor.Yakla\u015f\u0131k y\u00fczde 10-15 zam bekleniyor.<\/p>\n<p style=\"text-align: justify;\">&#8220;A\u00e7\u0131k a\u00e7\u0131k zam var&#8221; demedi ama uzun bir aran\u0131n ard\u0131ndan Ba\u015fbakan <\/p>\n","protected":false},"author":1,"featured_media":0,"comment_status":"open","ping_status":"closed","sticky":false,"template":"","format":"standard","meta":{"footnotes":""},"categories":[7],"tags":[],"class_list":["post-18487","post","type-post","status-publish","format-standard","hentry","category-ekonomi","odd"],"_links":{"self":[{"href":"http:\/\/www.korhanyilmaz.com\/index.php?rest_route=\/wp\/v2\/posts\/18487","targetHints":{"allow":["GET"]}}],"collection":[{"href":"http:\/\/www.korhanyilmaz.com\/index.php?rest_route=\/wp\/v2\/posts"}],"about":[{"href":"http:\/\/www.korhanyilmaz.com\/index.php?rest_route=\/wp\/v2\/types\/post"}],"author":[{"embeddable":true,"href":"http:\/\/www.korhanyilmaz.com\/index.php?rest_route=\/wp\/v2\/users\/1"}],"replies":[{"embeddable":true,"href":"http:\/\/www.korhanyilmaz.com\/index.php?rest_route=%2Fwp%2Fv2%2Fcomments&post=18487"}],"version-history":[{"count":0,"href":"http:\/\/www.korhanyilmaz.com\/index.php?rest_route=\/wp\/v2\/posts\/18487\/revisions"}],"wp:attachment":[{"href":"http:\/\/www.korhanyilmaz.com\/index.php?rest_route=%2Fwp%2Fv2%2Fmedia&parent=18487"}],"wp:term":[{"taxonomy":"category","embeddable":true,"href":"http:\/\/www.korhanyilmaz.com\/index.php?rest_route=%2Fwp%2Fv2%2Fcategories&post=18487"},{"taxonomy":"post_tag","embeddable":true,"href":"http:\/\/www.korhanyilmaz.com\/index.php?rest_route=%2Fwp%2Fv2%2Ftags&post=18487"}],"curies":[{"name":"wp","href":"https:\/\/api.w.org\/{rel}","templated":true}]}}