{"id":18472,"date":"2010-01-27T15:25:43","date_gmt":"2010-01-27T13:25:43","guid":{"rendered":"http:\/\/www.korhanyilmaz.com\/?p=18472"},"modified":"2010-01-27T15:25:43","modified_gmt":"2010-01-27T13:25:43","slug":"yokten-tartismali-rektor-listesi","status":"publish","type":"post","link":"http:\/\/www.korhanyilmaz.com\/?p=18472","title":{"rendered":"Y\u00d6K&#039;ten tart\u0131\u015fmal\u0131 rekt\u00f6r listesi"},"content":{"rendered":"<p style=\"text-align: center;\"><a href=\"http:\/\/www.korhanyilmaz.com\/wp-content\/uploads\/2010\/01\/YOK1.jpg\"  class=\"lightview\"><img loading=\"lazy\" decoding=\"async\" class=\"size-full wp-image-18479 aligncenter\" src=\"http:\/\/www.korhanyilmaz.com\/wp-content\/uploads\/2010\/01\/YOK1.jpg\" alt=\"\" width=\"307\" height=\"236\" \/><\/a><\/p>\n<p style=\"text-align: justify;\">Yine rekt\u00f6r atamas\u0131, yine bir tart\u0131\u015fma&#8230; Bu kez tepkili olan Abant \u0130zzet Baysal \u00dcniversitesi&#8230; Y\u00fcksek\u00f6\u011fretim Kurulu (Y\u00d6K), \u00fcniversitedeki rekt\u00f6r se\u00e7iminde en \u00e7ok oyu alan ismi K\u00f6\u015fk&#8217;e g\u00f6nderdi\u011fi listenin sonuna koydu. Listenin ba\u015f\u0131nda ise, Y\u00d6K&#8217;te hakk\u0131nda soru\u015fturma y\u00fcr\u00fct\u00fclen bir isim var. <!--more--><\/p>\n<p style=\"text-align: justify;\">Y\u00d6K&#8217;\u00fcn 21 Ocak&#8217;ta rekt\u00f6r atamalar\u0131 i\u00e7in K\u00f6\u015fk&#8217;e g\u00f6nderilmek \u00fczere belirledi\u011fi listede, \u00fcniversitede rekt\u00f6r aday\u0131 olarak en \u00e7ok oy alan isim olan Prof. Dr. Atilla K\u0131l\u0131\u00e7, \u00fc\u00e7\u00fcnc\u00fc s\u0131raya (son s\u0131ra), K\u0131l\u0131\u00e7&#8217;tan 42 oy az alan Prof. Dr. Hayri Co\u015fkun ise birinci s\u0131raya yerle\u015ftirildi.<\/p>\n<div style=\"width: 273px\" class=\"wp-caption alignleft\"><a title=\"Prof. Dr. Atilla K\u0131l\u0131\u00e7\" href=\"..\/wp-content\/uploads\/2010\/01\/AT%C4%B0LLAK%C4%B0L%C4%B0%C3%87.jpg\"><img loading=\"lazy\" decoding=\"async\" class=\"  \" style=\"margin-left: 10px; margin-right: 10px;\" src=\"..\/wp-content\/uploads\/2010\/01\/AT%C4%B0LLAK%C4%B0L%C4%B0%C3%87.jpg\" alt=\"\" width=\"263\" height=\"220\" \/><\/a><p class=\"wp-caption-text\">Prof. Dr. Atilla K\u0131l\u0131\u00e7, Y\u00d6K&#39;\u00fcn listesinde son s\u0131rada<\/p><\/div>\n<p style=\"text-align: justify;\">Y\u00d6K&#8217;\u00fcn listesinde ilk s\u0131raya yerle\u015ftirdi\u011fi Hayri Co\u015fkun hakk\u0131nda yine Y\u00d6K taraf\u0131ndan soru\u015fturma y\u00fcr\u00fct\u00fcl\u00fcyor. Gerek\u00e7e ise, Co\u015fkun&#8217;a profes\u00f6rl\u00fck unvan\u0131 verilmesinde usuls\u00fczl\u00fck oldu\u011fu y\u00f6n\u00fcndeki bir iddia.<\/p>\n<p style=\"text-align: justify;\">Y\u00d6K&#8217;\u00fcn karar\u0131 \u00fcniversitede tepkiye neden oldu, ama bu karar bir yandan da tahmin ediliyordu. \u00d6yle ki; \u00f6ncesinde \u0130zzet Baysal Vakf\u0131 Ba\u015fkan\u0131 Ahmet Baysal, Cumhurba\u015fkan\u0131 Abdullah G\u00fcl&#8217;e bir mektup yazarak endi\u015felerini dile getirdi.<\/p>\n<p style=\"text-align: justify;\">Ahmet Baysal, rekt\u00f6r atamas\u0131nda son noktay\u0131 koyacak olan G\u00fcl&#8217;den \u00fcniversitede yap\u0131lan se\u00e7im sonu\u00e7lar\u0131n\u0131n dikkate al\u0131nmas\u0131n\u0131 istedi ve G\u00fcl&#8217;den randevu talep etti.<\/p>\n<p style=\"text-align: justify;\"><span style=\"text-decoration: underline;\">Randevu talebini kabul etmeyen K\u00f6\u015fk, buna gerek\u00e7e olarak Cumhurba\u015fkan\u0131&#8217;n\u0131n yo\u011fun program\u0131n\u0131 g\u00f6sterdi.<\/span><\/p>\n<p style=\"text-align: justify;\">\u015eimdi g\u00f6zler G\u00fcl&#8217;\u00fcn verece\u011fi kararda.<\/p>\n<p style=\"text-align: justify;\"><span style=\"color: #888888;\">CNN T\u00dcRK<\/span><\/p>\n","protected":false},"excerpt":{"rendered":"<p style=\"text-align: center;\">\n<p style=\"text-align: justify;\">Yine rekt\u00f6r atamas\u0131, yine bir tart\u0131\u015fma&#8230; Bu kez tepkili olan Abant \u0130zzet Baysal \u00dcniversitesi&#8230; Y\u00fcksek\u00f6\u011fretim Kurulu (Y\u00d6K), \u00fcniversitedeki rekt\u00f6r se\u00e7iminde en \u00e7ok oyu alan ismi K\u00f6\u015fk&#8217;e g\u00f6nderdi\u011fi listenin sonuna koydu. Listenin ba\u015f\u0131nda ise, Y\u00d6K&#8217;te hakk\u0131nda soru\u015fturma y\u00fcr\u00fct\u00fclen bir isim var. <\/p>\n","protected":false},"author":1,"featured_media":0,"comment_status":"open","ping_status":"closed","sticky":false,"template":"","format":"standard","meta":{"footnotes":""},"categories":[105],"tags":[222,90,223,224,225,93],"class_list":["post-18472","post","type-post","status-publish","format-standard","hentry","category-gundem","tag-abant-izzet-baysal-universitesi","tag-abdullah-gul","tag-ahmet-baysal","tag-atilla-kilic","tag-hayri-coskun","tag-yok","odd"],"_links":{"self":[{"href":"http:\/\/www.korhanyilmaz.com\/index.php?rest_route=\/wp\/v2\/posts\/18472","targetHints":{"allow":["GET"]}}],"collection":[{"href":"http:\/\/www.korhanyilmaz.com\/index.php?rest_route=\/wp\/v2\/posts"}],"about":[{"href":"http:\/\/www.korhanyilmaz.com\/index.php?rest_route=\/wp\/v2\/types\/post"}],"author":[{"embeddable":true,"href":"http:\/\/www.korhanyilmaz.com\/index.php?rest_route=\/wp\/v2\/users\/1"}],"replies":[{"embeddable":true,"href":"http:\/\/www.korhanyilmaz.com\/index.php?rest_route=%2Fwp%2Fv2%2Fcomments&post=18472"}],"version-history":[{"count":0,"href":"http:\/\/www.korhanyilmaz.com\/index.php?rest_route=\/wp\/v2\/posts\/18472\/revisions"}],"wp:attachment":[{"href":"http:\/\/www.korhanyilmaz.com\/index.php?rest_route=%2Fwp%2Fv2%2Fmedia&parent=18472"}],"wp:term":[{"taxonomy":"category","embeddable":true,"href":"http:\/\/www.korhanyilmaz.com\/index.php?rest_route=%2Fwp%2Fv2%2Fcategories&post=18472"},{"taxonomy":"post_tag","embeddable":true,"href":"http:\/\/www.korhanyilmaz.com\/index.php?rest_route=%2Fwp%2Fv2%2Ftags&post=18472"}],"curies":[{"name":"wp","href":"https:\/\/api.w.org\/{rel}","templated":true}]}}