{"id":18466,"date":"2010-01-27T14:35:36","date_gmt":"2010-01-27T12:35:36","guid":{"rendered":"http:\/\/www.korhanyilmaz.com\/?p=18466"},"modified":"2010-01-27T14:35:36","modified_gmt":"2010-01-27T12:35:36","slug":"erdogandan-ortulu-emasya-mesaji","status":"publish","type":"post","link":"http:\/\/www.korhanyilmaz.com\/?p=18466","title":{"rendered":"Erdo\u011fan&#039;dan \u00f6rt\u00fcl\u00fc EMASYA mesaj\u0131"},"content":{"rendered":"<p style=\"text-align: center;\"><a href=\"http:\/\/www.korhanyilmaz.com\/wp-content\/uploads\/2010\/01\/erdo\u011fan3.jpg\"  class=\"lightview\"><img loading=\"lazy\" decoding=\"async\" class=\"size-full wp-image-18467 aligncenter\" src=\"http:\/\/www.korhanyilmaz.com\/wp-content\/uploads\/2010\/01\/erdo\u011fan3.jpg\" alt=\"\" width=\"307\" height=\"236\" \/><\/a><\/p>\n<p style=\"text-align: justify;\">Ba\u015fbakan Recep Tayyip Erdo\u011fan, Balyoz Darbe Plan\u0131 iddialar\u0131yla g\u00fcndeme gelen EMASYA Protokol\u00fc&#8217;ne ili\u015fkin \u00f6rt\u00fcl\u00fc mesajlar verdi. &#8220;Ne polis, ne asker zevk i\u00e7in operasyon yapabilir mi?&#8221; diyen Erdo\u011fan, &#8220;G\u00fcvenli\u011fin amac\u0131 vatanda\u015f\u0131, bir \u015fehri, bir b\u00f6lgeyi bask\u0131 alt\u0131na almak asla de\u011fildir&#8221; dedi. <!--more--><\/p>\n<p style=\"text-align: justify;\">Ankara&#8217;da yap\u0131lan Valiler Toplant\u0131s\u0131&#8217;nda konu\u015fan Ba\u015fbakan Erdo\u011fan, &#8220;G\u00fcvenlik, vatanda\u015f\u0131n temel hak ve h\u00fcrriyetlerini \u00f6zg\u00fcrce, serbest\u00e7e, rahat\u00e7a kullanmas\u0131 i\u00e7in vard\u0131r. Burada askerimiz var, burada polisimiz var. Nedir g\u00f6revleri? \u0130\u00e7erden ve d\u0131\u015ftan gelecek herhangi bir tehdide kar\u015f\u0131 g\u00fcvenli\u011fi \u00fclkemizde sa\u011flamak, huzuru, refah\u0131 temin etmektir. G\u00fcvenli\u011fin amac\u0131 vatanda\u015f\u0131, bir \u015fehri, bir b\u00f6lgeyi bask\u0131 alt\u0131na almak asla de\u011fildir. Ama bunu bak\u0131yorsunuz, ter\u00f6r \u00f6rg\u00fct\u00fc ne yap\u0131yor? Bu \u015fekilde tan\u0131mlamak istiyor. Ni\u00e7in? Halk\u0131n\u0131n g\u00fcvenlik kurulu\u015flar\u0131na, g\u00fcvenlik te\u015fkilat\u0131na kar\u015f\u0131 sayg\u0131s\u0131n\u0131, g\u00fcvenini zafiyete u\u011fratmak i\u00e7in. Bu oyuna gelmeyece\u011fiz&#8221; dedi.<\/p>\n<p style=\"text-align: justify;\">&#8220;Allah a\u015fk\u0131na, ne polis, ne asker zevk i\u00e7in operasyon yapabilir mi? B\u00f6yle bir \u015fey olur mu?&#8221; diyen Ba\u015fbakan, &#8220;Ama bir yerde halk\u0131n\u0131n refah\u0131n\u0131, huzurunu, oradaki bar\u0131\u015f\u0131 tehdit eden bir yap\u0131 varsa, bu \u00e7etesidir, mafyas\u0131d\u0131r, ter\u00f6r \u00f6rg\u00fct\u00fcd\u00fcr, ne olursa olsun&#8230;Varsa, o zaman g\u00fcvenlik g\u00fc\u00e7lerinin g\u00f6revi nedir? Bunlara kar\u015f\u0131 gerekli olan operasyonu yapmakt\u0131r&#8221; \u015feklinde konu\u015ftu.<\/p>\n<p style=\"text-align: justify;\">Erdo\u011fan, &#8220;Hangi akl\u0131selim sahibi kalk\u0131p da g\u00fcvenlik g\u00fc\u00e7lerine &#8216;silah b\u0131rak\u0131n&#8217; diyebilir mi, der mi? D\u00fcnyan\u0131n neresinde b\u00f6yle bir\u015fey var? O zaman zaten g\u00fcvenlik g\u00fcc\u00fc olmas\u0131na gerek yok&#8221; ifadelerini kulland\u0131.<\/p>\n<p style=\"text-align: justify;\">G\u00fcvenlik ve huzur varsa operasyon olmayaca\u011f\u0131n\u0131 belirten Erdo\u011fan, vatanda\u015f\u0131n\u0131 tehdit olarak g\u00f6ren bir anlay\u0131\u015f\u0131n demokrasi d\u0131\u015f\u0131, \u00e7a\u011fd\u0131\u015f\u0131, insanl\u0131k d\u0131\u015f\u0131 oldu\u011funu belirtti.<\/p>\n<p style=\"text-align: justify;\">&#8220;Var g\u00fcc\u00fcm\u00fczle tehditlerle m\u00fccadele edece\u011fiz. Ter\u00f6rle m\u00fccadelede asla zafiyet kabul etmeyece\u011fiz. Ayn\u0131 azimle devam edecek&#8221; diyen Ba\u015fbakan, &#8220;Ancak demokrasi ve g\u00fcvenlik aras\u0131ndaki hassas \u00e7izgiyi muhafaza etmek de devletin g\u00f6revi. \u0130nsan haklar\u0131ndan taviz vermek, m\u00fccadeleden \u00e7ok ba\u015far\u0131s\u0131zl\u0131k getiririr. Ter\u00f6re istismar alanlar\u0131 tek tek ortadan kald\u0131r\u0131lacak&#8221; ifadesini kulland\u0131.<\/p>\n<p style=\"text-align: justify;\">Kamu G\u00fcvenli\u011fi M\u00fcste\u015farl\u0131\u011f\u0131&#8217;na da de\u011finen Erdo\u011fan, &#8220;Bu operasyonel bir kurulu\u015f de\u011fil. Lojistik imkan haz\u0131rlayacak bir kurulu\u015f. Her t\u00fcrl\u00fc pas\u0131 operasyonel g\u00fc\u00e7lerimize atacak. Bizim bug\u00fcne kadar ter\u00f6r haf\u0131zam\u0131z olu\u015fmam\u0131\u015ft\u0131. Ama bu t\u00fcr m\u00fcste\u015farl\u0131kta A&#8217;dan Z&#8217;ye g\u00fc\u00e7l\u00fc bir imkan yakalayaca\u011f\u0131z. Bu noktada a\u00e7\u0131l\u0131m bize kaybettirmez kazand\u0131r\u0131r. \u0130\u015fte \u015fimdi Parlamentoya getirdi\u011fimiz Kamu G\u00fcvenli\u011fi M\u00fcste\u015farl\u0131\u011f\u0131 ile ilgili olarak yapt\u0131\u011f\u0131m\u0131z haz\u0131rl\u0131k bundand\u0131r&#8221; diye konu\u015ftu.<\/p>\n<p style=\"text-align: justify;\"><strong><em>&#8220;T\u00fcrkiye&#8217;nin kendinden ba\u015fka engeli yoktur&#8221; <\/em><\/strong><\/p>\n<p style=\"text-align: justify;\">Cumhuriyet tarihinde bask\u0131lar\u0131n artt\u0131\u011f\u0131, demokrasiden taviz verildi\u011fi zamanlarda devlet-millet kayna\u015fmas\u0131n\u0131n, ekonominin zarar g\u00f6rd\u00fc\u011f\u00fcn\u00fc belirten Erdo\u011fan, &#8220;Atat\u00fcrk&#8217;\u00fcn hedef koydu\u011fu muass\u0131r medeniyetler seviyesinin \u00fcst\u00fcne \u00e7\u0131kmak, 2023&#8217;te T\u00fcrkiye&#8217;yi d\u00fcnyan\u0131n ilk 10 \u00fclkesi aras\u0131na sokmak istiyoruz.  T\u00fcrkiye&#8217;nin bunu ger\u00e7ekle\u015ftirmek i\u00e7in kendinden ba\u015fka engeli yoktur. Beraber elele verce\u011fiz. Bunu ba\u015faraca\u011f\u0131z&#8221; dedi.<\/p>\n<p style=\"text-align: justify;\">Erdo\u011fan, &#8221;En b\u00fcy\u00fck zenginli\u011fimiz dinamik n\u00fcfusumuz. Bunu daha iyiye g\u00f6t\u00fcrmek bizim elimizde. T\u00fcm sorun alanlar\u0131n\u0131, din olabilir, farkl\u0131 inan\u00e7 olabilir, az\u0131nl\u0131k gruplar\u0131n\u0131n sadece \u00fclkemizde de\u011fil d\u00fcnyadaki yan\u0131smalar\u0131n\u0131 ele alaca\u011f\u0131z&#8221; \u015feklinde konu\u015ftu.<\/p>\n<p style=\"text-align: justify;\">Konu\u015fmas\u0131nda ekonomiye de de\u011finen Erdo\u011fan, &#8220;\u0130\u015fsizlik sadece T\u00fcrkiye&#8217;nin sorunu de\u011fil. ABD&#8217;nin, Japonya&#8217;n\u0131n, Almanya&#8217;n\u0131n Fransa&#8217;n\u0131n da sorunu. Gayret edece\u011fiz, m\u00fccadele edece\u011fiz ve bunu asgariye indirece\u011fiz&#8221; ifadelerini kulland\u0131.<\/p>\n<p style=\"text-align: justify;\">Ba\u015fbakan ayr\u0131ca, &#8220;Ter\u00f6r sorununu minimize edece\u011fiz. Kararl\u0131 bir \u015fekilde ilerleyece\u011fiz. \u00d6n\u00fcm\u00fczdeki s\u00fcre\u00e7te demokratikle\u015fme yolunda tarihi ad\u0131mlar atmaya haz\u0131rlan\u0131yoruz&#8221; dedi.<\/p>\n<p style=\"text-align: justify;\"><span style=\"color: #888888;\">CNN T\u00dcRK<\/span><\/p>\n","protected":false},"excerpt":{"rendered":"<p style=\"text-align: center;\">\n<p style=\"text-align: justify;\">Ba\u015fbakan Recep Tayyip Erdo\u011fan, Balyoz Darbe Plan\u0131 iddialar\u0131yla g\u00fcndeme gelen EMASYA Protokol\u00fc&#8217;ne ili\u015fkin \u00f6rt\u00fcl\u00fc mesajlar verdi. &#8220;Ne polis, ne asker zevk i\u00e7in operasyon yapabilir mi?&#8221; diyen Erdo\u011fan, &#8220;G\u00fcvenli\u011fin amac\u0131 vatanda\u015f\u0131, bir \u015fehri, bir b\u00f6lgeyi bask\u0131 alt\u0131na almak asla de\u011fildir&#8221; dedi. <\/p>\n","protected":false},"author":1,"featured_media":0,"comment_status":"open","ping_status":"closed","sticky":false,"template":"","format":"standard","meta":{"footnotes":""},"categories":[105],"tags":[],"class_list":["post-18466","post","type-post","status-publish","format-standard","hentry","category-gundem","odd"],"_links":{"self":[{"href":"http:\/\/www.korhanyilmaz.com\/index.php?rest_route=\/wp\/v2\/posts\/18466","targetHints":{"allow":["GET"]}}],"collection":[{"href":"http:\/\/www.korhanyilmaz.com\/index.php?rest_route=\/wp\/v2\/posts"}],"about":[{"href":"http:\/\/www.korhanyilmaz.com\/index.php?rest_route=\/wp\/v2\/types\/post"}],"author":[{"embeddable":true,"href":"http:\/\/www.korhanyilmaz.com\/index.php?rest_route=\/wp\/v2\/users\/1"}],"replies":[{"embeddable":true,"href":"http:\/\/www.korhanyilmaz.com\/index.php?rest_route=%2Fwp%2Fv2%2Fcomments&post=18466"}],"version-history":[{"count":0,"href":"http:\/\/www.korhanyilmaz.com\/index.php?rest_route=\/wp\/v2\/posts\/18466\/revisions"}],"wp:attachment":[{"href":"http:\/\/www.korhanyilmaz.com\/index.php?rest_route=%2Fwp%2Fv2%2Fmedia&parent=18466"}],"wp:term":[{"taxonomy":"category","embeddable":true,"href":"http:\/\/www.korhanyilmaz.com\/index.php?rest_route=%2Fwp%2Fv2%2Fcategories&post=18466"},{"taxonomy":"post_tag","embeddable":true,"href":"http:\/\/www.korhanyilmaz.com\/index.php?rest_route=%2Fwp%2Fv2%2Ftags&post=18466"}],"curies":[{"name":"wp","href":"https:\/\/api.w.org\/{rel}","templated":true}]}}